{"id":87466,"date":"2016-05-20T19:04:15","date_gmt":"2016-05-20T22:04:15","guid":{"rendered":"http:\/\/aconteceunovale.com.br\/portal\/?p=87466"},"modified":"2016-05-20T19:04:15","modified_gmt":"2016-05-20T22:04:15","slug":"capotamento-de-caminhao-deixa-tres-pessoas-feridas-no-norte-de-minas","status":"publish","type":"post","link":"https:\/\/aconteceunovale.com.br\/portal\/?p=87466","title":{"rendered":"Capotamento de caminh\u00e3o deixa tr\u00eas pessoas feridas no Norte de Minas"},"content":{"rendered":"<p>Tr\u00eas pessoas ficaram feridas em um acidente na tarde desta sexta-feira, 20 de maio, na altura do quil\u00f4metro 63 da MG-122, na regi\u00e3o Norte de Minas. Um caminh\u00e3o capotou no trecho da estrada conhecido por \u201ccurva da morte\u201d, que fica h\u00e1 seis quil\u00f4metros de Mato Verde. Duas pessoas foram arremessadas para fora do ve\u00edculo.<\/p>\n<p>As v\u00edtimas sofreram cortes na cabe\u00e7a e foram socorridas por pessoas que passavam pelo local. O motorista, C.A.S.S, de 33 anos, que ficou dentro do caminh\u00e3o, foi socorrido pelo SAMU. O condutor alegou ter perdido o controle do ve\u00edculo quando passava pela curva e atravessou para o lado contr\u00e1rio da pista durante o capotamento.<\/p>\n<p>Ainda de acordo com informa\u00e7\u00f5es do SAMU, as v\u00edtimas socorridas por terceiros foram encaminhadas ao Hospital de Mato Verde e passam bem. O motorista, que recebeu atendimentos no local, tamb\u00e9m n\u00e3o teve ferimentos graves.<\/p>\n<p><img decoding=\"async\" src=\"http:\/\/aconteceunovale.com.br\/portal\/wp-content\/uploads\/2016\/05\/acidente_mato_verde_2.jpg\" alt=\"\" \/><em>Caminh\u00e3o capotou na MG-122, pr\u00f3ximo a Mato Verde (Foto: Divulga\u00e7\u00e3o\/SAMU)<\/em><br \/>\n<\/br><\/p>\n<p><img decoding=\"async\" src=\"http:\/\/aconteceunovale.com.br\/portal\/wp-content\/uploads\/2016\/05\/acidente_mato_verde_1.jpg\" alt=\"\" \/><em>Caminh\u00e3o capotou na MG-122, pr\u00f3ximo a Mato Verde (Foto: Divulga\u00e7\u00e3o\/SAMU)<\/em><br \/>\n<\/br><\/p>\n<p><em>(G1 Grande Minas)<\/em><\/p>\n","protected":false},"excerpt":{"rendered":"<p>Tr\u00eas pessoas ficaram feridas em um acidente na tarde desta sexta-feira, 20 de maio, na altura do quil\u00f4metro 63 da MG-122, na regi\u00e3o Norte de Minas. Um caminh\u00e3o capotou no trecho da estrada conhecido por \u201ccurva da morte\u201d, que fica h\u00e1 seis quil\u00f4metros de Mato Verde. Duas pessoas foram arremessadas para fora do ve\u00edculo. As [&hellip;]<\/p>\n","protected":false},"author":1,"featured_media":87468,"comment_status":"open","ping_status":"closed","sticky":false,"template":"","format":"standard","meta":{"amp_status":"","footnotes":""},"categories":[1236],"tags":[417,95587,95586,95585,95589,95590,95588,1018,1195],"class_list":["post-87466","post","type-post","status-publish","format-standard","has-post-thumbnail","hentry","category-norte_de_minas","tag-acidente-na-lmg-629-deixa-vitima-fatal","tag-acidente-na-mg-122-no-norte-de-minas","tag-acidente-na-mg-122-perto-de-mato-verde","tag-acidente-perto-de-mato-verde","tag-capotamento-de-caminhao-deixa-tres-pessoas-feridas-em-mato-verde","tag-capotamento-de-caminhao-deixa-tres-pessoas-feridas-na-mg-122","tag-capotamento-de-caminhao-deixa-tres-pessoas-feridas-no-norte-de-minas","tag-destaque","tag-mato-verde"],"_links":{"self":[{"href":"https:\/\/aconteceunovale.com.br\/portal\/index.php?rest_route=\/wp\/v2\/posts\/87466","targetHints":{"allow":["GET"]}}],"collection":[{"href":"https:\/\/aconteceunovale.com.br\/portal\/index.php?rest_route=\/wp\/v2\/posts"}],"about":[{"href":"https:\/\/aconteceunovale.com.br\/portal\/index.php?rest_route=\/wp\/v2\/types\/post"}],"author":[{"embeddable":true,"href":"https:\/\/aconteceunovale.com.br\/portal\/index.php?rest_route=\/wp\/v2\/users\/1"}],"replies":[{"embeddable":true,"href":"https:\/\/aconteceunovale.com.br\/portal\/index.php?rest_route=%2Fwp%2Fv2%2Fcomments&post=87466"}],"version-history":[{"count":0,"href":"https:\/\/aconteceunovale.com.br\/portal\/index.php?rest_route=\/wp\/v2\/posts\/87466\/revisions"}],"wp:featuredmedia":[{"embeddable":true,"href":"https:\/\/aconteceunovale.com.br\/portal\/index.php?rest_route=\/wp\/v2\/media\/87468"}],"wp:attachment":[{"href":"https:\/\/aconteceunovale.com.br\/portal\/index.php?rest_route=%2Fwp%2Fv2%2Fmedia&parent=87466"}],"wp:term":[{"taxonomy":"category","embeddable":true,"href":"https:\/\/aconteceunovale.com.br\/portal\/index.php?rest_route=%2Fwp%2Fv2%2Fcategories&post=87466"},{"taxonomy":"post_tag","embeddable":true,"href":"https:\/\/aconteceunovale.com.br\/portal\/index.php?rest_route=%2Fwp%2Fv2%2Ftags&post=87466"}],"curies":[{"name":"wp","href":"https:\/\/api.w.org\/{rel}","templated":true}]}}