{"id":87384,"date":"2016-05-19T17:25:37","date_gmt":"2016-05-19T20:25:37","guid":{"rendered":"http:\/\/aconteceunovale.com.br\/portal\/?p=87384"},"modified":"2016-05-19T17:25:37","modified_gmt":"2016-05-19T20:25:37","slug":"dom-darci-jose-nicioli-toma-posse-em-diamantina-neste-domingo","status":"publish","type":"post","link":"https:\/\/aconteceunovale.com.br\/portal\/?p=87384","title":{"rendered":"Dom Darci Jos\u00e9 Nicioli toma posse em Diamantina neste domingo"},"content":{"rendered":"<p>Dom Darci Jos\u00e9 Nicioli, que ficou conhecido por falar de &#8216;jararacas&#8217; durante missa no Santu\u00e1rio Nacional de Aparecida, se referindo a um discurso do ex-presidente Lula, toma posse neste domingo (22\/5) como novo arcebispo metropolitano de Diamantina, no Vale do Jequitinhonha.<\/p>\n<p>Em cerim\u00f4nia aberta ao p\u00fablico na Catedral Metropolitana de Diamantina, \u00e0s 15h30, ele assume o posto deixado por Dom Jo\u00e3o Bosco, que se aposenta aos 75 anos. O novo arcebispo vai comandar 34 par\u00f3quias, incluindo o Serro.<\/p>\n<p>Dom Darci \u00e9 mineiro de Jacutinga, tem 57 anos e foi ordenado sacerdote em 1986. Se tornou bispo em 3 de fevereiro de 2013. No per\u00edodo de 2009 a 2013, exerceu fun\u00e7\u00e3o de superior e reitor do Santu\u00e1rio Nacional de Aparecida e vig\u00e1rio geral da prov\u00edncia Redentorista de S\u00e3o Paulo (2013-2014).<\/p>\n<p>Ele \u00e9 mestre em teologia pelo Pontif\u00edcio Ateneo St. Anselmo de Roma e tem como lema episcopal \u201cQue a tua luz brilhe\u201d. Durante a 53\u00aa Assembleia Geral da CNBB, em abril de 2015, foi nomeado presidente da Comiss\u00e3o Episcopal Pastoral para a Comunica\u00e7\u00e3o para o quadri\u00eanio (2015-2019).<\/p>\n<p><img decoding=\"async\" src=\"http:\/\/aconteceunovale.com.br\/portal\/wp-content\/uploads\/2016\/03\/bispo_diamantina.jpg\" alt=\"\" \/><em>Dom Darci Jos\u00e9 Nicioli (foto: CNBB \/ Divulga\u00e7\u00e3o)<\/em><br \/>\n<\/br><\/p>\n<p><strong>Pol\u00eamica<\/strong><\/p>\n<p>Em mar\u00e7o, durante uma missa no Santu\u00e1rio Nacional de Aparecida, em S\u00e3o Paulo, o bispo n\u00e3o citou o nome de Lula, mas orientou os fi\u00e9is a vencer o mal \u201cdaqueles que se autodenominam jararacas\u201d. \u201cPe\u00e7a, meu irm\u00e3o e minha irm\u00e3, a gra\u00e7a de pisar a cabe\u00e7a da serpente, de todas as v\u00edboras, que insistem e persistem em nossa vida, daqueles que se autodenominam jararacas. Pisar a cabe\u00e7a da serpente, vencer o mal pelo bem\u201d, disse o religioso na homilia. A fala do bispo gerou pol\u00eamica. Veja o v\u00eddeo:<\/p>\n<p><iframe loading=\"lazy\" width=\"640\" height=\"360\" src=\"https:\/\/www.youtube.com\/embed\/wOMYGq8brE8\" frameborder=\"0\" allowfullscreen><\/iframe><br \/>\n<\/br><\/p>\n<p><em>(Fonte: Estado de Minas)<\/em><\/p>\n","protected":false},"excerpt":{"rendered":"<p>Dom Darci Jos\u00e9 Nicioli, que ficou conhecido por falar de &#8216;jararacas&#8217; durante missa no Santu\u00e1rio Nacional de Aparecida, se referindo a um discurso do ex-presidente Lula, toma posse neste domingo (22\/5) como novo arcebispo metropolitano de Diamantina, no Vale do Jequitinhonha. Em cerim\u00f4nia aberta ao p\u00fablico na Catedral Metropolitana de Diamantina, \u00e0s 15h30, ele assume [&hellip;]<\/p>\n","protected":false},"author":1,"featured_media":81192,"comment_status":"open","ping_status":"closed","sticky":false,"template":"","format":"standard","meta":{"amp_status":"","footnotes":""},"categories":[120],"tags":[81689,81692,81687,1018,198,81686,95441,90516,848,81691,14124,81688,946,81690],"class_list":["post-87384","post","type-post","status-publish","format-standard","has-post-thumbnail","hentry","category-jequi","tag-arcebispo-metropolitano-de-diamantina","tag-bispo-que-fez-comentario-polemico-apos-discurso-de-lula-e-nomeado-para-a-arquidiocese-de-diamantina","tag-darci-jose-nicioli","tag-destaque","tag-diamantina","tag-dom-darci-jose-nicioli","tag-dom-darci-jose-nicioli-toma-posse-em-diamantina-neste-domingo","tag-dom-darci-jose-nicioli-toma-posse-em-maio-em-diamantina","tag-jacutinga","tag-joao-bosco-oliver-de-faria","tag-luiz-inacio-lula-da-silva","tag-novo-arcebispo-metropolitano-de-diamantina","tag-papa-francisco","tag-vencer-o-mal-das-jararacas"],"_links":{"self":[{"href":"https:\/\/aconteceunovale.com.br\/portal\/index.php?rest_route=\/wp\/v2\/posts\/87384","targetHints":{"allow":["GET"]}}],"collection":[{"href":"https:\/\/aconteceunovale.com.br\/portal\/index.php?rest_route=\/wp\/v2\/posts"}],"about":[{"href":"https:\/\/aconteceunovale.com.br\/portal\/index.php?rest_route=\/wp\/v2\/types\/post"}],"author":[{"embeddable":true,"href":"https:\/\/aconteceunovale.com.br\/portal\/index.php?rest_route=\/wp\/v2\/users\/1"}],"replies":[{"embeddable":true,"href":"https:\/\/aconteceunovale.com.br\/portal\/index.php?rest_route=%2Fwp%2Fv2%2Fcomments&post=87384"}],"version-history":[{"count":0,"href":"https:\/\/aconteceunovale.com.br\/portal\/index.php?rest_route=\/wp\/v2\/posts\/87384\/revisions"}],"wp:featuredmedia":[{"embeddable":true,"href":"https:\/\/aconteceunovale.com.br\/portal\/index.php?rest_route=\/wp\/v2\/media\/81192"}],"wp:attachment":[{"href":"https:\/\/aconteceunovale.com.br\/portal\/index.php?rest_route=%2Fwp%2Fv2%2Fmedia&parent=87384"}],"wp:term":[{"taxonomy":"category","embeddable":true,"href":"https:\/\/aconteceunovale.com.br\/portal\/index.php?rest_route=%2Fwp%2Fv2%2Fcategories&post=87384"},{"taxonomy":"post_tag","embeddable":true,"href":"https:\/\/aconteceunovale.com.br\/portal\/index.php?rest_route=%2Fwp%2Fv2%2Ftags&post=87384"}],"curies":[{"name":"wp","href":"https:\/\/api.w.org\/{rel}","templated":true}]}}