{"id":87379,"date":"2016-05-19T17:08:30","date_gmt":"2016-05-19T20:08:30","guid":{"rendered":"http:\/\/aconteceunovale.com.br\/portal\/?p=87379"},"modified":"2016-05-19T17:08:30","modified_gmt":"2016-05-19T20:08:30","slug":"campanha-nacional-de-vacinacao-contra-a-gripe-sera-encerrada-nesta-sexta","status":"publish","type":"post","link":"https:\/\/aconteceunovale.com.br\/portal\/?p=87379","title":{"rendered":"Campanha Nacional de Vacina\u00e7\u00e3o contra a Gripe ser\u00e1 encerrada nesta sexta"},"content":{"rendered":"<p>A Campanha Nacional de Vacina\u00e7\u00e3o contra a Gripe ser\u00e1 encerrada amanh\u00e3 (20\/5). Devem receber a dose crian\u00e7as com idade entre 6 meses e menores de 5 anos, gestantes, idosos, mulheres com at\u00e9 45 dias ap\u00f3s o parto, pessoas com doen\u00e7as cr\u00f4nicas e profissionais de sa\u00fade. Povos ind\u00edgenas, pessoas privadas de liberdade e funcion\u00e1rios do sistema prisional tamb\u00e9m devem ser imunizados.<\/p>\n<p>Dados do Minist\u00e9rio da Sa\u00fade mostram que j\u00e1 foram vacinados, at\u00e9 o momento, 35,4 milh\u00f5es de brasileiros. O n\u00famero representa 71% do p\u00fablico-alvo, formado por 49,8 milh\u00f5es de pessoas consideradas mais vulner\u00e1veis para complica\u00e7\u00f5es provocadas pela gripe. A meta \u00e9 imunizar pelo menos 80% desse grupo.<\/p>\n<p>Ainda de acordo com o balan\u00e7o, o Paran\u00e1 (85,2%), S\u00e3o Paulo (85%), o Amap\u00e1 (81,7%), Esp\u00edrito Santo (81,2%) e o Distrito Federal (80,9%) j\u00e1 atingiram a meta de vacina\u00e7\u00e3o para este ano. Mais quatro estados alcan\u00e7aram boa cobertura vacinal at\u00e9 o momento: Santa Catarina (79,1%), Rond\u00f4nia (77,1%), Rio Grande do Sul (76,5%) e Goi\u00e1s (74%).<\/p>\n<p>At\u00e9 agora, a Regi\u00e3o Sul apresentou o melhor desempenho (80,1%), seguida pelo Sudeste (76,2%), o Centro-Oeste (67%); Norte (63,8%) e Nordeste (58,4%). Entre os grupos priorit\u00e1rios, os profissionais de sa\u00fade registram a maior cobertura \u2013 3,5 milh\u00f5es de doses aplicadas, o que representa 86,5% dos profissionais a serem vacinados. Em seguida, est\u00e3o as pu\u00e9rperas &#8211; que acabou de dar \u00e0 luz (79,4%); os idosos (72,9%); as crian\u00e7as de 6 meses a menores de 5 anos (66,5%) e as gestantes (56,6%).<\/p>\n<p>Os dados do minist\u00e9rio mostram ainda que, at\u00e9 o dia 9 de maio, foram registrados 2.808 casos de gripe de todos os tipos no Brasil. Desse total, 2.375 pelo v\u00edrus H1N1, sendo que 470 pacientes morreram em decorr\u00eancia da doen\u00e7a.<\/p>\n<p>A Regi\u00e3o Sudeste concentra o maior n\u00famero de casos de infec\u00e7\u00e3o por H1N1 (1.381), sendo 1.209 no estado de S\u00e3o Paulo. Outros estados que registraram casos este ano foram: Rio Grande do Sul (198); Paran\u00e1 (165); Goi\u00e1s (153); Santa Catarina (102); Par\u00e1 (101); Rio de Janeiro (70); Bahia (67); Distrito Federal (63); Para\u00edba (12); Alagoas (12); Rio Grande do Norte (11); Mato Grosso (7); Amap\u00e1 (2); Rond\u00f4nia (1); Roraima (1); Maranh\u00e3o (1); Piau\u00ed (1) e Sergipe (1).<\/p>\n<p>Com rela\u00e7\u00e3o ao n\u00famero de mortes, S\u00e3o Paulo teve 223, seguido pelo Rio Grande do Sul (39); por Goi\u00e1s (26); pelo Paran\u00e1 (24); Rio de Janeiro (23); por Santa Catarina (21); pelo Par\u00e1 (16); Bahia (15); por Minas Gerais (14); pelo Esp\u00edrito Santo (14); por Pernambuco (10); Mato Grosso do Sul (9); pela Para\u00edba (8); pelo Cear\u00e1 (6); Distrito Federal (6); Rio Grande do Norte (5); por Mato Grosso (4); Alagoas (2); pelo Amap\u00e1 (2) e o Maranh\u00e3o (1). <\/p>\n<p>(Ag\u00eancia Brasil)<\/p>\n","protected":false},"excerpt":{"rendered":"<p>A Campanha Nacional de Vacina\u00e7\u00e3o contra a Gripe ser\u00e1 encerrada amanh\u00e3 (20\/5). Devem receber a dose crian\u00e7as com idade entre 6 meses e menores de 5 anos, gestantes, idosos, mulheres com at\u00e9 45 dias ap\u00f3s o parto, pessoas com doen\u00e7as cr\u00f4nicas e profissionais de sa\u00fade. Povos ind\u00edgenas, pessoas privadas de liberdade e funcion\u00e1rios do sistema [&hellip;]<\/p>\n","protected":false},"author":1,"featured_media":59681,"comment_status":"open","ping_status":"closed","sticky":false,"template":"","format":"standard","meta":{"amp_status":"","footnotes":""},"categories":[6,40242],"tags":[15623,95432,95428,95429,95427,47658,43373,77997,22284,43700,95430,95431],"class_list":["post-87379","post","type-post","status-publish","format-standard","has-post-thumbnail","hentry","category-br","category-saude-2","tag-campanha","tag-campanha-de-vacinacao-contra-h1n1","tag-campanha-nacional-de-vacinacao-contra-a-gripe","tag-campanha-nacional-de-vacinacao-contra-a-gripe-2016","tag-campanha-nacional-de-vacinacao-contra-a-gripe-sera-encerrada-nesta-sexta","tag-encerramento","tag-gripe","tag-h1n1","tag-vacinacao","tag-vacinacao-contra-a-gripe","tag-vacinacao-contra-a-gripe-em-2016","tag-vacinacao-contra-h1n1"],"_links":{"self":[{"href":"https:\/\/aconteceunovale.com.br\/portal\/index.php?rest_route=\/wp\/v2\/posts\/87379","targetHints":{"allow":["GET"]}}],"collection":[{"href":"https:\/\/aconteceunovale.com.br\/portal\/index.php?rest_route=\/wp\/v2\/posts"}],"about":[{"href":"https:\/\/aconteceunovale.com.br\/portal\/index.php?rest_route=\/wp\/v2\/types\/post"}],"author":[{"embeddable":true,"href":"https:\/\/aconteceunovale.com.br\/portal\/index.php?rest_route=\/wp\/v2\/users\/1"}],"replies":[{"embeddable":true,"href":"https:\/\/aconteceunovale.com.br\/portal\/index.php?rest_route=%2Fwp%2Fv2%2Fcomments&post=87379"}],"version-history":[{"count":0,"href":"https:\/\/aconteceunovale.com.br\/portal\/index.php?rest_route=\/wp\/v2\/posts\/87379\/revisions"}],"wp:featuredmedia":[{"embeddable":true,"href":"https:\/\/aconteceunovale.com.br\/portal\/index.php?rest_route=\/wp\/v2\/media\/59681"}],"wp:attachment":[{"href":"https:\/\/aconteceunovale.com.br\/portal\/index.php?rest_route=%2Fwp%2Fv2%2Fmedia&parent=87379"}],"wp:term":[{"taxonomy":"category","embeddable":true,"href":"https:\/\/aconteceunovale.com.br\/portal\/index.php?rest_route=%2Fwp%2Fv2%2Fcategories&post=87379"},{"taxonomy":"post_tag","embeddable":true,"href":"https:\/\/aconteceunovale.com.br\/portal\/index.php?rest_route=%2Fwp%2Fv2%2Ftags&post=87379"}],"curies":[{"name":"wp","href":"https:\/\/api.w.org\/{rel}","templated":true}]}}