{"id":87295,"date":"2016-05-18T18:49:09","date_gmt":"2016-05-18T21:49:09","guid":{"rendered":"http:\/\/aconteceunovale.com.br\/portal\/?p=87295"},"modified":"2016-05-18T18:49:09","modified_gmt":"2016-05-18T21:49:09","slug":"semana-nacional-de-museus-tem-programacao-em-montes-claros","status":"publish","type":"post","link":"https:\/\/aconteceunovale.com.br\/portal\/?p=87295","title":{"rendered":"Semana Nacional de Museus tem programa\u00e7\u00e3o em Montes Claros"},"content":{"rendered":"<p>O Museu Regional do Norte de Minas, vinculado \u00e0 Universidade Estadual de Montes Claros (Unimontes), ter\u00e1 uma programa\u00e7\u00e3o especial entre os dias 18 e 22 deste m\u00eas. A s\u00e9rie de atividades, como exposi\u00e7\u00f5es, mesas redondas e palestras, faz parte da 14\u00aa Semana Nacional de Museus, que neste ano tem como tema \u201cMuseus e Paisagens Culturais\u201d. O Museu Regional funciona no antigo Casar\u00e3o da Fafil, que fica no Centro Hist\u00f3rico de Montes Claros. Professores, pesquisadores, estudantes e interessados podem visitar as exposi\u00e7\u00f5es, que funcionam das 8 \u00e0s 17h30.<\/p>\n<p>De acordo com os organizador, os visitantes do Museu poder\u00e3o conferir tr\u00eas exposi\u00e7\u00f5es simult\u00e2neas: \u201cDa Janela para o Mundo\u201d, com a curadoria de Celina Lage e Jade Liz; \u201cPaisagens e suas Narrativas Culturais e Hist\u00f3ricas atrav\u00e9s da Arte\u201d, que tem como curadoras Karine Rodrigues Dias e Maria Clarice Rodrigues de Souza; outra exposi\u00e7\u00e3o \u00e9 intitulada \u201cOlhar a Beleza requer a Beleza do Olhar: um Novo Olhar nos faz Perceber a Riqueza dos Detalhes\u201d, com a curadoria da professora e fot\u00f3grafa \u00c2ngela Martins Ferreira. \u00c0s 19h30m, acontece a mesa redonda \u201cArquitetura: Urbanismo e Paisagens Culturais\u201d, com a participa\u00e7\u00e3o de professores especialistas na \u00e1rea.<\/p>\n<p>Na quinta-feira (19), \u00e0s 19h30, o professor J\u00e2nio Marques Dias, do Departamento de Hist\u00f3ria da Unimontes e diretor de Documenta\u00e7\u00e3o e Informa\u00e7\u00f5es (DDI), ministrar\u00e1 a palestra \u201cPaisagens e Lugares de Hist\u00f3ria e Mem\u00f3ria da Cidade de Montes Claros\u201d. A programa\u00e7\u00e3o prev\u00ea ainda para a sexta (20), \u00e0s 19h30, a exibi\u00e7\u00e3o de filme dentro do Projeto \u201cCinema Comentado\u201d.<\/p>\n<p>Para saber mais sobre a 14\u00aa Semana Nacional de Museus em Montes Claros, ou sobre a programa\u00e7\u00e3o de exposi\u00e7\u00f5es, palestras, filmes, mesa redonda e debates, os telefones para informa\u00e7\u00f5es s\u00e3o (38) 3229-8590 e 3229-8590. O endere\u00e7o do Casar\u00e3o da Fafil \u00e9 Rua Coronel Celestino, n\u00ba 75, Centro de Montes Claros.<\/p>\n<p><img decoding=\"async\" src=\"http:\/\/aconteceunovale.com.br\/portal\/wp-content\/uploads\/2016\/05\/museu_moc.jpg\" alt=\"\" \/><em>Museu Regional do Norte de Minas (Foto: F\u00e1bio Mar\u00e7al\/Prefeitura de Montes Claros)<\/em><br \/>\n<\/br><\/p>\n<p><em>(G1 Grande Minas)<\/em><\/p>\n","protected":false},"excerpt":{"rendered":"<p>O Museu Regional do Norte de Minas, vinculado \u00e0 Universidade Estadual de Montes Claros (Unimontes), ter\u00e1 uma programa\u00e7\u00e3o especial entre os dias 18 e 22 deste m\u00eas. A s\u00e9rie de atividades, como exposi\u00e7\u00f5es, mesas redondas e palestras, faz parte da 14\u00aa Semana Nacional de Museus, que neste ano tem como tema \u201cMuseus e Paisagens Culturais\u201d. [&hellip;]<\/p>\n","protected":false},"author":1,"featured_media":87297,"comment_status":"open","ping_status":"closed","sticky":false,"template":"","format":"standard","meta":{"amp_status":"","footnotes":""},"categories":[125,1236],"tags":[95198,95199,95195,210,2768,95197,95196,763,18174],"class_list":["post-87295","post","type-post","status-publish","format-standard","has-post-thumbnail","hentry","category-noticias","category-norte_de_minas","tag-14a-semana-nacional-de-museus","tag-14a-semana-nacional-de-museus-em-montes-claros","tag-danilo-moreira-brandao","tag-montes-claros","tag-museu-regional-do-norte-de-minas","tag-semana-nacional-de-museus-em-montes-claros","tag-semana-nacional-de-museus-tem-programacao-em-montes-claros","tag-unimontes","tag-universidade-estadual-de-montes-claros"],"_links":{"self":[{"href":"https:\/\/aconteceunovale.com.br\/portal\/index.php?rest_route=\/wp\/v2\/posts\/87295","targetHints":{"allow":["GET"]}}],"collection":[{"href":"https:\/\/aconteceunovale.com.br\/portal\/index.php?rest_route=\/wp\/v2\/posts"}],"about":[{"href":"https:\/\/aconteceunovale.com.br\/portal\/index.php?rest_route=\/wp\/v2\/types\/post"}],"author":[{"embeddable":true,"href":"https:\/\/aconteceunovale.com.br\/portal\/index.php?rest_route=\/wp\/v2\/users\/1"}],"replies":[{"embeddable":true,"href":"https:\/\/aconteceunovale.com.br\/portal\/index.php?rest_route=%2Fwp%2Fv2%2Fcomments&post=87295"}],"version-history":[{"count":0,"href":"https:\/\/aconteceunovale.com.br\/portal\/index.php?rest_route=\/wp\/v2\/posts\/87295\/revisions"}],"wp:featuredmedia":[{"embeddable":true,"href":"https:\/\/aconteceunovale.com.br\/portal\/index.php?rest_route=\/wp\/v2\/media\/87297"}],"wp:attachment":[{"href":"https:\/\/aconteceunovale.com.br\/portal\/index.php?rest_route=%2Fwp%2Fv2%2Fmedia&parent=87295"}],"wp:term":[{"taxonomy":"category","embeddable":true,"href":"https:\/\/aconteceunovale.com.br\/portal\/index.php?rest_route=%2Fwp%2Fv2%2Fcategories&post=87295"},{"taxonomy":"post_tag","embeddable":true,"href":"https:\/\/aconteceunovale.com.br\/portal\/index.php?rest_route=%2Fwp%2Fv2%2Ftags&post=87295"}],"curies":[{"name":"wp","href":"https:\/\/api.w.org\/{rel}","templated":true}]}}