{"id":87292,"date":"2016-05-18T18:37:10","date_gmt":"2016-05-18T21:37:10","guid":{"rendered":"http:\/\/aconteceunovale.com.br\/portal\/?p=87292"},"modified":"2016-05-18T21:05:56","modified_gmt":"2016-05-19T00:05:56","slug":"vereador-afastado-e-preso-por-alugar-caminhao-de-associacao-em-espinosa-no-norte-de-minas","status":"publish","type":"post","link":"https:\/\/aconteceunovale.com.br\/portal\/?p=87292","title":{"rendered":"Vereador afastado \u00e9 preso por alugar caminh\u00e3o de associa\u00e7\u00e3o em Espinosa, no Norte de Minas"},"content":{"rendered":"<p>A Pol\u00edcia Civil prendeu na manh\u00e3 dessa ter\u00e7a-feira (17\/5) o vereador Gilberto Rocha Rodrigues, em Espinosa, no Norte de Minas. De acordo o delegado respons\u00e1vel pelo caso, Herivelton Ruas Santana, o pol\u00edtico \u00e9 acusado de alugar um caminh\u00e3o-pipa de uma associa\u00e7\u00e3o rural para uma empresa particular.<\/p>\n<p>Gilberto Rocha foi encontrado em casa, no povoado de Itamirim, zona rural do munic\u00edpio. Um mandado de pris\u00e3o preventiva foi expedido pela justi\u00e7a ap\u00f3s a conclus\u00e3o do inqu\u00e9rito. \u201cO caminh\u00e3o estava locado por cerca de R$ 8 mil para uma empresa em Montes Claros. A investiga\u00e7\u00e3o provou que ele recebia por esta loca\u00e7\u00e3o\u201d, diz o delegado Herivelton Ruas Santana.<\/p>\n<p>Durante a investiga\u00e7\u00e3o o delegado colheu depoimento do vereador, que chegou a alegar que os valores recebidos estrariam sendo revestidos na reforma do caminh\u00e3o; tese que n\u00e3o convenceu a Pol\u00edcia Civil.<\/p>\n<p>O ve\u00edculo foi apreendido em outra opera\u00e7\u00e3o da Pol\u00edcia Civil, em fevereiro deste ano. O ve\u00edculo foi uma doa\u00e7\u00e3o da Codevasf. Na \u00e9poca a companhia disse ter conhecimento dos fatos da den\u00fancia de uso irregular do bem doado e que auxiliou nas investiga\u00e7\u00f5es da pol\u00edcia.<\/p>\n<p>Segundo o delegado, o vereador est\u00e1 afastado da C\u00e2mara de Vereadores por suspeita de fraudes em licita\u00e7\u00f5es. \u201cDevido o hist\u00f3rico dele, a Justi\u00e7a entendeu que ele poderia continuar a praticar este tipo de crime. Assim, ele ir\u00e1 responder ao processo preso\u201d, diz o delegado.<\/p>\n<p>Gilberto Rocha foi levado para a Cadeia P\u00fablica de Espinosa.<\/p>\n<p><img decoding=\"async\" src=\"http:\/\/aconteceunovale.com.br\/portal\/wp-content\/uploads\/2016\/05\/caminhao_espinosa.jpg\" alt=\"\" \/><em>Caminh\u00e3o-pipa apreendido pela PC em fevereiro (Foto: Divulga\u00e7\u00e3o Pol\u00edcia Civil)<\/em><br \/>\n<\/br><\/p>\n<p><em>(Fonte: G1 Grande Minas \/ Rep\u00f3rter: Valdivan Veloso)<\/em><\/p>\n","protected":false},"excerpt":{"rendered":"<p>A Pol\u00edcia Civil prendeu na manh\u00e3 dessa ter\u00e7a-feira (17\/5) o vereador Gilberto Rocha Rodrigues, em Espinosa, no Norte de Minas. De acordo o delegado respons\u00e1vel pelo caso, Herivelton Ruas Santana, o pol\u00edtico \u00e9 acusado de alugar um caminh\u00e3o-pipa de uma associa\u00e7\u00e3o rural para uma empresa particular. Gilberto Rocha foi encontrado em casa, no povoado de [&hellip;]<\/p>\n","protected":false},"author":1,"featured_media":87293,"comment_status":"open","ping_status":"closed","sticky":false,"template":"","format":"standard","meta":{"amp_status":"","footnotes":""},"categories":[1236,40240],"tags":[1018,1278,77709,23747,77711,95192,95194,95190,95193,95191],"class_list":["post-87292","post","type-post","status-publish","format-standard","has-post-thumbnail","hentry","category-norte_de_minas","category-politica-2","tag-destaque","tag-espinosa","tag-gilberto-rocha-rodrigues","tag-herivelton-ruas-santana","tag-itamirim","tag-prisao-de-vereador-em-espinosa","tag-prisao-do-vereador-gilberto-rocha-rodrigues","tag-vereador-afastado-e-preso-por-alugar-caminhao-de-associacao-em-espinosa","tag-vereador-gilberto-rocha-rodrigues","tag-vereador-preso-em-espinosa"],"_links":{"self":[{"href":"https:\/\/aconteceunovale.com.br\/portal\/index.php?rest_route=\/wp\/v2\/posts\/87292","targetHints":{"allow":["GET"]}}],"collection":[{"href":"https:\/\/aconteceunovale.com.br\/portal\/index.php?rest_route=\/wp\/v2\/posts"}],"about":[{"href":"https:\/\/aconteceunovale.com.br\/portal\/index.php?rest_route=\/wp\/v2\/types\/post"}],"author":[{"embeddable":true,"href":"https:\/\/aconteceunovale.com.br\/portal\/index.php?rest_route=\/wp\/v2\/users\/1"}],"replies":[{"embeddable":true,"href":"https:\/\/aconteceunovale.com.br\/portal\/index.php?rest_route=%2Fwp%2Fv2%2Fcomments&post=87292"}],"version-history":[{"count":0,"href":"https:\/\/aconteceunovale.com.br\/portal\/index.php?rest_route=\/wp\/v2\/posts\/87292\/revisions"}],"wp:featuredmedia":[{"embeddable":true,"href":"https:\/\/aconteceunovale.com.br\/portal\/index.php?rest_route=\/wp\/v2\/media\/87293"}],"wp:attachment":[{"href":"https:\/\/aconteceunovale.com.br\/portal\/index.php?rest_route=%2Fwp%2Fv2%2Fmedia&parent=87292"}],"wp:term":[{"taxonomy":"category","embeddable":true,"href":"https:\/\/aconteceunovale.com.br\/portal\/index.php?rest_route=%2Fwp%2Fv2%2Fcategories&post=87292"},{"taxonomy":"post_tag","embeddable":true,"href":"https:\/\/aconteceunovale.com.br\/portal\/index.php?rest_route=%2Fwp%2Fv2%2Ftags&post=87292"}],"curies":[{"name":"wp","href":"https:\/\/api.w.org\/{rel}","templated":true}]}}