{"id":87283,"date":"2016-05-18T18:04:48","date_gmt":"2016-05-18T21:04:48","guid":{"rendered":"http:\/\/aconteceunovale.com.br\/portal\/?p=87283"},"modified":"2016-05-18T18:04:48","modified_gmt":"2016-05-18T21:04:48","slug":"agentes-socioeducativos-fazem-manifestacao-em-ipatinga-no-vale-do-aco","status":"publish","type":"post","link":"https:\/\/aconteceunovale.com.br\/portal\/?p=87283","title":{"rendered":"Agentes socioeducativos fazem manifesta\u00e7\u00e3o em Ipatinga, no Vale do A\u00e7o"},"content":{"rendered":"<p>Agentes socioeducativos, servidores administrativos e t\u00e9cnicos dos Sistemas Socioeducativo e Prisional do Vale do A\u00e7o realizaram na manh\u00e3 desta quarta-feira (18\/5), uma manifesta\u00e7\u00e3o em Ipatinga. Eles s\u00e3o contra um projeto do Governo de Minas, enviado para a Assembleia Legislativa, que prop\u00f5e a divis\u00e3o da Secretaria de Estado de Defesa Social (Seds) em Secretaria de Estado de Seguran\u00e7a (Sesp) e Secretaria de Administra\u00e7\u00e3o Prisional (Seap).<\/p>\n<p>Desde 11 de maio deste ano, a classe entrou em greve por tempo indeterminado em todo o estado. De acordo com o governo, todas as unidades socioeducativas funcionam com 30% do efetivo. Os servidores realizaram uma passeata da porta do Centro Socioeducativo de Ipatinga e caminharam at\u00e9 o f\u00f3rum da cidade. Com cartazes, apito e nariz de palha\u00e7o eles pediram uma reavalia\u00e7\u00e3o do projeto de lei.<\/p>\n<p>Segundo a assistente administrativa, Sandra Regina essa decis\u00e3o do Governo de Minas ser\u00e1 uma perda muito grande para a sociedade, e principalmente para a ressocializa\u00e7\u00e3o dos adolescentes acautelados.<\/p>\n<p>\u201cO governo pretende pegar as carreiras administrativas e transferir para outra secretaria. Com essa reformula\u00e7\u00e3o n\u00f3s que somos servidores da seguran\u00e7a p\u00fablica ser\u00edamos realocados na Funda\u00e7\u00e3o Caio Martins. Sem contar que com essa mudan\u00e7a n\u00e3o vai haver uma separa\u00e7\u00e3o entre o adolescente que vive em estado de vulnerabilidade, ou seja, que teve um lar desfeito, com aquele menor infrator, que est\u00e1 cumprindo medida socioeducativa&#8221;, explica.<\/p>\n<p>Ela informou que ainda nesta semana os funcion\u00e1rios v\u00e3o para Belo Horizonte participar de uma audi\u00eancia p\u00fablica, onde ser\u00e1 decidido o andamento da greve.<\/p>\n<p><strong>O que diz o governo<\/strong><\/p>\n<p>Em nota, o Governo de Minas esclareceu que ao vincular o sistema socioeducativo \u00e0 estrutura da Funda\u00e7\u00e3o Caio Martins (Fucam), o atendimento aos jovens em cumprimento de medidas socioeducativas ganhar\u00e1 maior car\u00e1ter educativo, uma vez que a  institui\u00e7\u00e3o estar\u00e1 mais adequada \u00e0 prote\u00e7\u00e3o da adolesc\u00eancia e \u00e0 efetiva\u00e7\u00e3o das normativas do Estatuto da Crian\u00e7a e do Adolescente.<\/p>\n<p>&#8220;Para aprimorar o atendimento a esses jovens, o Governo de Minas Gerais vai criar um grupo intersetorial e intergovernamental, coordenado pela Fucam e pela Secretaria de Estado de Trabalho e Desenvolvimento Social (Sedese), para a constru\u00e7\u00e3o de uma nova proposta voltado ao atendimento no sistema socioeducativo, para promover e garantir os direitos dos adolescentes que cumprem medida socioeducativa de semiliberdade e interna\u00e7\u00e3o&#8221;, diz a nota.<\/p>\n<p>O governo informou ainda que todos os projetos previstos na reestrutura\u00e7\u00e3o, assim como o or\u00e7amento destinado \u00e0 \u00e1rea, est\u00e3o sob an\u00e1lise da Assembleia Legislativa de Minas Gerais.<\/p>\n<p><img decoding=\"async\" src=\"http:\/\/aconteceunovale.com.br\/portal\/wp-content\/uploads\/2016\/05\/manifestacao_cse_ipatinga.jpg\" alt=\"\" \/><em>Manifesta\u00e7\u00e3o em Ipatinga, no Vale do A\u00e7o (Foto: Yasmini Gomes \/ Arquivo Pessoal)<\/em><br \/>\n<\/br><\/p>\n<p><em>(Fonte: G1 dos Vales)<\/em><\/p>\n","protected":false},"excerpt":{"rendered":"<p>Agentes socioeducativos, servidores administrativos e t\u00e9cnicos dos Sistemas Socioeducativo e Prisional do Vale do A\u00e7o realizaram na manh\u00e3 desta quarta-feira (18\/5), uma manifesta\u00e7\u00e3o em Ipatinga. Eles s\u00e3o contra um projeto do Governo de Minas, enviado para a Assembleia Legislativa, que prop\u00f5e a divis\u00e3o da Secretaria de Estado de Defesa Social (Seds) em Secretaria de Estado [&hellip;]<\/p>\n","protected":false},"author":1,"featured_media":87284,"comment_status":"open","ping_status":"closed","sticky":false,"template":"","format":"standard","meta":{"amp_status":"","footnotes":""},"categories":[121],"tags":[95180,95181,95177,95176,201,95178,95175,63064,95179],"class_list":["post-87283","post","type-post","status-publish","format-standard","has-post-thumbnail","hentry","category-leste","tag-agentes-socioeducativos-fazem-manifestacao-em-ipatinga","tag-agentes-socioeducativos-fazem-manifestacao-em-ipatinga-no-vale-do-aco","tag-greve-agentes-socioeducativos","tag-greve-agentes-socioeducativos-no-vale-do-aco","tag-ipatinga","tag-manifestacao-agentes-socioeducativos","tag-manifestacao-agentes-socioeducativos-no-ipatinga","tag-no-vale-do-aco","tag-protesto-agentes-socioeducativos"],"_links":{"self":[{"href":"https:\/\/aconteceunovale.com.br\/portal\/index.php?rest_route=\/wp\/v2\/posts\/87283","targetHints":{"allow":["GET"]}}],"collection":[{"href":"https:\/\/aconteceunovale.com.br\/portal\/index.php?rest_route=\/wp\/v2\/posts"}],"about":[{"href":"https:\/\/aconteceunovale.com.br\/portal\/index.php?rest_route=\/wp\/v2\/types\/post"}],"author":[{"embeddable":true,"href":"https:\/\/aconteceunovale.com.br\/portal\/index.php?rest_route=\/wp\/v2\/users\/1"}],"replies":[{"embeddable":true,"href":"https:\/\/aconteceunovale.com.br\/portal\/index.php?rest_route=%2Fwp%2Fv2%2Fcomments&post=87283"}],"version-history":[{"count":0,"href":"https:\/\/aconteceunovale.com.br\/portal\/index.php?rest_route=\/wp\/v2\/posts\/87283\/revisions"}],"wp:featuredmedia":[{"embeddable":true,"href":"https:\/\/aconteceunovale.com.br\/portal\/index.php?rest_route=\/wp\/v2\/media\/87284"}],"wp:attachment":[{"href":"https:\/\/aconteceunovale.com.br\/portal\/index.php?rest_route=%2Fwp%2Fv2%2Fmedia&parent=87283"}],"wp:term":[{"taxonomy":"category","embeddable":true,"href":"https:\/\/aconteceunovale.com.br\/portal\/index.php?rest_route=%2Fwp%2Fv2%2Fcategories&post=87283"},{"taxonomy":"post_tag","embeddable":true,"href":"https:\/\/aconteceunovale.com.br\/portal\/index.php?rest_route=%2Fwp%2Fv2%2Ftags&post=87283"}],"curies":[{"name":"wp","href":"https:\/\/api.w.org\/{rel}","templated":true}]}}