{"id":87135,"date":"2016-05-16T17:18:50","date_gmt":"2016-05-16T20:18:50","guid":{"rendered":"http:\/\/aconteceunovale.com.br\/portal\/?p=87135"},"modified":"2016-05-16T17:18:50","modified_gmt":"2016-05-16T20:18:50","slug":"ricardo-barros-diz-que-governo-nao-aumentara-recursos-para-a-saude","status":"publish","type":"post","link":"https:\/\/aconteceunovale.com.br\/portal\/?p=87135","title":{"rendered":"Ricardo Barros diz que governo n\u00e3o aumentar\u00e1 recursos para a Sa\u00fade"},"content":{"rendered":"<p>O ministro da Sa\u00fade, Ricardo Barros, disse hoje hoje (16\/5), durante visita \u00e0 Faculdade de Medicina da Universidade de S\u00e3o Paulo (USP), na capital paulista, que o governo n\u00e3o colocar\u00e1 mais recursos no or\u00e7amento da pasta em 2016. Segundo ele, o Or\u00e7amento da Uni\u00e3o passa por uma crise fiscal severa, que s\u00f3 se recuperar\u00e1 com a melhoria da economia e a volta do consumo.<\/p>\n<p>Entretanto, disse que a sa\u00fade \u00e9 uma das prioridades do governo Michel Temer e que o assunto ser\u00e1 discutido com a equipe econ\u00f4mica.<\/p>\n<p>\u201cOs ministros Meirelles e Juc\u00e1 \u00e9 que falar\u00e3o sobre quest\u00e3o de financiamento. Buscarei os recursos dispon\u00edveis para que possa fazer a a\u00e7\u00e3o de sa\u00fade. Os cortes j\u00e1 foram feitos pelo governo anterior. Estamos com R$ 5,5 bilh\u00f5es de cortes j\u00e1 efetuados no or\u00e7amento da sa\u00fade. Pretendo trabalhar muito para ver se recupero aquilo que estava no Or\u00e7amento. Recursos a mais do que estava previsto realmente n\u00e3o acho que vamos conseguir. N\u00e3o contem com mais dinheiro\u201d, adiantou.<\/p>\n<p>O ministro tamb\u00e9m falou sobre o Programa Mais M\u00e9dicos, que, segundo ele, teve sua continuidade definida por press\u00e3o da Confedera\u00e7\u00e3o Nacional dos Munic\u00edpios, sob alega\u00e7\u00e3o de que as pequenas cidades e comunidades passaram a ter m\u00e9dicos devido ao programa. \u201cAinda vou avaliar a quest\u00e3o do Revalida (Sistema de Revalida\u00e7\u00e3o de Diplomas M\u00e9dicos). N\u00e3o conhe\u00e7o a qualifica\u00e7\u00e3o dos m\u00e9dicos cubanos e vou estudar com carinho, assim como outras sugest\u00f5es que recebi aqui.\u201d<\/p>\n<p><img decoding=\"async\" src=\"http:\/\/aconteceunovale.com.br\/portal\/wp-content\/uploads\/2016\/05\/ricardo_barros_ministro.jpg\" alt=\"\" \/><em>Para Ricardo Barros, o Or\u00e7amento da Uni\u00e3o passa por uma crise fiscal severa, que s\u00f3 se recuperar\u00e1 com a melhoria da economia e a volta do consumo (Foto: Rovena Rosa\/Ag\u00eancia Brasil)<\/em><br \/>\n<\/br><\/p>\n<p><strong>Compromissos<\/strong><\/p>\n<p>Durante o encontro, professores da Faculdade de Medicina da USP questionaram a cria\u00e7\u00e3o de novos cursos de medicina, sugeriram que o governo implante o servi\u00e7o m\u00e9dico compuls\u00f3rio para rec\u00e9m-formados, crie centros de atendimento para mulheres que praticam aborto em cl\u00ednicas clandestinas, de modo a evitar o aumento do n\u00famero de mortes, entre outras quest\u00f5es. Barros prometeu analisar todas elas.<\/p>\n<p>Para resolver problemas mais urgentes da sa\u00fade, como falta de Unidades de Terapia Intensiva (UTIs) em hospitais, Ricardo Barros informou que vai estudar esses n\u00fameros. \u201cO minist\u00e9rio j\u00e1 tem estudos sobre o credenciamento de UTIs. H\u00e1 milhares credenciadas no Brasil. Vamos ver se a distribui\u00e7\u00e3o est\u00e1 correta, se a necessidade est\u00e1 suprida e onde faltar vamos negociar. \u00c9 preciso entender que h\u00e1 muitos leitos de UTI fechados por falta de financiamento.\u201d<\/p>\n<p>O ministro destacou que todos os compromissos assumidos para o per\u00edodo dos Jogos Ol\u00edmpicos ser\u00e3o cumpridos. \u201cOs turistas e atletas podem vir com absoluta tranquilidade ao Rio de Janeiro, porque n\u00e3o haver\u00e1 nenhum problema de falta de atendimento, aten\u00e7\u00e3o e cuidados necess\u00e1rios para o evento\u201d. (Ag\u00eancia Brasil)<\/p>\n","protected":false},"excerpt":{"rendered":"<p>O ministro da Sa\u00fade, Ricardo Barros, disse hoje hoje (16\/5), durante visita \u00e0 Faculdade de Medicina da Universidade de S\u00e3o Paulo (USP), na capital paulista, que o governo n\u00e3o colocar\u00e1 mais recursos no or\u00e7amento da pasta em 2016. Segundo ele, o Or\u00e7amento da Uni\u00e3o passa por uma crise fiscal severa, que s\u00f3 se recuperar\u00e1 com [&hellip;]<\/p>\n","protected":false},"author":1,"featured_media":87136,"comment_status":"open","ping_status":"closed","sticky":false,"template":"","format":"standard","meta":{"amp_status":"","footnotes":""},"categories":[6,40242],"tags":[46533,94860,25698,48472,34259,94861,25477,94859,93878,94858,19152],"class_list":["post-87135","post","type-post","status-publish","format-standard","has-post-thumbnail","hentry","category-br","category-saude-2","tag-crise-no-brasil","tag-falta-de-recursos-para-a-saude","tag-governo","tag-ministro","tag-ministro-da-saude","tag-novos-recursos-para-a-saude","tag-recursos","tag-recursos-para-a-saude","tag-ricardo-barros","tag-ricardo-barros-diz-que-governo-nao-aumentara-recursos-para-a-saude","tag-saude"],"_links":{"self":[{"href":"https:\/\/aconteceunovale.com.br\/portal\/index.php?rest_route=\/wp\/v2\/posts\/87135","targetHints":{"allow":["GET"]}}],"collection":[{"href":"https:\/\/aconteceunovale.com.br\/portal\/index.php?rest_route=\/wp\/v2\/posts"}],"about":[{"href":"https:\/\/aconteceunovale.com.br\/portal\/index.php?rest_route=\/wp\/v2\/types\/post"}],"author":[{"embeddable":true,"href":"https:\/\/aconteceunovale.com.br\/portal\/index.php?rest_route=\/wp\/v2\/users\/1"}],"replies":[{"embeddable":true,"href":"https:\/\/aconteceunovale.com.br\/portal\/index.php?rest_route=%2Fwp%2Fv2%2Fcomments&post=87135"}],"version-history":[{"count":0,"href":"https:\/\/aconteceunovale.com.br\/portal\/index.php?rest_route=\/wp\/v2\/posts\/87135\/revisions"}],"wp:featuredmedia":[{"embeddable":true,"href":"https:\/\/aconteceunovale.com.br\/portal\/index.php?rest_route=\/wp\/v2\/media\/87136"}],"wp:attachment":[{"href":"https:\/\/aconteceunovale.com.br\/portal\/index.php?rest_route=%2Fwp%2Fv2%2Fmedia&parent=87135"}],"wp:term":[{"taxonomy":"category","embeddable":true,"href":"https:\/\/aconteceunovale.com.br\/portal\/index.php?rest_route=%2Fwp%2Fv2%2Fcategories&post=87135"},{"taxonomy":"post_tag","embeddable":true,"href":"https:\/\/aconteceunovale.com.br\/portal\/index.php?rest_route=%2Fwp%2Fv2%2Ftags&post=87135"}],"curies":[{"name":"wp","href":"https:\/\/api.w.org\/{rel}","templated":true}]}}