{"id":87131,"date":"2016-05-16T16:49:58","date_gmt":"2016-05-16T19:49:58","guid":{"rendered":"http:\/\/aconteceunovale.com.br\/portal\/?p=87131"},"modified":"2016-05-16T16:49:58","modified_gmt":"2016-05-16T19:49:58","slug":"operacao-vinacea-combate-trafico-e-guarda-ilegal-de-animais-nos-vales-do-jequitinhonha-e-mucuri","status":"publish","type":"post","link":"https:\/\/aconteceunovale.com.br\/portal\/?p=87131","title":{"rendered":"Opera\u00e7\u00e3o Vinacea combate tr\u00e1fico e guarda ilegal de animais nos Vales do Jequitinhonha e Mucuri"},"content":{"rendered":"<p>Uma opera\u00e7\u00e3o denominada \u201cVinacea\u201d fiscalizou, de 02 a 6 de Maio, irregularidades com rela\u00e7\u00e3o ao tr\u00e1fico e guarda ilegal de animais da fauna silvestre brasileira. A fiscaliza\u00e7\u00e3o teve como foco os munic\u00edpios de Novo Cruzeiro, Pot\u00e9 e Itaip\u00e9, nos Vales do Jequitinhonha e Mucuri. Na opera\u00e7\u00e3o foram apreendidas 45 aves em situa\u00e7\u00e3o irregular e um primata da esp\u00e9cie Callithrix geoffroyi (Sagui-da-cara-branca). No total foram aplicados R$ 67 mil reais em multas.<\/p>\n<p>A a\u00e7\u00e3o de fiscaliza\u00e7\u00e3o foi realizada pela Superintend\u00eancia de Fiscaliza\u00e7\u00e3o Ambiental Integrada da Secretaria de Estado de Meio ambiente e Desenvolvimento Sustent\u00e1vel (Semad), com o apoio da Diretoria de Fiscaliza\u00e7\u00e3o da Fauna e Pesca e do N\u00facleo de Fiscaliza\u00e7\u00e3o do Nordeste Mineiro. Durante o trabalho, os fiscais verificaram 15 criadores amadores e atenderam a duas den\u00fancias feitas por cidad\u00e3os comuns. Os p\u00e1ssaros apreendidos na opera\u00e7\u00e3o foram levados para o Centro de Triagem de Animais Silvestres de Governador Valadares.<\/p>\n<p>O p\u00e1ssaro trinca-ferro (Saltator similis) foi a esp\u00e9cie com maior n\u00famero de indiv\u00edduos apreendidos. \u201cUma novidade nessa Opera\u00e7\u00e3o foi a apreens\u00e3o do p\u00e1ssaro conhecido como Piment\u00e3o (Saltator fuliginosus), que estava sob cativeiro ilegal de um dos infratores, no munic\u00edpio de Itaip\u00e9. Este p\u00e1ssaro nunca tinha sido apreendido pela fiscaliza\u00e7\u00e3o da Semad\u201d, disse o chefe da fiscaliza\u00e7\u00e3o da Fauna, Daniel Colen. Ainda de acordo com ele, essa esp\u00e9cie ocorre em \u00e1reas de Mata Atl\u00e2ntica, nas matas mes\u00f3filas residuais do Sudeste e vive em casais, no interior da mata prim\u00e1ria ou em matas secund\u00e1rias altas.<\/p>\n<p>Dentre os animais apreendidos destaca-se um primata da esp\u00e9cie Callithrix geoffroyi(Sagui-da-cara-branca). O animal foi encontrado sob a guarda ilegal de um cidad\u00e3o, que tamb\u00e9m foi apreendido pela equipe da fiscaliza\u00e7\u00e3o. \u201cComo o animal ainda mantinha o comportamento caracter\u00edstico da esp\u00e9cie, ap\u00f3s avalia\u00e7\u00e3o dos bi\u00f3logos e veterin\u00e1rios da equipe, foi solto em uma mata pr\u00f3ximo ao munic\u00edpio de Ladainha\u201d, afirmou Daniel Colen. O cidad\u00e3o foi conduzido para a delegacia da regi\u00e3o.<\/p>\n<p>Na fiscaliza\u00e7\u00e3o dos criadores amadores de p\u00e1ssaros, em 100% dos locais fiscalizados foi encontrada alguma irregularidade, principalmente aves portando anilhas falsificadas. O uso de anilhas inid\u00f4neas ou em desconformidade com a legisla\u00e7\u00e3o pelo criador \u00e9 considerado infra\u00e7\u00e3o administrativa, conforme prev\u00ea o artigo 87, Anexo V, c\u00f3digos 520 e 527 do Decreto Estadual 44.844\/2008; o artigo 24 do Decreto Federal n\u00ba 6.514\/2008 e o artigo 29 da Lei Federal n\u00ba 9.605\/1998.<\/p>\n<p>A presen\u00e7a de anilhas inid\u00f4neas configura, ainda, crime de falsifica\u00e7\u00e3o ou adultera\u00e7\u00e3o de selo ou sinal p\u00fablico, previsto no artigo 296 do C\u00f3digo Penal Brasileiro. \u201cDessa forma, orientamos aos criadores a n\u00e3o receber aves por \u201ctransfer\u00eancia via vistoria presencial n\u00e3o realizada (SISPASS)\u201d, sem saber a real proced\u00eancia da ave, visto que a maioria desses animais \u00e9 capturada ilegalmente no ambiente e portam anilhas adulteradas ou falsificadas\u201d, finalizou o chefe da fiscaliza\u00e7\u00e3o.<\/p>\n<p><img decoding=\"async\" src=\"http:\/\/aconteceunovale.com.br\/portal\/wp-content\/uploads\/2016\/05\/apreensao_jequi.jpg\" alt=\"\" \/><em>Sagui-da-cara-branca apreendido na resid\u00eancia de um dos infratores (Cr\u00e9dito: Semad)<\/em><br \/>\n<\/br><\/p>\n<p><em>(Por Milene Duque \/ Ascom Sisema)<\/em><\/p>\n","protected":false},"excerpt":{"rendered":"<p>Uma opera\u00e7\u00e3o denominada \u201cVinacea\u201d fiscalizou, de 02 a 6 de Maio, irregularidades com rela\u00e7\u00e3o ao tr\u00e1fico e guarda ilegal de animais da fauna silvestre brasileira. A fiscaliza\u00e7\u00e3o teve como foco os munic\u00edpios de Novo Cruzeiro, Pot\u00e9 e Itaip\u00e9, nos Vales do Jequitinhonha e Mucuri. Na opera\u00e7\u00e3o foram apreendidas 45 aves em situa\u00e7\u00e3o irregular e um [&hellip;]<\/p>\n","protected":false},"author":1,"featured_media":87132,"comment_status":"open","ping_status":"closed","sticky":false,"template":"","format":"standard","meta":{"amp_status":"","footnotes":""},"categories":[120,122],"tags":[94848,94854,94850,191,175,94851,94845,94856,94857,3139,94847,94846,94855,94852,94853,94849,94844],"class_list":["post-87131","post","type-post","status-publish","format-standard","has-post-thumbnail","hentry","category-jequi","category-mucuri","tag-apreensoes-operacao-vinacea","tag-callithrix-geoffroyi","tag-combate-ao-trafico-de-animais-nos-vales-do-jequitinhonha-e-mucuri","tag-itaipe","tag-novo-cruzeiro","tag-operacao-de-combate-ao-trafico-de-animais-nos-vales-do-jequitinhonha-e-mucuri","tag-operacao-vinacea","tag-operacao-vinacea-combate-o-trafico-e-a-guarda-ilegal-de-animais-nos-vales-do-jequitinhonha-e-mucuri","tag-operacao-vinacea-combate-trafico-e-guarda-ilegal-de-animais-nos-vales-do-jequitinhonha-e-mucuri","tag-pote","tag-presos-na-operacao-vinacea","tag-resultado-da-operacao-vinacea","tag-sagui-da-cara-branca","tag-trafico-de-animais-no-vale-do-jequitinhonha","tag-trafico-de-animais-no-vale-do-mucuri","tag-trafico-de-animais-nos-vales-do-jequitinhonha-e-mucuri","tag-vinacea"],"_links":{"self":[{"href":"https:\/\/aconteceunovale.com.br\/portal\/index.php?rest_route=\/wp\/v2\/posts\/87131","targetHints":{"allow":["GET"]}}],"collection":[{"href":"https:\/\/aconteceunovale.com.br\/portal\/index.php?rest_route=\/wp\/v2\/posts"}],"about":[{"href":"https:\/\/aconteceunovale.com.br\/portal\/index.php?rest_route=\/wp\/v2\/types\/post"}],"author":[{"embeddable":true,"href":"https:\/\/aconteceunovale.com.br\/portal\/index.php?rest_route=\/wp\/v2\/users\/1"}],"replies":[{"embeddable":true,"href":"https:\/\/aconteceunovale.com.br\/portal\/index.php?rest_route=%2Fwp%2Fv2%2Fcomments&post=87131"}],"version-history":[{"count":0,"href":"https:\/\/aconteceunovale.com.br\/portal\/index.php?rest_route=\/wp\/v2\/posts\/87131\/revisions"}],"wp:featuredmedia":[{"embeddable":true,"href":"https:\/\/aconteceunovale.com.br\/portal\/index.php?rest_route=\/wp\/v2\/media\/87132"}],"wp:attachment":[{"href":"https:\/\/aconteceunovale.com.br\/portal\/index.php?rest_route=%2Fwp%2Fv2%2Fmedia&parent=87131"}],"wp:term":[{"taxonomy":"category","embeddable":true,"href":"https:\/\/aconteceunovale.com.br\/portal\/index.php?rest_route=%2Fwp%2Fv2%2Fcategories&post=87131"},{"taxonomy":"post_tag","embeddable":true,"href":"https:\/\/aconteceunovale.com.br\/portal\/index.php?rest_route=%2Fwp%2Fv2%2Ftags&post=87131"}],"curies":[{"name":"wp","href":"https:\/\/api.w.org\/{rel}","templated":true}]}}