{"id":87127,"date":"2016-05-16T15:35:43","date_gmt":"2016-05-16T18:35:43","guid":{"rendered":"http:\/\/aconteceunovale.com.br\/portal\/?p=87127"},"modified":"2016-05-16T15:35:43","modified_gmt":"2016-05-16T18:35:43","slug":"apos-prisao-de-ruy-muniz-ze-vicente-e-empossado-prefeito-interino-de-montes-claros","status":"publish","type":"post","link":"https:\/\/aconteceunovale.com.br\/portal\/?p=87127","title":{"rendered":"Ap\u00f3s pris\u00e3o de Ruy Muniz, Z\u00e9 Vicente \u00e9 empossado prefeito interino de Montes Claros"},"content":{"rendered":"<p>\u201cMe sinto como um homem que casa com a mulher amada\u201d, disse Jos\u00e9 Vicente Medeiros (PMDB), ao tomar posse como prefeito interino de Montes Claros nesta segunda-feira (16\/5). Ele assumiu o cargo depois que o Tribunal Regional Federal determinou o afastamento de Ruy Muniz, preso pela Pol\u00edcia Federal, acusado de reter recursos do Sistema \u00danico de Sa\u00fade (SUS) destinados a quatro hospitais para beneficiar, em contrapartida, a unidade de sa\u00fade do grupo empresarial dele.<\/p>\n<p>Nascido da zona rural de Montes Claros, antes de ser vice-prefeito, Jos\u00e9 Vicente foi vereador por dois mandatos. Ao fazer o discurso de posse, que durou pouco mais de 13 minutos, disse que queria estar assumindo a Prefeitura em outras circunst\u00e2ncias. &#8220;A situa\u00e7\u00e3o \u00e9 inesperada, mas eu sempre estive preparado\u201d, disse.<\/p>\n<p>Durante a primeira fala oficial como prefeito em exerc\u00edcio, elogiou tamb\u00e9m a administra\u00e7\u00e3o feita por Ruy Muniz e destacou que pretende dar continuidade \u00e0s obras de asfaltamento, constru\u00e7\u00e3o de pra\u00e7as e pontes, e a moderniza\u00e7\u00e3o da ilumina\u00e7\u00e3o p\u00fablica. \u201cVou concluir com maestria os planos tocados por Ruy, pessoa inteligente e vision\u00e1ria\u201d.<\/p>\n<p><img decoding=\"async\" src=\"http:\/\/aconteceunovale.com.br\/portal\/wp-content\/uploads\/2016\/05\/ze_vicente_posse.jpg\" alt=\"\" \/><em>Prefeito interino Z\u00e9 Vicente (Foto: Mauro Miranda Ferreira \/ via WhatsApp)<\/em><br \/>\n<\/br><\/p>\n<p><strong>Presen\u00e7a da deputada Raquel Muniz<\/strong><\/p>\n<p>No discurso, Jos\u00e9 Vicente agradeceu a presen\u00e7a da deputada federal Raquel Muniz (PSB), esposa de Ruy Muniz, que tamb\u00e9m fez um pronunciamento de 10 minutos e voltou a elogiar a conduta do marido, como fez na vota\u00e7\u00e3o do impeachment da presidente Dilma Rousseff ao dizer que o companheiro era um exemplo de gestor.<\/p>\n<p>\u201cTentaram nos enterrar, mas somos sementes e vamos germinar, em qualquer quadro pol\u00edtico, Ruy continua um grande l\u00edder\u201d, falou a deputada.<\/p>\n<p>Sobre Z\u00e9 Vicente, Raquel relembrou a trajet\u00f3ria e tamb\u00e9m elogiou o prefeito em exerc\u00edcio. \u201cAprendi a gostar mais de voc\u00ea ainda quando Ruy era uma azar\u00e3o na pol\u00edtica para prefeito, v\u00e1rios homens foram indicados para serem vice, mas aquele que abra\u00e7ou, sabendo que as pesquisas mostravam no \u00faltimo lugar, foi voc\u00ea. Fomos para o segundo turno, em segundo lugar, e voc\u00ea continuo confiante\u201d, destacou Raquel Muniz.<\/p>\n<p>Jos\u00e9 Vicente recebeu a chave da cidade das m\u00e3os de Elias Siufi e Pedro Ricardo, que j\u00e1 ocuparam cargos p\u00fablicos; Raquel disse que esse era um pedido de Ruy Muniz.<\/p>\n<p><strong>Relembre<\/strong><\/p>\n<p>Ruy Muniz foi preso pela Pol\u00edcia Federal em 18 de abril junto com a secret\u00e1ria de sa\u00fade Ana Paula Nascimento. Eles foram acusados de reter R$ 16 milh\u00f5es destinados a hospitais credenciados ao SUS. O procurador da rep\u00fablica Alexandre Camanho, que ofereceu a den\u00fancia contra ambos, explicou que eles, embora j\u00e1 alertados sobre a investiga\u00e7\u00e3o, continuaram a cometer os mesmo crimes e amea\u00e7aram testemunhas.<\/p>\n<p>Muniz pediu licen\u00e7a do cargo do prefeito e teve a aprova\u00e7\u00e3o de 14 vereadores, mas foi afastado por ordem do desembargador federal Ney Bello, que tamb\u00e9m determinou a pris\u00e3o dele.<\/p>\n<p><em>(Fonte: G1 Grande Minas \/ Rep\u00f3rter: Michely Oda)<\/em><\/p>\n","protected":false},"excerpt":{"rendered":"<p>\u201cMe sinto como um homem que casa com a mulher amada\u201d, disse Jos\u00e9 Vicente Medeiros (PMDB), ao tomar posse como prefeito interino de Montes Claros nesta segunda-feira (16\/5). Ele assumiu o cargo depois que o Tribunal Regional Federal determinou o afastamento de Ruy Muniz, preso pela Pol\u00edcia Federal, acusado de reter recursos do Sistema \u00danico [&hellip;]<\/p>\n","protected":false},"author":1,"featured_media":87129,"comment_status":"open","ping_status":"closed","sticky":false,"template":"","format":"standard","meta":{"amp_status":"","footnotes":""},"categories":[1236,40240],"tags":[94305,23856,94842,93374,94837,94838,94836,94303,94839,91347,17599,4616,94841,93375,94840,94843],"class_list":["post-87127","post","type-post","status-publish","format-standard","has-post-thumbnail","hentry","category-norte_de_minas","category-politica-2","tag-afastamento-de-ruy-muniz","tag-ana-paula-nascimento","tag-apos-prisao-de-ruy-muniz","tag-jose-vicente-medeiros","tag-jose-vicente-medeiros-empossado-prefeito-de-montes-claros","tag-posse-de-jose-vicente-medeiros-como-prefeito-de-montes-claros","tag-posse-jose-vicente-medeiros","tag-posse-ze-vicente","tag-posse-ze-vicente-como-prefeito-de-montes-claros","tag-prisao-de-ruy-muniz","tag-raquel-muniz","tag-ruy-muniz","tag-ruy-muniz-foi-preso-pela-policia-federal","tag-ze-vicente","tag-ze-vicente-e-empossado-prefeito-de-montes-claros","tag-ze-vicente-e-empossado-prefeito-interino-de-montes-claros"],"_links":{"self":[{"href":"https:\/\/aconteceunovale.com.br\/portal\/index.php?rest_route=\/wp\/v2\/posts\/87127","targetHints":{"allow":["GET"]}}],"collection":[{"href":"https:\/\/aconteceunovale.com.br\/portal\/index.php?rest_route=\/wp\/v2\/posts"}],"about":[{"href":"https:\/\/aconteceunovale.com.br\/portal\/index.php?rest_route=\/wp\/v2\/types\/post"}],"author":[{"embeddable":true,"href":"https:\/\/aconteceunovale.com.br\/portal\/index.php?rest_route=\/wp\/v2\/users\/1"}],"replies":[{"embeddable":true,"href":"https:\/\/aconteceunovale.com.br\/portal\/index.php?rest_route=%2Fwp%2Fv2%2Fcomments&post=87127"}],"version-history":[{"count":0,"href":"https:\/\/aconteceunovale.com.br\/portal\/index.php?rest_route=\/wp\/v2\/posts\/87127\/revisions"}],"wp:featuredmedia":[{"embeddable":true,"href":"https:\/\/aconteceunovale.com.br\/portal\/index.php?rest_route=\/wp\/v2\/media\/87129"}],"wp:attachment":[{"href":"https:\/\/aconteceunovale.com.br\/portal\/index.php?rest_route=%2Fwp%2Fv2%2Fmedia&parent=87127"}],"wp:term":[{"taxonomy":"category","embeddable":true,"href":"https:\/\/aconteceunovale.com.br\/portal\/index.php?rest_route=%2Fwp%2Fv2%2Fcategories&post=87127"},{"taxonomy":"post_tag","embeddable":true,"href":"https:\/\/aconteceunovale.com.br\/portal\/index.php?rest_route=%2Fwp%2Fv2%2Ftags&post=87127"}],"curies":[{"name":"wp","href":"https:\/\/api.w.org\/{rel}","templated":true}]}}