{"id":87089,"date":"2016-05-16T09:30:16","date_gmt":"2016-05-16T12:30:16","guid":{"rendered":"http:\/\/aconteceunovale.com.br\/portal\/?p=87089"},"modified":"2016-05-16T09:30:16","modified_gmt":"2016-05-16T12:30:16","slug":"minas-gerais-encerra-nesta-segunda-feira-o-revezamento-da-chama-olimpica","status":"publish","type":"post","link":"https:\/\/aconteceunovale.com.br\/portal\/?p=87089","title":{"rendered":"Minas Gerais encerra nesta segunda-feira o revezamento da Chama Ol\u00edmpica"},"content":{"rendered":"<p>O \u00faltimo dia do revezamento ol\u00edmpico em territ\u00f3rio mineiro vai visitar tr\u00eas cidades da Zona da Mata: Bicas, Leopoldina e Muria\u00e9. A regi\u00e3o \u00e9 o local indicado para quem quer levar uma vida saud\u00e1vel e sustent\u00e1vel. Cercados de verde por todos os lados, os munic\u00edpios apresentam um dos melhores \u00edndices de qualidade de vida do estado. Ao longo da cadeia montanhosa da Serra da Mantiqueira, que assume diferentes top\u00f4nimos em toda a sua extens\u00e3o, existem preciosas unidades de conserva\u00e7\u00e3o &#8211; um alento para quem vive nas cidades e pode desfrutar das maravilhas da natureza.<\/p>\n<p><strong>Bem-estar humano<\/strong><\/p>\n<p>A natureza exuberante da Zona da Mata \u00e9 um dos principais indutores da qualidade de vida da popula\u00e7\u00e3o local que, fora o dia a dia dos centros urbanos, vive em meio a serras, vales, chapadas, encostas, cachoeiras, corredeiras, grutas, picos e rica biodiversidade. Um mundo saud\u00e1vel e sustent\u00e1vel.<\/p>\n<p>No Circuito Tur\u00edstico Caminhos Verdes de Minas o visitante pode vivenciar um pouco deste clima buc\u00f3lico, cavalgar por entre trilhas, visitar igrejas e fazendas centen\u00e1rias. Marcado pela tradi\u00e7\u00e3o religiosa, exposi\u00e7\u00f5es agropecu\u00e1rias e festas populares, o circuito abrange nove munic\u00edpios da regi\u00e3o, entre eles Bicas.<\/p>\n<p>J\u00e1 o Parque Estadual da Serra do Brigadeiro \u00e9 considerado um para\u00edso bot\u00e2nico. O ecossistema \u00e9 abundante em esp\u00e9cies vegetais (brom\u00e9lia, peroba, ip\u00ea, jequitib\u00e1, orqu\u00eddea, entre outras) e ref\u00fagio de animais amea\u00e7ados de extin\u00e7\u00e3o, como a jaguatirica. O parque abrange 11 munic\u00edpios, entre elas Muria\u00e9.<\/p>\n<p><strong>Maravilhas da Mata<\/strong><\/p>\n<p>Em meio a tantos encantos naturais, fica dif\u00edcil elencar os mais belos. Por\u00e9m, alguns saltam aos olhos por raz\u00f5es muito espec\u00edficas e fascinantes, como o Pico do Itajuru, ponto mais alto de Muria\u00e9, a 1.580 metros de altitude. O parque local possui cachoeiras, corredeiras e nascentes ideais para banhos e trekking. Ainda em Muria\u00e9, na Serra de Pirapanema, est\u00e1 a rampa de voo livre apropriada para saltos de parapente.<\/p>\n<p><strong>F\u00e9 e tradi\u00e7\u00e3o<\/strong><\/p>\n<p>Em Leopoldina, o Festival de Folia de Reis tornou-se tradi\u00e7\u00e3o. A festa, que existe desde 1983, tem o objetivo de fortalecer a cultura popular por meio dos grupos de folias que se re\u00fanem na cidade. A Catedral de S\u00e3o Sebasti\u00e3o, o Conservat\u00f3rio Lia Salgado, o Festival de Viola e Gastronomia de Piacatuba e o Motorok s\u00e3o outras atra\u00e7\u00f5es da cidade, cujo nome homenageia uma das filhas de Pedro II.<\/p>\n<p>No munic\u00edpio de Bicas, por sua vez, f\u00e9 e natureza caminham juntas. Todos os anos, o Santu\u00e1rio de Nossa Senhora da \u00c1gua Santa atrai uma grande quantidade de visitantes por ser conhecido como um local de cura.<\/p>\n<p><strong>Polo de moda e audiovisual<\/strong><\/p>\n<p>Em Muria\u00e9 est\u00e1 o Polo da Moda, que comercializa roupas e acess\u00f3rios em todo mercado nacional e at\u00e9 internacional. O polo abrange mais cinco munic\u00edpios (Eugen\u00f3polis, Patroc\u00ednio do Muria\u00e9, Laranjal, Recreio e Mira\u00ed) e produz pe\u00e7as de moda esportiva, feminina, masculina, infantil, \u00edntima, praia, dentre outras.<\/p>\n<p>Com atua\u00e7\u00e3o nos munic\u00edpios de Leopoldina, Muria\u00e9 e Cataguases, o Polo Audiovisual Zona da Mata j\u00e1 produziu longas e curtas metragens, videoclipes, web s\u00e9ries, document\u00e1rios e anima\u00e7\u00e3o. O movimento \u00e9 voltado para o fomento da economia criativa como novo vetor de desenvolvimento sustent\u00e1vel da regi\u00e3o e teve como marco a inaugura\u00e7\u00e3o do Centro Cultural Humberto Mauro em Cataguases, em 2002. (Ag\u00eancia Minas)<\/p>\n","protected":false},"excerpt":{"rendered":"<p>O \u00faltimo dia do revezamento ol\u00edmpico em territ\u00f3rio mineiro vai visitar tr\u00eas cidades da Zona da Mata: Bicas, Leopoldina e Muria\u00e9. A regi\u00e3o \u00e9 o local indicado para quem quer levar uma vida saud\u00e1vel e sustent\u00e1vel. Cercados de verde por todos os lados, os munic\u00edpios apresentam um dos melhores \u00edndices de qualidade de vida do [&hellip;]<\/p>\n","protected":false},"author":1,"featured_media":87090,"comment_status":"open","ping_status":"closed","sticky":false,"template":"","format":"standard","meta":{"amp_status":"","footnotes":""},"categories":[59,123],"tags":[1585,94766,94767,94003,94768,24240,4424,208,94753,1603,1502,94775,94776,94780,94777,94763,94764,93586,94765,94782,1605,94752,94772,94773,94779,94774,94760,94761,91952,94762,94754,94755,79176,94756,94769,94770,94778,94771,94757,94758,92559,94759,94781],"class_list":["post-87089","post","type-post","status-publish","format-standard","has-post-thumbnail","hentry","category-sports","category-gerais","tag-bicas","tag-chama-olimpica-em-bicas","tag-chama-olimpica-em-leopoldina","tag-chama-olimpica-em-minas-gerais","tag-chama-olimpica-em-muriae","tag-eugenopolis","tag-laranjal","tag-leopoldina","tag-minas-gerais-encerra-nesta-segunda-feira-o-revezamento-da-chama-olimpica","tag-mirai","tag-muriae","tag-passagem-da-chama-olimpica-em-bicas","tag-passagem-da-chama-olimpica-em-leopoldina","tag-passagem-da-chama-olimpica-em-minas-gerais","tag-passagem-da-chama-olimpica-em-muriae","tag-passagem-da-tocha-olimpica-em-bicas","tag-passagem-da-tocha-olimpica-em-leopoldina","tag-passagem-da-tocha-olimpica-em-minas-gerais","tag-passagem-da-tocha-olimpica-em-muriae","tag-patrocinio-do-muriae","tag-recreio","tag-revezamento-da-chama-olimpica-chega-ao-ultimo-dia-em-minas-gerais","tag-revezamento-da-chama-olimpica-em-bicas","tag-revezamento-da-chama-olimpica-em-leopoldina","tag-revezamento-da-chama-olimpica-em-minas-gerais","tag-revezamento-da-chama-olimpica-em-muriae","tag-revezamento-da-tocha-olimpica-em-bicas","tag-revezamento-da-tocha-olimpica-em-leopoldina","tag-revezamento-da-tocha-olimpica-em-minas-gerais","tag-revezamento-da-tocha-olimpica-em-muriae","tag-tocha-olimpica-em-bicas","tag-tocha-olimpica-em-leopoldina","tag-tocha-olimpica-em-minas-gerais","tag-tocha-olimpica-em-muriae","tag-tour-da-chama-olimpica-em-bicas","tag-tour-da-chama-olimpica-em-leopoldina","tag-tour-da-chama-olimpica-em-minas-gerais","tag-tour-da-chama-olimpica-em-muriae","tag-tour-da-tocha-olimpica-em-bicas","tag-tour-da-tocha-olimpica-em-leopoldina","tag-tour-da-tocha-olimpica-em-minas-gerais","tag-tour-da-tocha-olimpica-em-muriae","tag-ultimo-dia-do-revezamento-olimpico-em-territorio-mineiro"],"_links":{"self":[{"href":"https:\/\/aconteceunovale.com.br\/portal\/index.php?rest_route=\/wp\/v2\/posts\/87089","targetHints":{"allow":["GET"]}}],"collection":[{"href":"https:\/\/aconteceunovale.com.br\/portal\/index.php?rest_route=\/wp\/v2\/posts"}],"about":[{"href":"https:\/\/aconteceunovale.com.br\/portal\/index.php?rest_route=\/wp\/v2\/types\/post"}],"author":[{"embeddable":true,"href":"https:\/\/aconteceunovale.com.br\/portal\/index.php?rest_route=\/wp\/v2\/users\/1"}],"replies":[{"embeddable":true,"href":"https:\/\/aconteceunovale.com.br\/portal\/index.php?rest_route=%2Fwp%2Fv2%2Fcomments&post=87089"}],"version-history":[{"count":0,"href":"https:\/\/aconteceunovale.com.br\/portal\/index.php?rest_route=\/wp\/v2\/posts\/87089\/revisions"}],"wp:featuredmedia":[{"embeddable":true,"href":"https:\/\/aconteceunovale.com.br\/portal\/index.php?rest_route=\/wp\/v2\/media\/87090"}],"wp:attachment":[{"href":"https:\/\/aconteceunovale.com.br\/portal\/index.php?rest_route=%2Fwp%2Fv2%2Fmedia&parent=87089"}],"wp:term":[{"taxonomy":"category","embeddable":true,"href":"https:\/\/aconteceunovale.com.br\/portal\/index.php?rest_route=%2Fwp%2Fv2%2Fcategories&post=87089"},{"taxonomy":"post_tag","embeddable":true,"href":"https:\/\/aconteceunovale.com.br\/portal\/index.php?rest_route=%2Fwp%2Fv2%2Ftags&post=87089"}],"curies":[{"name":"wp","href":"https:\/\/api.w.org\/{rel}","templated":true}]}}