{"id":87085,"date":"2016-05-16T09:22:28","date_gmt":"2016-05-16T12:22:28","guid":{"rendered":"http:\/\/aconteceunovale.com.br\/portal\/?p=87085"},"modified":"2016-05-16T09:22:28","modified_gmt":"2016-05-16T12:22:28","slug":"chama-olimpica-passa-por-juiz-de-fora-a-ultima-cidade-celebracao-em-minas-gerais","status":"publish","type":"post","link":"https:\/\/aconteceunovale.com.br\/portal\/?p=87085","title":{"rendered":"Chama Ol\u00edmpica passa por Juiz de Fora, a \u00faltima cidade celebra\u00e7\u00e3o em Minas Gerais"},"content":{"rendered":"<p>A Chama Ol\u00edmpica chegou a Juiz de Fora na tarde deste domingo (15\/5). No munic\u00edpio da Zona da Mata, a Tocha percorreu as principais ruas, despertando a curiosidade da popula\u00e7\u00e3o que fez quest\u00e3o de parar para ver a passagem do fogo ol\u00edmpico.<\/p>\n<p>A Tocha foi recebida pelos juiz-foranos em um evento no Parque da Lajinha, antes de partir para seu percurso pela cidade. Na conhecida Rua Halfeld, no Centro, o ex-jogador de futebol do Flamengo, Andrade, foi o respons\u00e1vel por levar o s\u00edmbolo ol\u00edmpico.<\/p>\n<p>No Museu Mariano Proc\u00f3pio, artistas de Juiz de Fora encenaram a visita de Dom Pedro II \u00e0 casa do engenheiro, em 1861. Ele foi respons\u00e1vel pela constru\u00e7\u00e3o da Estrada Uni\u00e3o e Ind\u00fastria, que une Juiz de Fora a Petr\u00f3polis. No museu, a chama ol\u00edmpica foi conduzida em volta do espelho d\u2019\u00e1gua, que estava iluminado por tochas. Durante a apresenta\u00e7\u00e3o dos artistas, foi executado um trecho da \u00f3pera O Trovador, a mesma tocada na ocasi\u00e3o da visita imperial.<\/p>\n<p>A pira de celebra\u00e7\u00e3o foi acesa pelo jogador de v\u00f4lei Andr\u00e9 Nascimento, campe\u00e3o mundial e ol\u00edmpico, no Terreir\u00e3o do Samba, ap\u00f3s as apresenta\u00e7\u00f5es das cantoras Alessandra Crispim, Sandra Portela e Ponto do Samba.<\/p>\n<p><strong>Cidade das Rosas \u00e9 ponto de parada<\/strong>                                        <\/p>\n<p>Conhecida como a cidade das rosas, Barbacena foi o terceiro munic\u00edpio a receber o revezamento neste domingo. O percurso teve in\u00edcio na Avenida Marechal Floriano Peixoto. O comboio passou pela Pra\u00e7a do Globo e pela Pra\u00e7a dos Andradas, em frente ao Santu\u00e1rio de Nossa Senhora da Piedade, onde houve a apresenta\u00e7\u00e3o da conhecida Escola Preparat\u00f3ria de Cadetes do Ar (EPCAR). De um helic\u00f3ptero, foram jogadas p\u00e9talas de rosas. O evento terminou na Avenida Governador Bias Fortes.<\/p>\n<p><img decoding=\"async\" src=\"http:\/\/aconteceunovale.com.br\/portal\/wp-content\/uploads\/2016\/05\/3MSM_06051.jpg\" alt=\"\" \/><em>O ex-jogador Andrade foi o respons\u00e1vel por levar a Tocha (Marcelo Sant&#8217;Anna\/Imprensa MG)<\/em><br \/>\n<\/br><\/p>\n<p>(Ag\u00eancia Minas)<\/p>\n","protected":false},"excerpt":{"rendered":"<p>A Chama Ol\u00edmpica chegou a Juiz de Fora na tarde deste domingo (15\/5). No munic\u00edpio da Zona da Mata, a Tocha percorreu as principais ruas, despertando a curiosidade da popula\u00e7\u00e3o que fez quest\u00e3o de parar para ver a passagem do fogo ol\u00edmpico. A Tocha foi recebida pelos juiz-foranos em um evento no Parque da Lajinha, [&hellip;]<\/p>\n","protected":false},"author":1,"featured_media":87087,"comment_status":"open","ping_status":"closed","sticky":false,"template":"","format":"standard","meta":{"amp_status":"","footnotes":""},"categories":[59,123],"tags":[94746,193,94747,94745,94751,206,94748,94538,94750,94534,94526,94749,94530],"class_list":["post-87085","post","type-post","status-publish","format-standard","has-post-thumbnail","hentry","category-sports","category-gerais","tag-a-ultima-cidade-celebracao-em-minas-gerais","tag-barbacena","tag-chama-olimpica-em-juiz-de-fora","tag-chama-olimpica-passa-por-juiz-de-fora","tag-cidade-das-rosas","tag-juiz-de-fora","tag-passagem-da-chama-olimpica-em-juiz-de-fora","tag-passagem-da-tocha-olimpica-em-juiz-de-fora","tag-revezamento-da-chama-olimpica-em-juiz-de-fora","tag-revezamento-da-tocha-olimpica-em-juiz-de-fora","tag-tocha-olimpica-em-juiz-de-fora","tag-tour-da-chama-olimpica-em-juiz-de-fora","tag-tour-da-tocha-olimpica-em-juiz-de-fora"],"_links":{"self":[{"href":"https:\/\/aconteceunovale.com.br\/portal\/index.php?rest_route=\/wp\/v2\/posts\/87085","targetHints":{"allow":["GET"]}}],"collection":[{"href":"https:\/\/aconteceunovale.com.br\/portal\/index.php?rest_route=\/wp\/v2\/posts"}],"about":[{"href":"https:\/\/aconteceunovale.com.br\/portal\/index.php?rest_route=\/wp\/v2\/types\/post"}],"author":[{"embeddable":true,"href":"https:\/\/aconteceunovale.com.br\/portal\/index.php?rest_route=\/wp\/v2\/users\/1"}],"replies":[{"embeddable":true,"href":"https:\/\/aconteceunovale.com.br\/portal\/index.php?rest_route=%2Fwp%2Fv2%2Fcomments&post=87085"}],"version-history":[{"count":0,"href":"https:\/\/aconteceunovale.com.br\/portal\/index.php?rest_route=\/wp\/v2\/posts\/87085\/revisions"}],"wp:featuredmedia":[{"embeddable":true,"href":"https:\/\/aconteceunovale.com.br\/portal\/index.php?rest_route=\/wp\/v2\/media\/87087"}],"wp:attachment":[{"href":"https:\/\/aconteceunovale.com.br\/portal\/index.php?rest_route=%2Fwp%2Fv2%2Fmedia&parent=87085"}],"wp:term":[{"taxonomy":"category","embeddable":true,"href":"https:\/\/aconteceunovale.com.br\/portal\/index.php?rest_route=%2Fwp%2Fv2%2Fcategories&post=87085"},{"taxonomy":"post_tag","embeddable":true,"href":"https:\/\/aconteceunovale.com.br\/portal\/index.php?rest_route=%2Fwp%2Fv2%2Ftags&post=87085"}],"curies":[{"name":"wp","href":"https:\/\/api.w.org\/{rel}","templated":true}]}}