{"id":87083,"date":"2016-05-16T09:14:13","date_gmt":"2016-05-16T12:14:13","guid":{"rendered":"http:\/\/aconteceunovale.com.br\/portal\/?p=87083"},"modified":"2016-05-16T09:14:13","modified_gmt":"2016-05-16T12:14:13","slug":"previsao-do-tempo-para-minas-gerais-nesta-segunda-feira-16-de-maio","status":"publish","type":"post","link":"https:\/\/aconteceunovale.com.br\/portal\/?p=87083","title":{"rendered":"Previs\u00e3o do tempo para Minas Gerais, nesta segunda-feira, 16 de maio"},"content":{"rendered":"<h4><strong><em>C\u00e9u parcialmente nublado a nublado, com pancadas de chuva no Sul, Tri\u00e2ngulo e Alto Parana\u00edba. Temperatura em ligeira eleva\u00e7\u00e3o em todo o estado.<\/em><\/strong><\/h4>\n<p>Nesta segunda-feira (16\/5), uma frente fria se aproxima do Sudeste do Brasil e causa aumento da nebulosidade e pancadas de chuva.<\/p>\n<p>Em Minas Gerais o dia ser\u00e1 de c\u00e9u parcialmente nublado a nublado, com pancadas de chuva isoladas no Sul, Tri\u00e2ngulo Mineiro e Alto Parana\u00edba. Nas outras regi\u00f5es mineiras o tempo deve ficar parcialmente nublado. Temperatura em ligeira eleva\u00e7\u00e3o em todo o estado.<\/p>\n<p>Na Regi\u00e3o Metropolitana de Belo Horizonte o dia ser\u00e1 de tempo parcialmente nublado. Na capital mineira a semana come\u00e7a com tempo ensolarado a parcialmente nublado. A temperatura deve variar entre 15\u00b0C e 27\u00b0C, com umidade do ar \u00e0 tarde de 50%.<\/p>\n","protected":false},"excerpt":{"rendered":"<p>C\u00e9u parcialmente nublado a nublado, com pancadas de chuva no Sul, Tri\u00e2ngulo e Alto Parana\u00edba. Temperatura em ligeira eleva\u00e7\u00e3o em todo o estado. Nesta segunda-feira (16\/5), uma frente fria se aproxima do Sudeste do Brasil e causa aumento da nebulosidade e pancadas de chuva. Em Minas Gerais o dia ser\u00e1 de c\u00e9u parcialmente nublado a [&hellip;]<\/p>\n","protected":false},"author":1,"featured_media":82499,"comment_status":"open","ping_status":"closed","sticky":false,"template":"","format":"standard","meta":{"amp_status":"","footnotes":""},"categories":[123],"tags":[94739,194,131,44471,1956,27340,94744,86833,94743,1839,94741,28170,94740,94742],"class_list":["post-87083","post","type-post","status-publish","format-standard","has-post-thumbnail","hentry","category-gerais","tag-16-de-maio","tag-belo-horizonte","tag-minas-gerais","tag-nesta-segunda-feira","tag-previsao-do-tempo","tag-previsao-do-tempo-para-belo-horizonte","tag-previsao-do-tempo-para-belo-horizonte-16-de-maio","tag-previsao-do-tempo-para-belo-horizonte-nesta-segunda-feira","tag-previsao-do-tempo-para-belo-horizonte-nesta-segunda-feira-16-de-maio","tag-previsao-do-tempo-para-minas-gerais","tag-previsao-do-tempo-para-minas-gerais-16-de-maio","tag-previsao-do-tempo-para-minas-gerais-nesta-segunda-feira","tag-previsao-do-tempo-para-minas-gerais-nesta-segunda-feira-16-de-maio","tag-segunda-feira-16-de-maio"],"_links":{"self":[{"href":"https:\/\/aconteceunovale.com.br\/portal\/index.php?rest_route=\/wp\/v2\/posts\/87083","targetHints":{"allow":["GET"]}}],"collection":[{"href":"https:\/\/aconteceunovale.com.br\/portal\/index.php?rest_route=\/wp\/v2\/posts"}],"about":[{"href":"https:\/\/aconteceunovale.com.br\/portal\/index.php?rest_route=\/wp\/v2\/types\/post"}],"author":[{"embeddable":true,"href":"https:\/\/aconteceunovale.com.br\/portal\/index.php?rest_route=\/wp\/v2\/users\/1"}],"replies":[{"embeddable":true,"href":"https:\/\/aconteceunovale.com.br\/portal\/index.php?rest_route=%2Fwp%2Fv2%2Fcomments&post=87083"}],"version-history":[{"count":0,"href":"https:\/\/aconteceunovale.com.br\/portal\/index.php?rest_route=\/wp\/v2\/posts\/87083\/revisions"}],"wp:featuredmedia":[{"embeddable":true,"href":"https:\/\/aconteceunovale.com.br\/portal\/index.php?rest_route=\/wp\/v2\/media\/82499"}],"wp:attachment":[{"href":"https:\/\/aconteceunovale.com.br\/portal\/index.php?rest_route=%2Fwp%2Fv2%2Fmedia&parent=87083"}],"wp:term":[{"taxonomy":"category","embeddable":true,"href":"https:\/\/aconteceunovale.com.br\/portal\/index.php?rest_route=%2Fwp%2Fv2%2Fcategories&post=87083"},{"taxonomy":"post_tag","embeddable":true,"href":"https:\/\/aconteceunovale.com.br\/portal\/index.php?rest_route=%2Fwp%2Fv2%2Ftags&post=87083"}],"curies":[{"name":"wp","href":"https:\/\/api.w.org\/{rel}","templated":true}]}}