{"id":87080,"date":"2016-05-16T00:07:22","date_gmt":"2016-05-16T03:07:22","guid":{"rendered":"http:\/\/aconteceunovale.com.br\/portal\/?p=87080"},"modified":"2016-05-16T00:07:22","modified_gmt":"2016-05-16T03:07:22","slug":"michel-temer-afirma-na-tv-que-nao-sera-candidato-a-reeleicao-em-2018","status":"publish","type":"post","link":"https:\/\/aconteceunovale.com.br\/portal\/?p=87080","title":{"rendered":"Michel Temer afirma na TV que n\u00e3o ser\u00e1 candidato \u00e0 reelei\u00e7\u00e3o em 2018"},"content":{"rendered":"<p>O presidente interino Michel Temer afirmou hoje (15\/5) que n\u00e3o tem a inten\u00e7\u00e3o de se candidatar \u00e0 reelei\u00e7\u00e3o. Em entrevista ao programa Fant\u00e1stico, da Rede Globo. Temer disse tamb\u00e9m que, se for confirmado no cargo para cumprir o mandato at\u00e9 31 de dezembro de 2018, pretende reduzir o desemprego e entregar \u00e0 popula\u00e7\u00e3o um pa\u00eds pacificado.<\/p>\n<p>O presidente interino acrescentou que, caso cumpra essas tarefas, se dar\u00e1 por satisfeito. \u201cSe cumprir essa tarefa, me darei por enormemente satisfeito.\u201d Diante da insist\u00eancia da rep\u00f3rter em questionar se ele n\u00e3o ser\u00e1 candidato em nenhuma hip\u00f3tese, Temer respondeu: \u201c\u00c9 uma pergunta complicada &#8216;nenhuma hip\u00f3tese&#8217;. De repente, pode acontecer, mas n\u00e3o \u00e9 minha inten\u00e7\u00e3o. E \u00e9 minha negativa. Estou negando a possibilidade de uma eventual reelei\u00e7\u00e3o, at\u00e9 porque isso me d\u00e1 maior tranquilidade. N\u00e3o preciso, digamos, praticar atos conducentes a uma eventual reelei\u00e7\u00e3o. Posso at\u00e9 ser impopular, desde que produza benef\u00edcios para o pa\u00eds.\u201d<\/p>\n<p>Sobre as cr\u00edticas pela aus\u00eancia de mulheres nos cargos de ministros em seu governo, Temer destacou que o mais importante n\u00e3o \u00e9 ter o r\u00f3tulo de ministro. Afirmou que um dos cargos de maior destaque da Presid\u00eancia da Rep\u00fablica, que \u00e9 a chefia de gabinete, \u00e9 ocupada por uma mulher.<\/p>\n<p>Informou ainda que ser\u00e3o ocupados por mulheres cargos de destaque nas secretarias de Cultura, Ci\u00eancia e Tecnologia e das Mulheres, Igualdade Racial e Direitos Humanos.<\/p>\n<p><img decoding=\"async\" src=\"http:\/\/aconteceunovale.com.br\/portal\/wp-content\/uploads\/2016\/05\/temer_2018.jpg\" alt=\"\" \/><em>Michel Temer disse que, caso confirmado no cargo at\u00e9 31 de dezembro de 2018, pretende reduzir o desemprego e entregar \u00e0 popula\u00e7\u00e3o um pa\u00eds pacificado (Marcello Casal Jr\/Ag\u00eancia Brasil)<\/em><br \/>\n<\/br><\/p>\n<p><strong>Centrais sindicais<\/strong><\/p>\n<p>Na entrevista, Temer disse ainda que vai demitir ministro que cometer irregularidades. \u201cSe houver um equ\u00edvoco, ou equ\u00edvocos administrativos, e, no particular, se houver irregularidades administrativas, eu demito o ministro\u201d, assegurou o presidente interino, que tomou posse e empossou os  novos ministros na quinta-feira (12).<\/p>\n<p>O presidente interino Michel Temer deve se reunir na tarde desta segunda-feira (16) com centrais sindicais para debater propostas de mudan\u00e7as na Previd\u00eancia Social. O encontro est\u00e1 previsto para ocorrer \u00e0s 15h, no Pal\u00e1cio do Planalto. Foram convidados a participar centrais como UGT e For\u00e7a Sindical. tamb\u00e9m devem participar da conversa os ministros da Casa Civil, Eliseu Padilha, da Fazenda, Henrique Meirelles, e do Trabalho, Ronaldo Nogueira. (Ag\u00eancia Brasil)<\/p>\n","protected":false},"excerpt":{"rendered":"<p>O presidente interino Michel Temer afirmou hoje (15\/5) que n\u00e3o tem a inten\u00e7\u00e3o de se candidatar \u00e0 reelei\u00e7\u00e3o. Em entrevista ao programa Fant\u00e1stico, da Rede Globo. Temer disse tamb\u00e9m que, se for confirmado no cargo para cumprir o mandato at\u00e9 31 de dezembro de 2018, pretende reduzir o desemprego e entregar \u00e0 popula\u00e7\u00e3o um pa\u00eds [&hellip;]<\/p>\n","protected":false},"author":1,"featured_media":87081,"comment_status":"open","ping_status":"closed","sticky":false,"template":"","format":"standard","meta":{"amp_status":"","footnotes":""},"categories":[6,40240],"tags":[94731,94730,94733,20181,94738,94736,94737,20807,31967,94728,94729,94732,20744,94734,94735],"class_list":["post-87080","post","type-post","status-publish","format-standard","has-post-thumbnail","hentry","category-br","category-politica-2","tag-entrevista-de-minchel-temer-ao-fantastico","tag-entrevista-de-minchel-temer-ao-programa-fantastico","tag-meta-michel-temer","tag-michel-temer","tag-michel-temer-afirma-na-tv-que-nao-sera-candidato-a-reeleicao-em-2018","tag-michel-temer-nega-reeleicao","tag-ministerio","tag-mulheres","tag-presidencia","tag-presidente-interino-michel-temer","tag-presidente-michel-temer","tag-propostas-michel-temer","tag-reeleicao","tag-temer-nao-sera-candidato-a-reeleicao","tag-temer-nao-sera-candidato-em-2018"],"_links":{"self":[{"href":"https:\/\/aconteceunovale.com.br\/portal\/index.php?rest_route=\/wp\/v2\/posts\/87080","targetHints":{"allow":["GET"]}}],"collection":[{"href":"https:\/\/aconteceunovale.com.br\/portal\/index.php?rest_route=\/wp\/v2\/posts"}],"about":[{"href":"https:\/\/aconteceunovale.com.br\/portal\/index.php?rest_route=\/wp\/v2\/types\/post"}],"author":[{"embeddable":true,"href":"https:\/\/aconteceunovale.com.br\/portal\/index.php?rest_route=\/wp\/v2\/users\/1"}],"replies":[{"embeddable":true,"href":"https:\/\/aconteceunovale.com.br\/portal\/index.php?rest_route=%2Fwp%2Fv2%2Fcomments&post=87080"}],"version-history":[{"count":0,"href":"https:\/\/aconteceunovale.com.br\/portal\/index.php?rest_route=\/wp\/v2\/posts\/87080\/revisions"}],"wp:featuredmedia":[{"embeddable":true,"href":"https:\/\/aconteceunovale.com.br\/portal\/index.php?rest_route=\/wp\/v2\/media\/87081"}],"wp:attachment":[{"href":"https:\/\/aconteceunovale.com.br\/portal\/index.php?rest_route=%2Fwp%2Fv2%2Fmedia&parent=87080"}],"wp:term":[{"taxonomy":"category","embeddable":true,"href":"https:\/\/aconteceunovale.com.br\/portal\/index.php?rest_route=%2Fwp%2Fv2%2Fcategories&post=87080"},{"taxonomy":"post_tag","embeddable":true,"href":"https:\/\/aconteceunovale.com.br\/portal\/index.php?rest_route=%2Fwp%2Fv2%2Ftags&post=87080"}],"curies":[{"name":"wp","href":"https:\/\/api.w.org\/{rel}","templated":true}]}}