{"id":87069,"date":"2016-05-15T19:48:00","date_gmt":"2016-05-15T22:48:00","guid":{"rendered":"http:\/\/aconteceunovale.com.br\/portal\/?p=87069"},"modified":"2016-05-15T19:48:00","modified_gmt":"2016-05-15T22:48:00","slug":"colisao-frontal-entre-dois-carros-deixa-quatro-feridos-na-br-251-no-norte-de-minas","status":"publish","type":"post","link":"https:\/\/aconteceunovale.com.br\/portal\/?p=87069","title":{"rendered":"Colis\u00e3o frontal entre dois carros deixa quatro feridos na BR-251, no Norte de Minas"},"content":{"rendered":"<p>Quatro pessoas ficaram feridas em um acidente na manh\u00e3 deste domingo, 15 de maio, na BR-251, pr\u00f3ximo ao trevo de Gr\u00e3o Mogol, na regi\u00e3o Norte de Minas Gerais. Segundo informa\u00e7\u00f5es do Corpo de Bombeiros, dois carros de passeio colidiram frontalmente na altura do quil\u00f4metro 440 da rodovia.<\/p>\n<p>Ainda de acordo com os bombeiros, o motorista de um dos ve\u00edculos afirmou que seguia em dire\u00e7\u00e3o a Montes Claros, mas cochilou e invadiu a pista contr\u00e1ria, provocando a batida. O Samu tamb\u00e9m esteve no local e ajudou a prestar socorro \u00e0s v\u00edtimas. Elas foram levadas para hospitais de Francisco S\u00e1 e Montes Claros com ferimentos leves.<\/p>\n<p><img decoding=\"async\" src=\"http:\/\/aconteceunovale.com.br\/portal\/wp-content\/uploads\/2016\/05\/acidente_251_15.jpg\" alt=\"\" \/><em>Acidente aconteceu no km 440 da BR-251, no Norte de Minas (Foto: Internauta \/ WhatsApp)<\/em><br \/>\n<\/br><\/p>\n<p><em>(G1 Grande Minas)<\/em><\/p>\n","protected":false},"excerpt":{"rendered":"<p>Quatro pessoas ficaram feridas em um acidente na manh\u00e3 deste domingo, 15 de maio, na BR-251, pr\u00f3ximo ao trevo de Gr\u00e3o Mogol, na regi\u00e3o Norte de Minas Gerais. Segundo informa\u00e7\u00f5es do Corpo de Bombeiros, dois carros de passeio colidiram frontalmente na altura do quil\u00f4metro 440 da rodovia. Ainda de acordo com os bombeiros, o motorista [&hellip;]<\/p>\n","protected":false},"author":1,"featured_media":87070,"comment_status":"open","ping_status":"closed","sticky":false,"template":"","format":"standard","meta":{"amp_status":"","footnotes":""},"categories":[1236],"tags":[1396,92756,94673,94674,94672,921,94670,94671],"class_list":["post-87069","post","type-post","status-publish","format-standard","has-post-thumbnail","hentry","category-norte_de_minas","tag-acidente-na-br-251","tag-acidente-na-br-251-no-norte-de-minas","tag-acidente-na-br-251-perto-de-barrocao","tag-acidente-na-br-251-perto-de-grao-mogol","tag-acidente-na-br-251-perto-de-montes-claros","tag-br-251","tag-colisao-frontal-entre-dois-carros-deixa-quatro-feridos-na-br-251","tag-colisao-frontal-entre-dois-carros-deixa-quatro-feridos-na-br-251-no-norte-de-minas"],"_links":{"self":[{"href":"https:\/\/aconteceunovale.com.br\/portal\/index.php?rest_route=\/wp\/v2\/posts\/87069","targetHints":{"allow":["GET"]}}],"collection":[{"href":"https:\/\/aconteceunovale.com.br\/portal\/index.php?rest_route=\/wp\/v2\/posts"}],"about":[{"href":"https:\/\/aconteceunovale.com.br\/portal\/index.php?rest_route=\/wp\/v2\/types\/post"}],"author":[{"embeddable":true,"href":"https:\/\/aconteceunovale.com.br\/portal\/index.php?rest_route=\/wp\/v2\/users\/1"}],"replies":[{"embeddable":true,"href":"https:\/\/aconteceunovale.com.br\/portal\/index.php?rest_route=%2Fwp%2Fv2%2Fcomments&post=87069"}],"version-history":[{"count":0,"href":"https:\/\/aconteceunovale.com.br\/portal\/index.php?rest_route=\/wp\/v2\/posts\/87069\/revisions"}],"wp:featuredmedia":[{"embeddable":true,"href":"https:\/\/aconteceunovale.com.br\/portal\/index.php?rest_route=\/wp\/v2\/media\/87070"}],"wp:attachment":[{"href":"https:\/\/aconteceunovale.com.br\/portal\/index.php?rest_route=%2Fwp%2Fv2%2Fmedia&parent=87069"}],"wp:term":[{"taxonomy":"category","embeddable":true,"href":"https:\/\/aconteceunovale.com.br\/portal\/index.php?rest_route=%2Fwp%2Fv2%2Fcategories&post=87069"},{"taxonomy":"post_tag","embeddable":true,"href":"https:\/\/aconteceunovale.com.br\/portal\/index.php?rest_route=%2Fwp%2Fv2%2Ftags&post=87069"}],"curies":[{"name":"wp","href":"https:\/\/api.w.org\/{rel}","templated":true}]}}