{"id":87053,"date":"2016-05-15T18:31:03","date_gmt":"2016-05-15T21:31:03","guid":{"rendered":"http:\/\/aconteceunovale.com.br\/portal\/?p=87053"},"modified":"2016-05-15T18:31:03","modified_gmt":"2016-05-15T21:31:03","slug":"recuperacao-da-economia-sera-grande-desafio-de-michel-temer-dizem-analistas","status":"publish","type":"post","link":"https:\/\/aconteceunovale.com.br\/portal\/?p=87053","title":{"rendered":"Recupera\u00e7\u00e3o da economia ser\u00e1 grande desafio de Michel Temer, dizem analistas"},"content":{"rendered":"<p>Em 2007, quando foi confirmada a maior descoberta de petr\u00f3leo da hist\u00f3ria do pa\u00eds, as reservas do pr\u00e9-sal, o Brasil experimentava um momento \u00fanico. A economia tinha crescido 6,1% naquele ano, incentivada pela exporta\u00e7\u00e3o de commodities agr\u00edcolas. A infla\u00e7\u00e3o caiu de 6,88% em 2005 para 3,6%, a menor taxa desde 1998. A confian\u00e7a era inabal\u00e1vel e os investidores concordavam que o Brasil era o mais promissor dos Brics (Brasil, R\u00fassia, \u00cdndia, China e \u00c1frica do Sul), com democracia est\u00e1vel, popula\u00e7\u00e3o jovem e recursos naturais abundantes.<\/p>\n<p>Menos de uma d\u00e9cada depois, a realidade mudou. A principal economia da Am\u00e9rica Latina mergulhou na pior crise econ\u00f4mica deste s\u00e9culo, agravada pela forte queda no pre\u00e7o das commodities (mat\u00e9rias-primas), pelo aumento insustent\u00e1vel da d\u00edvida p\u00fablica, pelo processo de impeachment que paralisou o Congresso e por um esc\u00e2ndalo de corrup\u00e7\u00e3o na Petrobras.<\/p>\n<p>A situa\u00e7\u00e3o que o presidente interino, Michel Temer (PMDB), ter\u00e1 que enfrentar nos pr\u00f3ximos dias n\u00e3o \u00e9 favor\u00e1vel. O Produto Interno Bruto  (PIB, a soma dos bens e servi\u00e7os produzidos no pa\u00eds) encolheu 3,8% em 2015, a pior queda em 25 anos. A expectativa para 2016 \u00e9 de que a retra\u00e7\u00e3o se mantenha em torno de 3,8%. A infla\u00e7\u00e3o mais que dobrou em rela\u00e7\u00e3o a 2007 e com isso a taxa b\u00e1sica de juros ultrapassou os 14%. O desemprego passou dos dois d\u00edgitos: 10,2% dos trabalhadores est\u00e3o fora do mercado, o que representa 10,4 milh\u00f5es de brasileiros.<\/p>\n<p>Com o aprofundamento da recess\u00e3o, milh\u00f5es de brasileiros que ingressaram na chamada \u201cnova classe m\u00e9dia\u201d durante a boa fase da economia est\u00e3o retornando para a pobreza. Estudo da consultoria Tend\u00eancias, com sede em S\u00e3o Paulo, prev\u00ea que 3,1 milh\u00f5es de fam\u00edlias, cerca de 10 milh\u00f5es de pessoas, voltar\u00e3o a integrar o grupo menos favorecido da popula\u00e7\u00e3o. A mobilidade social vista em sete anos (de 2006 a 2012) pode ser apagada em tr\u00eas (2015 a 2017), diz o estudo.<\/p>\n<p>Um esfor\u00e7o muito grande ter\u00e1 que ser feito para reconquistar a confian\u00e7a dos investidores e colocar a economia de volta nos trilhos. O fundador da consultoria para mercados emergentes EM+BRACE, Robert Abad, com sede na Calif\u00f3rnia, acha que o novo governo ter\u00e1 que come\u00e7ar tudo de novo e provar ao mercado que as pol\u00edticas econ\u00f4micas propostas s\u00e3o s\u00f3lidas, o que levar\u00e1 tempo.<\/p>\n<p>\u201cForam anos para que o Brasil recebesse grau de investimento das ag\u00eancias de classifica\u00e7\u00e3o de risco, para que o mercado acreditasse que o milagre estava acontecendo\u201d, diz Abad. Com a crise, o Brasil foi rebaixado pelas tr\u00eas principais ag\u00eancias internacionais (Standard and Poor&#8217;s, Moody&#8217;s e Fitch) e perdeu o t\u00edtulo de bom pagador, o que afastou os investimentos estrangeiros.<\/p>\n<p>A plataforma econ\u00f4mica apresentada pelo vice-presidente Michel Temer em outubro foi bem recebida pelos mercados financeiros, mas recebeu cr\u00edticas de sindicalistas. Na Ponte para o Futuro est\u00e3o previstas reformas, como a previdenci\u00e1ria e trabalhista, e mudan\u00e7as na Constitui\u00e7\u00e3o para permitir um corte profundo nos gastos do governo. O documento prev\u00ea ainda maior abertura ao capital estrangeiro. O objetivo \u00e9 criar condi\u00e7\u00f5es para que o Brasil alcance um desenvolvimento sustentado de 3,5% a 4% ao ano na pr\u00f3xima d\u00e9cada, meta desafiadora para uma economia que deve sofrer contra\u00e7\u00e3o de 3,8% este ano.<\/p>\n<p>Muitos analistas, entretanto, est\u00e3o cautelosos. \u201cVai haver uma boa vontade inicial, uma fase de lua de mel. Mas do ponto de vista das ruas, Temer n\u00e3o representa grande mudan\u00e7a. N\u00e3o sabemos se as manifesta\u00e7\u00f5es v\u00e3o parar\u201d, diz o cientista pol\u00edtico Anthony Pereira, diretor do King&#8217;s Brazil Institute, em Londres.<\/p>\n<p>Pesquisa Datafolha realizada logo depois que a C\u00e2mara deu o aval ao pedido de impeachment apontou alto \u00edndice de rejei\u00e7\u00e3o ao l\u00edder peemedebista. No grupo contr\u00e1rio a Dilma, 54% dos entrevistados disseram ser favor\u00e1veis tamb\u00e9m ao afastamento de Temer. Entre os apoiadores de Dilma, a porcentagem de descontentes com Temer chega a 79%.<\/p>\n<p>Na vis\u00e3o de Pereira, o que vai acontecer com o ex-presidente Luiz In\u00e1cio Lula da Silva tamb\u00e9m influenciar\u00e1 o futuro do pa\u00eds. \u201cGostaria de pensar que a esquerda vai assumir calmamente o papel de oposi\u00e7\u00e3o, mas n\u00e3o \u00e9 assim que as coisas acontecem. Podemos esperar mais inquieta\u00e7\u00e3o social\u201d, diz.<\/p>\n<p>Lula, que pode concorrer \u00e0 presid\u00eancia nas elei\u00e7\u00f5es de 2018, est\u00e1 sendo investigado no \u00e2mbito da Opera\u00e7\u00e3o Lava Jato. Al\u00e9m dele, pelo menos 34 membros da C\u00e2mara e do Senado, de diferentes partidos, est\u00e3o sob investiga\u00e7\u00e3o. A opera\u00e7\u00e3o, que est\u00e1 na 28\u00aa fase, n\u00e3o tem data para terminar.<\/p>\n<p>Junto com Dilma, Temer tamb\u00e9m enfrenta um processo no Tribunal Superior Eleitoral (TSE) por supostas irregularidades na campanha, o que poderia resultar na invalida\u00e7\u00e3o da chapa vencedora nas elei\u00e7\u00f5es de 2014 e consequente perda do cargo de vice-presidente.<\/p>\n<p>Com tantas press\u00f5es de diferentes lados, analistas acham que o l\u00edder peemedebista n\u00e3o conseguir\u00e1 promover reformas significativas e reativar a economia. \u201cVejo uma recupera\u00e7\u00e3o lenta pois os pilares do crescimento est\u00e3o ruindo na nossa frente. A previd\u00eancia social \u00e9 insustent\u00e1vel, a d\u00edvida p\u00fablica n\u00e3o para de crescer e h\u00e1 uma paralisia no setor produtivo\u201d, afirma o economista Marcos Casarin, da Oxford Economics.<\/p>\n<p>O relat\u00f3rio Fiscal Monitor 2016, publicado em abril pelo Fundo Monet\u00e1rio Internacional (FMI), prev\u00ea que o Brasil n\u00e3o alcan\u00e7ar\u00e1 um super\u00e1vit prim\u00e1rio, no qual a arrecada\u00e7\u00e3o \u00e9 maior do que os gastos, antes de 2020. O FMI estima um d\u00e9ficit prim\u00e1rio de 1,7% do PIB este ano, menor que o 1,9% registrado em 2015 (R$ 111 bilh\u00f5es), o pior da hist\u00f3ria do pa\u00eds. Esta \u00e9 a terceira vez seguida que o governo n\u00e3o consegue economizar dinheiro para pagar os credores.<\/p>\n<p>Para Casarin, um dos principais problemas que precisam ser atacados para restaurar o equil\u00edbrio fiscal \u00e9 a Previd\u00eancia. A popula\u00e7\u00e3o brasileira mal come\u00e7ou a envelhecer \u2013 a idade m\u00e9dia do brasileiro em 2015 era 31,1 anos, comparada a 47,5 anos na Alemanha, por exemplo \u2013 e os gastos com a Previd\u00eancia Social j\u00e1 chegam a 44% do total de despesas prim\u00e1rias do governo.<\/p>\n<p>\u201cA taxa de natalidade diminui e a expectativa de vida aumenta rapidamente. \u00c9 insustent\u00e1vel. \u00c9 preciso elevar a idade m\u00ednima para aposentadoria e mudar a regra de indexa\u00e7\u00e3o. As aposentadorias n\u00e3o deveriam ser indexadas ao sal\u00e1rio m\u00ednimo, mas \u00e0 infla\u00e7\u00e3o\u201d, diz.<\/p>\n<p>Os brasileiros se aposentam, em m\u00e9dia, aos 55 anos, por tempo de contribui\u00e7\u00e3o. Na Alemanha, a idade m\u00ednima de aposentadoria \u00e9 65 anos.<\/p>\n<p>Para o ex-diretor do Banco Mundial e professor adjunto da Funda\u00e7\u00e3o Dom Cabral, Carlos Primo Braga, o Brasil tem muitas vantagens competitivas e n\u00e3o mergulhar\u00e1 numa depress\u00e3o. \u201cEu n\u00e3o tenho d\u00favida de que, aos nos livrarmos da incerteza, aos poucos retomaremos o ritmo de crescimento. Esta n\u00e3o ser\u00e1 uma d\u00e9cada perdida\u201d, afirma.<\/p>\n<p>O brit\u00e2nico, filho de m\u00e3e brasileira, Daniel Hamilton, diretor s\u00eanior na consultoria global de neg\u00f3cios FTI Consulting, \u00e9 mais pessimista. Ele acha que o Brasil nunca ser\u00e1 capaz de promover as reformas necess\u00e1rias ao desenvolvimento enquanto n\u00e3o tiver um n\u00famero menor de partidos. \u201cH\u00e1 quase 40 partidos no Brasil. Pelo menos nove deles estavam representados no governo do PT, pedindo favores pol\u00edticos e concess\u00f5es aqui e ali. N\u00e3o importa quem est\u00e1 no poder, pois as pol\u00edticas resultar\u00e3o na mesma coisa\u201d, diz. A reforma pol\u00edtica, entretanto, est\u00e1 em discuss\u00e3o no Congresso h\u00e1 mais de 20 anos.<\/p>\n<p>Depois de ver tantas oportunidades desperdi\u00e7adas ao longo dos anos, Hamilton tem pouca esperan\u00e7a de que o Brasil consiga superar os grandes problemas que sempre impediram que o pa\u00eds decolasse. Perguntado sobre a expectativa dele para o futuro do pa\u00eds, Hamilton cita uma frase atribu\u00edda questionavelmente ao l\u00edder franc\u00eas Charles de Gaulle: \u201cO Brasil \u00e9 a terra do futuro e sempre ser\u00e1\u201d.<\/p>\n<p>(Ag\u00eancia Brasil)<\/p>\n","protected":false},"excerpt":{"rendered":"<p>Em 2007, quando foi confirmada a maior descoberta de petr\u00f3leo da hist\u00f3ria do pa\u00eds, as reservas do pr\u00e9-sal, o Brasil experimentava um momento \u00fanico. A economia tinha crescido 6,1% naquele ano, incentivada pela exporta\u00e7\u00e3o de commodities agr\u00edcolas. A infla\u00e7\u00e3o caiu de 6,88% em 2005 para 3,6%, a menor taxa desde 1998. A confian\u00e7a era inabal\u00e1vel [&hellip;]<\/p>\n","protected":false},"author":1,"featured_media":87054,"comment_status":"open","ping_status":"closed","sticky":false,"template":"","format":"standard","meta":{"amp_status":"","footnotes":""},"categories":[6,40240],"tags":[4785,94599,94606,35608,94604,94612,37083,47237,37085,94630,18928,1018,2162,94621,94628,55503,94597,94600,94607,40841,94613,94627,94623,94634,94631,37792,6116,94603,94610,94619,94620,29624,94622,94624,94616,94601,94609,94635,94598,94605,94615,20863,19588,94614,94611,34831,94625,94602,94608,94632,37096,94633,94629,94626,94617,94618],"class_list":["post-87053","post","type-post","status-publish","format-standard","has-post-thumbnail","hentry","category-br","category-politica-2","tag-brasil","tag-causa-da-crise-economica-brasileira","tag-causa-da-crise-economica-no-brasil","tag-cni","tag-commodities","tag-crescente-demanda-chinesa","tag-crise-economica","tag-crise-economica-brasileira","tag-crise-economica-no-brasil","tag-desafio-de-michel-temer","tag-desafios","tag-destaque","tag-dilma-rousseff","tag-diretor-de-politicas-e-estrategia-da-confederacao-nacional-da-industria","tag-diretor-senior-da-consultoria-global-de-riscos-control-risks","tag-economia-brasileira","tag-entenda-a-crise-economica","tag-entender-crise-economica-brasileira","tag-entender-crise-economica-no-brasil","tag-exportacao","tag-exportacoes-brasileiras","tag-geert-aalbers","tag-governo-de-dilma","tag-governo-temer","tag-grande-desafio-de-michel-temer","tag-impeachment","tag-inflacao","tag-inicio-da-crise-economica-brasileira","tag-inicio-da-crise-economica-no-brasil","tag-invasao-de-produtos-importados-da-china","tag-jose-augusto-fernandes","tag-juros","tag-luiz-fernando-furlan","tag-luta-contra-a-corrupcao-no-brasil","tag-maior-parceiro-comercial-do-brasil","tag-motivacao-crise-economica-brasileira","tag-motivacao-da-crise-economica-no-brasil","tag-nova-classe-media","tag-o-que-provocou-a-crise-economica-brasileira","tag-o-que-provocou-a-crise-economica-no-brasil","tag-parceiro-comercial-do-brasil","tag-petroleo","tag-pib","tag-pib-brasil","tag-preco-das-commodities-no-mercado-internacional","tag-precos","tag-primeiros-resultados-da-operacao-lava-jato","tag-quando-comecou-a-crise-economica-brasileira","tag-quando-comecou-a-crise-economica-no-brasil","tag-recuperacao-da-economia","tag-recuperacao-da-economia-brasileira","tag-recuperacao-da-economia-do-brasil","tag-recuperacao-da-economia-sera-grande-desafio-de-michel-temer","tag-resultados-da-operacao-lava-jato","tag-robert-abad","tag-superciclo-das-commodities"],"_links":{"self":[{"href":"https:\/\/aconteceunovale.com.br\/portal\/index.php?rest_route=\/wp\/v2\/posts\/87053","targetHints":{"allow":["GET"]}}],"collection":[{"href":"https:\/\/aconteceunovale.com.br\/portal\/index.php?rest_route=\/wp\/v2\/posts"}],"about":[{"href":"https:\/\/aconteceunovale.com.br\/portal\/index.php?rest_route=\/wp\/v2\/types\/post"}],"author":[{"embeddable":true,"href":"https:\/\/aconteceunovale.com.br\/portal\/index.php?rest_route=\/wp\/v2\/users\/1"}],"replies":[{"embeddable":true,"href":"https:\/\/aconteceunovale.com.br\/portal\/index.php?rest_route=%2Fwp%2Fv2%2Fcomments&post=87053"}],"version-history":[{"count":0,"href":"https:\/\/aconteceunovale.com.br\/portal\/index.php?rest_route=\/wp\/v2\/posts\/87053\/revisions"}],"wp:featuredmedia":[{"embeddable":true,"href":"https:\/\/aconteceunovale.com.br\/portal\/index.php?rest_route=\/wp\/v2\/media\/87054"}],"wp:attachment":[{"href":"https:\/\/aconteceunovale.com.br\/portal\/index.php?rest_route=%2Fwp%2Fv2%2Fmedia&parent=87053"}],"wp:term":[{"taxonomy":"category","embeddable":true,"href":"https:\/\/aconteceunovale.com.br\/portal\/index.php?rest_route=%2Fwp%2Fv2%2Fcategories&post=87053"},{"taxonomy":"post_tag","embeddable":true,"href":"https:\/\/aconteceunovale.com.br\/portal\/index.php?rest_route=%2Fwp%2Fv2%2Ftags&post=87053"}],"curies":[{"name":"wp","href":"https:\/\/api.w.org\/{rel}","templated":true}]}}