{"id":87046,"date":"2016-05-15T18:14:00","date_gmt":"2016-05-15T21:14:00","guid":{"rendered":"http:\/\/aconteceunovale.com.br\/portal\/?p=87046"},"modified":"2016-05-15T18:14:00","modified_gmt":"2016-05-15T21:14:00","slug":"passagem-da-tocha-olimpica-por-belo-horizonte-e-marcada-por-atos-politicos-e-homenagens","status":"publish","type":"post","link":"https:\/\/aconteceunovale.com.br\/portal\/?p=87046","title":{"rendered":"Passagem da Tocha Ol\u00edmpica por Belo Horizonte \u00e9 marcada por atos pol\u00edticos e homenagens"},"content":{"rendered":"<p>A passagem da tocha ol\u00edmpica por Belo Horizonte neste s\u00e1bado (14\/5) assimilou o clima pol\u00edtico existente no pa\u00eds. Desde o in\u00edcio do percurso, diversas pessoas manifestaram, por meio de palavras de ordem e cartazes, posi\u00e7\u00e3o cr\u00edtica em rela\u00e7\u00e3o ao afastamento de Dilma Rousseff (PT) da Presid\u00eancia da Rep\u00fablica e a temas como corrup\u00e7\u00e3o. Eles classificaram de golpe o processo em curso no pa\u00eds. Na Pra\u00e7a da Liberdade, houve tamb\u00e9m um ato contra o governador Fernando Pimentel, organizado pelo Vem Pra Rua, um dos movimentos que participaram da mobiliza\u00e7\u00e3o a favor do impeachment.<\/p>\n<p>O trajeto da tocha na capital mineira teve in\u00edcio pela orla da Lagoa da Pampulha. O ponto de partida foi o Museu de Arte da Pampulha, com presen\u00e7a do prefeito M\u00e1rcio Lacerda. J\u00e1 ali, dezenas de manifestantes portavam cartazes com os dizeres &#8220;golpe nunca mais&#8221;. Manifesta\u00e7\u00f5es aleat\u00f3rias e espont\u00e2neas com o mesmo teor ocorreram em diversos locais do percurso.<\/p>\n<p>O ge\u00f3grafo Itamar Lucas Magalh\u00e3es produziu, junto com duas amigas, cartazes com frases em ingl\u00eas. &#8220;\u00c9 um evento de envergadura mundial. Ent\u00e3o \u00e9 uma forma de darmos visibilidade para a comunidade internacional ao golpe que est\u00e1 em curso no Brasil e \u00e0 deposi\u00e7\u00e3o de um governo democr\u00e1tico&#8221;, disse.<\/p>\n<p>No centro de Belo Horizonte, quem acompanhou a tocha se deparou ainda com uma manifesta\u00e7\u00e3o no alto do edif\u00edcio da Faculdade de Direito da UFMG. A instiui\u00e7\u00e3o est\u00e1 ocupada desde quinta-feira (11) por estudantes insatisfeitos com o afastamento de Dilma Rousseff. Com cartazes e palavras de ordem contra o impeachment, eles se prepararam para receber a tocha ol\u00edmpica.<\/p>\n<p>Na Pra\u00e7a da Liberdade, foi a vez de manifestantes favor\u00e1veis ao impeachment marcar presen\u00e7a. Organizados pelo movimento Vem Pra Rua, desta vez eles deixaram de ter como alvo central a presidenta afastada Dilma Rousseff. O centro do ato foi o governador mineiro Fernando Pimentel (PT). &#8220;\u00c9 um ato espont\u00e2neo organizado de ontem para hoje. \u00c9 onde a imprensa est\u00e1 toda reunida. Ent\u00e3o \u00e9 importante trazer uma pauta real. Viemos lembrar ao Pimentel que Minas Gerais agora est\u00e1 de olho nele&#8221;, disse o estudante Lucas Dornelas.<\/p>\n<p>Os manifestantes portavam cartazes pedindo a sa\u00edda de Pimentel do governo do estado. Eles lembravam tamb\u00e9m as den\u00fancias da Opera\u00e7\u00e3o Acr\u00f4nimo. A Procuradoria-Geral da Rep\u00fablica denuncia o governador por beneficiar empresas na implementa\u00e7\u00e3o de pol\u00edticas p\u00fablicas. Sua mulher Carolina Pimentel tamb\u00e9m \u00e9 investigada, suspeita de receber verbais ilegais e repassar para a campanha do marido. H\u00e1 duas semanas, a primeira-dama foi nomeada para a Secretaria de Trabalho e Desenvolvimento Social do Governo de Minas Gerais (Sedese), mas uma liminar concedida pelo Tribunal de Justi\u00e7a de Minas Gerais suspendeu o ato na \u00faltima quinta-feira (12). O magistrado entendeu que houve desvio de finalidade.<\/p>\n<p><img decoding=\"async\" src=\"http:\/\/aconteceunovale.com.br\/portal\/wp-content\/uploads\/2016\/05\/tocha_bh_1.jpg\" alt=\"\" \/><em>No centro de BH, estudantes da Faculdade de Direito da UFMG recebem a passagem da tocha com cartazes contra impeachment de Dilma Rousseff (Foto: L\u00e9o Rodrigues\/Ag\u00eancia Brasil)<\/em><br \/>\n<\/br><\/p>\n<p><strong>Homenagens<\/strong><\/p>\n<p>Mas nem s\u00f3 de protesto se fez o percurso da tocha ol\u00edmpica. O que tamb\u00e9m chamou a aten\u00e7\u00e3o foram as homenagens \u00e0queles escolhidos para carregar o fogo ol\u00edmpico. Na Pra\u00e7a Raul Soares, no centro da cidade, um grupo de idosos prestava homenagem a Lenisse Germ\u00e2nia. Ela foi escolhida para transportar a tocha em reconhecimento ao trabalho feito no grupo de conviv\u00eancia da terceira idade Realce a Vida. Criado em 2000, trata-se de um projeto voltado para o fortalecimento do Estatuto do Idoso. Os participantes integram grupos de cantigas de roda e teatro e se apresentam em escolas, asilos, faculdades e outros espa\u00e7os. &#8220;Estamos todos com uma bandeira branca porque a Lenisse \u00e9 muito da paz&#8221;, afirmou a aposentada Marlene Soares.<\/p>\n<p>Na Rua da Bahia, judocas de quimono ovacionavam o mestre Shihan Galileu, outro que tamb\u00e9m foi selecionado para carregar a tocha. A estudante Gabriela Martins da Rocha saiu de S\u00e3o Jos\u00e9 da Lapa, a cerca de 40 quil\u00f4metros da capital, para participar do evento. &#8220;Decidimos vir com o nosso uniforme de jud\u00f4, que \u00e9 a nossa ess\u00eancia. O Brasil inteiro est\u00e1 de olho no trajeto da tocha, e eu fico lisonjeada de ver meu professor levando ela, simbolizando a uni\u00e3o dos povos&#8221;, disse. Ela aposta no sucesso do jud\u00f4 brasileiro na Olimp\u00edada do Rio e se inspira em Sarah Menezes. &#8220;Eu sou apaixonada por essa mulher. Admiro demais o jud\u00f4 dela&#8221;, afirmou.<\/p>\n<p>Entre os integrantes do revezamento da tocha ol\u00edmpica, em Belo Horizonte, tamb\u00e9m estavam famosos como a cantora Paula Fernandes, o ex-jogador de v\u00f4lei Nalbert Bittencourt e a atual jogadora de v\u00f4lei Sheila Castro. Os patrocinadores do ritual &#8211; Bradesco, Coca-Cola e Nissan &#8211; selecionaram outros participantes entre aqueles que se inscreveram por meio da internet e pessoas que desenvolvem projetos sociais nas cidades. Em todo o Brasil, a tocha dever\u00e1 passar pelas m\u00e3os de 12 mil pessoas.<\/p>\n<p>O evento na capital mineira teve como destino final a Pra\u00e7a da Esta\u00e7\u00e3o. Um show da banda mineira Jota Quest encerra a programa\u00e7\u00e3o.<\/p>\n<p><img decoding=\"async\" src=\"http:\/\/aconteceunovale.com.br\/portal\/wp-content\/uploads\/2016\/05\/tocha_bh_2.jpg\" alt=\"\" \/><em>Lenisse Germ\u00e2nia agradece homenagem (Foto: L\u00e9o Rodrigues\/Ag\u00eancia Brasil)<\/em><br \/>\n<\/br><\/p>\n<p><strong>Esp\u00edrito ol\u00edmpico<\/strong><\/p>\n<p>Para alguns, acompanhar a tocha se transformou num evento familiar. O m\u00e9dico Luiz Fernando dos Santos foi acompanhado de mulher e dos filhos. Segundo ele, \u00e9 importante apresentar o esp\u00edrito ol\u00edmpico \u00e0s crian\u00e7as. Quem aprovou a ideia foi Luiz Felipe dos Santos, de 11 anos. &#8220;Achei legal que um tanto de gente veio s\u00f3 para ver a tocha. Mas n\u00e3o \u00e9 s\u00f3 uma tocha, ela simboliza todo o evento e o esp\u00edrito das olimp\u00edadas&#8221;.<\/p>\n<p>A tocha ol\u00edmpica faz refer\u00eancia ao fogo que queimava em homenagem \u00e0 deusa Hera durante os Jogos de Ol\u00edmpia, na Gr\u00e9cia Antiga. Nas olimp\u00edadas modernas, o ritual de revezamento da chama teve in\u00edcio em 1936, quando o evento esportivo ocorreu em Berlim, capital da Alemanha. O objetivo era estabelecer um elo entre os jogos da antiguidade e os jogos contempor\u00e2neos. Por isso, a tocha \u00e9 acessa em uma cerim\u00f4nia na Gr\u00e9cia e depois levada para o pa\u00eds-sede. Ao longo dos anos, a chama ol\u00edmpica se consolidou como s\u00edmbolo de paz, uni\u00e3o e amizades entre os povos.<\/p>\n<p>Para a pedagoga e artista pl\u00e1stica \u00c2ngela Rosalina Silva, acompanhar o evento \u00e9 um ato de patriotismo. Para ela, \u00e9 tamb\u00e9m uma forma de prestar apoio aos atletas brasileiros. &#8220;O esporte no Brasil \u00e9 muito pouco valorizado. Ent\u00e3o acho importante fazer um esfor\u00e7o para prestigiar e mandar nossas energias para os atletas que v\u00e3o representar o pa\u00eds&#8221;.<\/p>\n<p><strong>Trajeto<\/strong><\/p>\n<p>Nesta edi\u00e7\u00e3o, a tocha passar\u00e1 por 300 cidades brasileiras ao longo de tr\u00eas meses. O destino final \u00e9 o Est\u00e1dio Maracan\u00e3, no Rio de Janeiro, que sediar\u00e1 a cerim\u00f4nia de abertura dos Jogos Ol\u00edmpicos 2016 no dia 5 de agosto. No evento, a tocha ser\u00e1 usada para acendimento da pira ol\u00edmpica.<\/p>\n<p>O ritual de passagem de chama ol\u00edmpica teve in\u00edcio no dia 3 de maio em Bras\u00edlia. Em Minas Gerais, a primeira cidade a receber o fogo ol\u00edmpico foi Araguari (MG), no dia 7 de maio. Antes de chegar a Belo Horizonte, outros 26 munic\u00edpios a recepcionaram. O pr\u00f3ximo destino \u00e9 a cidade hist\u00f3rica de S\u00e3o Jo\u00e3o del-Rei (MG). De l\u00e1, o revezamento far\u00e1 um percurso em um trem Maria Fuma\u00e7a at\u00e9 Tiradentes (MG). Depois os destinos s\u00e3o Barbacena (MG), Juiz de Fora (MG), Bicas (MG), Leopoldina (MG) e Muria\u00e9 (MG), quando se encerra o percurso em solo mineiro.<\/p>\n","protected":false},"excerpt":{"rendered":"<p>A passagem da tocha ol\u00edmpica por Belo Horizonte neste s\u00e1bado (14\/5) assimilou o clima pol\u00edtico existente no pa\u00eds. Desde o in\u00edcio do percurso, diversas pessoas manifestaram, por meio de palavras de ordem e cartazes, posi\u00e7\u00e3o cr\u00edtica em rela\u00e7\u00e3o ao afastamento de Dilma Rousseff (PT) da Presid\u00eancia da Rep\u00fablica e a temas como corrup\u00e7\u00e3o. Eles classificaram [&hellip;]<\/p>\n","protected":false},"author":1,"featured_media":87048,"comment_status":"open","ping_status":"closed","sticky":false,"template":"","format":"standard","meta":{"amp_status":"","footnotes":""},"categories":[59,123,40240],"tags":[194,94500,94504,94496,94503,94507,94499,94203,94200,94495,94596,94595,18061,94509,94510,94508,94502,94506,94498,94204,94199,94494,94491,94201,94197,94492,94501,94505,94497,94202,94198,94493],"class_list":["post-87046","post","type-post","status-publish","format-standard","has-post-thumbnail","hentry","category-sports","category-gerais","category-politica-2","tag-belo-horizonte","tag-chama-olimpica-em-belo-horizonte","tag-chama-olimpica-na-capital-mineira","tag-chama-olimpica-na-pampulha","tag-passagem-da-chama-olimpica-em-belo-horizonte","tag-passagem-da-chama-olimpica-na-capital-mineira","tag-passagem-da-chama-olimpica-na-pampulha","tag-passagem-da-tocha-olimpica-em-belo-horizonte","tag-passagem-da-tocha-olimpica-na-capital-mineira","tag-passagem-da-tocha-olimpica-na-pampulha","tag-passagem-da-tocha-olimpica-por-belo-horizonte","tag-passagem-da-tocha-olimpica-por-belo-horizonte-e-marcada-por-atos-politicos-e-homenagens","tag-paula-fernandes","tag-paula-fernandes-conduz-o-simbolo-olimpico-em-belo-horizonte","tag-paula-fernandes-conduz-o-simbolo-olimpico-no-complexo-arquitetonico-e-paisagistico-da-pampulha","tag-ponto-alto-do-revezamento-em-volta-da-lagoa-aconteceu-em-frente-a-igreja-sao-francisco-de-assis","tag-revezamento-da-chama-olimpica-em-belo-horizonte","tag-revezamento-da-chama-olimpica-na-capital-mineira","tag-revezamento-da-chama-olimpica-na-pampulha","tag-revezamento-da-tocha-olimpica-em-belo-horizonte","tag-revezamento-da-tocha-olimpica-na-capital-mineira","tag-revezamento-da-tocha-olimpica-na-pampulha","tag-simbolo-olimpico-percorre-o-complexo-arquitetonico-e-paisagistico-da-pampulha","tag-tocha-olimpica-em-belo-horizonte","tag-tocha-olimpica-na-capital-mineira","tag-tocha-olimpica-na-pampulha","tag-tour-da-chama-olimpica-em-belo-horizonte","tag-tour-da-chama-olimpica-na-capital-mineira","tag-tour-da-chama-olimpica-na-pampulha","tag-tour-da-tocha-olimpica-em-belo-horizonte","tag-tour-da-tocha-olimpica-na-capital-mineira","tag-tour-da-tocha-olimpica-na-pampulha"],"_links":{"self":[{"href":"https:\/\/aconteceunovale.com.br\/portal\/index.php?rest_route=\/wp\/v2\/posts\/87046","targetHints":{"allow":["GET"]}}],"collection":[{"href":"https:\/\/aconteceunovale.com.br\/portal\/index.php?rest_route=\/wp\/v2\/posts"}],"about":[{"href":"https:\/\/aconteceunovale.com.br\/portal\/index.php?rest_route=\/wp\/v2\/types\/post"}],"author":[{"embeddable":true,"href":"https:\/\/aconteceunovale.com.br\/portal\/index.php?rest_route=\/wp\/v2\/users\/1"}],"replies":[{"embeddable":true,"href":"https:\/\/aconteceunovale.com.br\/portal\/index.php?rest_route=%2Fwp%2Fv2%2Fcomments&post=87046"}],"version-history":[{"count":0,"href":"https:\/\/aconteceunovale.com.br\/portal\/index.php?rest_route=\/wp\/v2\/posts\/87046\/revisions"}],"wp:featuredmedia":[{"embeddable":true,"href":"https:\/\/aconteceunovale.com.br\/portal\/index.php?rest_route=\/wp\/v2\/media\/87048"}],"wp:attachment":[{"href":"https:\/\/aconteceunovale.com.br\/portal\/index.php?rest_route=%2Fwp%2Fv2%2Fmedia&parent=87046"}],"wp:term":[{"taxonomy":"category","embeddable":true,"href":"https:\/\/aconteceunovale.com.br\/portal\/index.php?rest_route=%2Fwp%2Fv2%2Fcategories&post=87046"},{"taxonomy":"post_tag","embeddable":true,"href":"https:\/\/aconteceunovale.com.br\/portal\/index.php?rest_route=%2Fwp%2Fv2%2Ftags&post=87046"}],"curies":[{"name":"wp","href":"https:\/\/api.w.org\/{rel}","templated":true}]}}