{"id":87043,"date":"2016-05-15T18:07:15","date_gmt":"2016-05-15T21:07:15","guid":{"rendered":"http:\/\/aconteceunovale.com.br\/portal\/?p=87043"},"modified":"2016-05-15T18:07:15","modified_gmt":"2016-05-15T21:07:15","slug":"oab-critica-nomeacao-e-defende-saida-de-ministros-investigados-na-operacao-lava-jato","status":"publish","type":"post","link":"https:\/\/aconteceunovale.com.br\/portal\/?p=87043","title":{"rendered":"OAB critica nomea\u00e7\u00e3o e defende sa\u00edda de ministros investigados na Opera\u00e7\u00e3o Lava Jato"},"content":{"rendered":"<p>O presidente da Ordem dos Advogados do Brasil (OAB), Claudio Lamachia, criticou a nomea\u00e7\u00e3o de ministros investigados ou citados na Opera\u00e7\u00e3o Lava Jato pelo presidente interino, Michel Temer, e disse que poder\u00e1 avaliar o uso de instrumentos jur\u00eddicos para pedir o afastamento de ministros que venham a se tornar r\u00e9us. <\/p>\n<p>\u201cQuem \u00e9 investigado pela Opera\u00e7\u00e3o Lava Jato n\u00e3o pode ser ministro de Estado, sob o risco de amea\u00e7ar a chance que o Brasil tem de trilhar melhores rumos. Fa\u00e7o o alerta de que a nomea\u00e7\u00e3o de investigados contraria os anseios da sociedade e n\u00e3o deveria ser feita\u201d, disse Lamachia em nota.<\/p>\n<p>\u201cNo futuro, se necess\u00e1rio, a Ordem avaliar\u00e1 o uso dos instrumentos jur\u00eddicos cab\u00edveis para requerer o afastamento das fun\u00e7\u00f5es p\u00fablicas dos ministros que se tornarem r\u00e9us. Foi com base nesse entendimento que a OAB pediu o afastamento do deputado Eduardo Cunha e do ent\u00e3o senador Delc\u00eddio do Amaral\u201d, completou.<\/p>\n<p>Na equipe ministerial de Temer, o \u00fanico investigado na opera\u00e7\u00e3o \u00e9 Romero Juc\u00e1 (Planejamento), mas outros dois ministros foram citados na Lava Jato: Henrique Eduardo Alves (Turismo) e Geddel Vieira Lima (Secretaria de Governo). Al\u00e9m de Juc\u00e1 que \u00e9 senador, os dois \u00faltimos passam a ter foro privilegiado e, a partir de agora, podem ser investigados apenas pelo Supremo Tribunal Federal.<\/p>\n<p>No documento, Lamachia observa ainda que o novo governo, al\u00e7ado ao poder pela via constitucional e n\u00e3o pela via eleitoral, \u201cprecisa ser um exemplo \u00e9tico para poder atender aos anseios da sociedade e validar sua legitimidade\u201d. E acrescenta que a OAB acredita no sucesso do Brasil, por isso, \u201ccobrar\u00e1 que, diferentemente do anunciado, o novo minist\u00e9rio n\u00e3o seja composto por pessoas sobre as quais pesem d\u00favidas\u201d.<\/p>\n<p>Ainda na nota, Lamachia defende que todos cidad\u00e3os t\u00eam direito \u00e0 ampla defesa e ao devido processo legal, mas acredita que a equipe de ministros precisa estar acima de qualquer suspeita. (Ag\u00eancia Brasil)<\/p>\n","protected":false},"excerpt":{"rendered":"<p>O presidente da Ordem dos Advogados do Brasil (OAB), Claudio Lamachia, criticou a nomea\u00e7\u00e3o de ministros investigados ou citados na Opera\u00e7\u00e3o Lava Jato pelo presidente interino, Michel Temer, e disse que poder\u00e1 avaliar o uso de instrumentos jur\u00eddicos para pedir o afastamento de ministros que venham a se tornar r\u00e9us. \u201cQuem \u00e9 investigado pela Opera\u00e7\u00e3o [&hellip;]<\/p>\n","protected":false},"author":1,"featured_media":87044,"comment_status":"open","ping_status":"closed","sticky":false,"template":"","format":"standard","meta":{"amp_status":"","footnotes":""},"categories":[6,40240],"tags":[94592,2162,37792,20181,27656,94587,94588,94586,94589,94590,94594,94593,1111,94585,18095,37925,60089,94591],"class_list":["post-87043","post","type-post","status-publish","format-standard","has-post-thumbnail","hentry","category-br","category-politica-2","tag-carlos-lamachia","tag-dilma-rousseff","tag-impeachment","tag-michel-temer","tag-ministros","tag-ministros-de-temer","tag-ministros-de-temer-investigados-na-operacao-lava-jato","tag-ministros-do-governo-temer","tag-ministros-do-governo-temer-investigados-na-operacao-lava-jato","tag-ministros-investigados-na-operacao-lava-jato","tag-nomeacao-de-ministros-investigados-ou-citados-na-operacao-lava-jato-pelo-presidente-interino","tag-nomeacao-de-ministros-investigados-ou-citados-na-operacao-lava-jato-pelo-presidente-interino-michel-temer","tag-oab","tag-oab-critica-nomeacao-e-defende-saida-de-ministros-investigados-na-operacao-lava-jato","tag-operacao-lava-jato","tag-ordem-dos-advogados-do-brasil","tag-presidente-da-oab","tag-presidente-da-ordem-dos-advogados-do-brasil"],"_links":{"self":[{"href":"https:\/\/aconteceunovale.com.br\/portal\/index.php?rest_route=\/wp\/v2\/posts\/87043","targetHints":{"allow":["GET"]}}],"collection":[{"href":"https:\/\/aconteceunovale.com.br\/portal\/index.php?rest_route=\/wp\/v2\/posts"}],"about":[{"href":"https:\/\/aconteceunovale.com.br\/portal\/index.php?rest_route=\/wp\/v2\/types\/post"}],"author":[{"embeddable":true,"href":"https:\/\/aconteceunovale.com.br\/portal\/index.php?rest_route=\/wp\/v2\/users\/1"}],"replies":[{"embeddable":true,"href":"https:\/\/aconteceunovale.com.br\/portal\/index.php?rest_route=%2Fwp%2Fv2%2Fcomments&post=87043"}],"version-history":[{"count":0,"href":"https:\/\/aconteceunovale.com.br\/portal\/index.php?rest_route=\/wp\/v2\/posts\/87043\/revisions"}],"wp:featuredmedia":[{"embeddable":true,"href":"https:\/\/aconteceunovale.com.br\/portal\/index.php?rest_route=\/wp\/v2\/media\/87044"}],"wp:attachment":[{"href":"https:\/\/aconteceunovale.com.br\/portal\/index.php?rest_route=%2Fwp%2Fv2%2Fmedia&parent=87043"}],"wp:term":[{"taxonomy":"category","embeddable":true,"href":"https:\/\/aconteceunovale.com.br\/portal\/index.php?rest_route=%2Fwp%2Fv2%2Fcategories&post=87043"},{"taxonomy":"post_tag","embeddable":true,"href":"https:\/\/aconteceunovale.com.br\/portal\/index.php?rest_route=%2Fwp%2Fv2%2Ftags&post=87043"}],"curies":[{"name":"wp","href":"https:\/\/api.w.org\/{rel}","templated":true}]}}