{"id":87037,"date":"2016-05-15T17:35:58","date_gmt":"2016-05-15T20:35:58","guid":{"rendered":"http:\/\/aconteceunovale.com.br\/portal\/?p=87037"},"modified":"2016-05-15T17:35:58","modified_gmt":"2016-05-15T20:35:58","slug":"fugitivo-da-cadeia-de-capelinha-e-encontrado-em-forno-de-carvao","status":"publish","type":"post","link":"https:\/\/aconteceunovale.com.br\/portal\/?p=87037","title":{"rendered":"Fugitivo da cadeia de Capelinha \u00e9 encontrado em forno de carv\u00e3o"},"content":{"rendered":"<p>Um homem de 20 anos, fugitivo da Cadeia P\u00fablica de Capelinha na \u00faltima sexta-feira (13\/5), foi recapturado na manh\u00e3 deste domingo (15\/5), na comunidade de S\u00e3o Caetano do Lino. O homem, de iniciais P.C, estava escondido em um forno de produ\u00e7\u00e3o de carv\u00e3o vegetal e foi encontrado gra\u00e7as ao Servi\u00e7o de Intelig\u00eancia da Pol\u00edcia Militar, que montou campana no local. \u201cCom informa\u00e7\u00f5es do Servi\u00e7o de Intelig\u00eancia, montamos uma opera\u00e7\u00e3o de captura e obtivemos \u00eaxito ao prender o fugitivo em um forno \u00e0 lenha\u201d, conta o comandante do Pelot\u00e3o da PM de Capelinha, tenente L\u00edvio Louzada.<\/p>\n<p>Na comunidade moram familiares de P.C e o crime pelo qual ele \u00e9 acusado aconteceu em uma regi\u00e3o pr\u00f3xima. Um idoso de 70 anos foi brutalmente assassinado em Ribeir\u00e3o dos Vales, ele foi atingido por um tiro e por diversas pauladas. Segundo a ocorr\u00eancia policial, P.C conhecia a v\u00edtima, sempre fazia servi\u00e7os em sua casa, e, por isso, tinha livre acesso ao local. Ele e um comparsa foram presos ap\u00f3s investiga\u00e7\u00f5es da Pol\u00edcia Civil, e, na \u00faltima sexta-feira, P.C fugiu da cadeia utilizando uma \u201cTereza\u201d, esp\u00e9cie de corda feita de len\u00e7\u00f3is, usada para escalar o muro.<\/p>\n<p><strong>A captura<\/strong><\/p>\n<p>Os policiais militares chegaram ao local onde o fugitivo se escondia por volta das 5h30 da manh\u00e3 deste domingo. Ele foi recapturado e levado ao hospital de Capelinha para exames m\u00e9dicos, que comprovaram sua integridade f\u00edsica. P.C foi encaminhado \u00e0 Delegacia e apresentado \u00e0 Delegada J\u00fania Nara Rodrigues Rocha, diretora da Cadeia de Capelinha, que determinou a volta do preso para a cadeia a unidade prisional.<\/p>\n<p><img decoding=\"async\" src=\"http:\/\/aconteceunovale.com.br\/portal\/wp-content\/uploads\/2016\/05\/fugitivo_capelinha_1.jpg\" alt=\"\" \/><em>Fugitivo foi recapturado em S\u00e3o Caetano do Lino (Foto: Divulga\u00e7\u00e3o)<\/em><br \/>\n<\/br><\/p>\n<p><img decoding=\"async\" src=\"http:\/\/aconteceunovale.com.br\/portal\/wp-content\/uploads\/2016\/05\/fugitivo_capelinha_2.jpg\" alt=\"\" \/><em>Fugitivo foi recapturado em S\u00e3o Caetano do Lino (Foto: Divulga\u00e7\u00e3o)<\/em><br \/>\n<\/br><\/p>\n<p><em>(Fonte: Jornal Local \/ Rep\u00f3rter: Rosa Santos)<\/em><\/p>\n","protected":false},"excerpt":{"rendered":"<p>Um homem de 20 anos, fugitivo da Cadeia P\u00fablica de Capelinha na \u00faltima sexta-feira (13\/5), foi recapturado na manh\u00e3 deste domingo (15\/5), na comunidade de S\u00e3o Caetano do Lino. O homem, de iniciais P.C, estava escondido em um forno de produ\u00e7\u00e3o de carv\u00e3o vegetal e foi encontrado gra\u00e7as ao Servi\u00e7o de Intelig\u00eancia da Pol\u00edcia Militar, [&hellip;]<\/p>\n","protected":false},"author":1,"featured_media":87038,"comment_status":"open","ping_status":"closed","sticky":false,"template":"","format":"standard","meta":{"amp_status":"","footnotes":""},"categories":[120],"tags":[94573,132,1018,94571,94570,94568,94572,94574,29046,94569],"class_list":["post-87037","post","type-post","status-publish","format-standard","has-post-thumbnail","hentry","category-jequi","tag-assassinado-capelinha","tag-capelinha","tag-destaque","tag-fuga-da-cadeia-de-capelinha","tag-fugitivo-da-cadeia-de-capelinha","tag-fugitivo-da-cadeia-de-capelinha-e-encontrado-em-forno-de-carvao","tag-homicidio-capelinha","tag-morte-capelinha","tag-preso-em-capelinha","tag-recapturado-em-capelinha"],"_links":{"self":[{"href":"https:\/\/aconteceunovale.com.br\/portal\/index.php?rest_route=\/wp\/v2\/posts\/87037","targetHints":{"allow":["GET"]}}],"collection":[{"href":"https:\/\/aconteceunovale.com.br\/portal\/index.php?rest_route=\/wp\/v2\/posts"}],"about":[{"href":"https:\/\/aconteceunovale.com.br\/portal\/index.php?rest_route=\/wp\/v2\/types\/post"}],"author":[{"embeddable":true,"href":"https:\/\/aconteceunovale.com.br\/portal\/index.php?rest_route=\/wp\/v2\/users\/1"}],"replies":[{"embeddable":true,"href":"https:\/\/aconteceunovale.com.br\/portal\/index.php?rest_route=%2Fwp%2Fv2%2Fcomments&post=87037"}],"version-history":[{"count":0,"href":"https:\/\/aconteceunovale.com.br\/portal\/index.php?rest_route=\/wp\/v2\/posts\/87037\/revisions"}],"wp:featuredmedia":[{"embeddable":true,"href":"https:\/\/aconteceunovale.com.br\/portal\/index.php?rest_route=\/wp\/v2\/media\/87038"}],"wp:attachment":[{"href":"https:\/\/aconteceunovale.com.br\/portal\/index.php?rest_route=%2Fwp%2Fv2%2Fmedia&parent=87037"}],"wp:term":[{"taxonomy":"category","embeddable":true,"href":"https:\/\/aconteceunovale.com.br\/portal\/index.php?rest_route=%2Fwp%2Fv2%2Fcategories&post=87037"},{"taxonomy":"post_tag","embeddable":true,"href":"https:\/\/aconteceunovale.com.br\/portal\/index.php?rest_route=%2Fwp%2Fv2%2Ftags&post=87037"}],"curies":[{"name":"wp","href":"https:\/\/api.w.org\/{rel}","templated":true}]}}