{"id":87021,"date":"2016-05-15T17:23:42","date_gmt":"2016-05-15T20:23:42","guid":{"rendered":"http:\/\/aconteceunovale.com.br\/portal\/?p=87021"},"modified":"2016-05-15T17:23:42","modified_gmt":"2016-05-15T20:23:42","slug":"passeio-de-maria-fumaca-marca-passagem-da-tocha-olimpica-por-sao-joao-del-rei-e-tiradentes","status":"publish","type":"post","link":"https:\/\/aconteceunovale.com.br\/portal\/?p=87021","title":{"rendered":"Passeio de Maria Fuma\u00e7a marca passagem da Tocha Ol\u00edmpica por S\u00e3o Jo\u00e3o Del-Rei e Tiradentes"},"content":{"rendered":"<p>A popula\u00e7\u00e3o de S\u00e3o Jo\u00e3o del-Rei acordou cedo neste domingo (15\/5). Milhares de pessoas lotaram as ruas da cidade para acompanhar a passagem da Tocha Ol\u00edmpica Rio 2016 em seu nono dia de tour por Minas Gerais.<\/p>\n<p>Nos principais pontos tur\u00edsticos, manifesta\u00e7\u00f5es art\u00edsticas e culturais saudavam a passagem da chama, s\u00edmbolo do esporte. Em seu trajeto, a chama ol\u00edmpica passou pelas igrejas de Nossa Senhora do Carmo, Nossa Senhora do Ros\u00e1rio e de S\u00e3o Francisco, al\u00e9m da Bas\u00edlica do Pilar.<\/p>\n<p>Durante a passagem do revezamento pelo centro hist\u00f3rico, a Tocha Ol\u00edmpica foi saudada pela virada dos sinos. Em seguida, a chama partiu para a Esta\u00e7\u00e3o Ferrovi\u00e1ria de onde seguiu para Tiradentes na tradicional Maria Fuma\u00e7a.<\/p>\n<p>O trem \u2013 remanescente da linha inaugurada em 1881 por Dom Pedro II, a Estrada de Ferro Oeste de Minas \u2013 foi um importante corredor log\u00edstico para o transporte da produ\u00e7\u00e3o agr\u00edcola e industrial do pa\u00eds. Atualmente, a Maria Fuma\u00e7a \u00e9 uma atra\u00e7\u00e3o tur\u00edstica da regi\u00e3o.  O complexo ferrovi\u00e1rio \u00e9 tombado pelo Patrim\u00f4nio Hist\u00f3rico Nacional. <\/p>\n<p><strong>Voca\u00e7\u00e3o gastron\u00f4mica<\/strong><\/p>\n<p>Bastante movimentados em dias normais, os restaurantes de Tiradentes encontraram uma motiva\u00e7\u00e3o a mais para a passagem da Tocha Ol\u00edmpica pela cidade. A chef de cozinha C\u00edntia Dellalibera aproveitou a oportunidade para criar pratos novos para seus clientes.<\/p>\n<p>Inspirada nas cores da bandeira do Brasil, ela criou o suco ol\u00edmpico \u2013 que re\u00fane maracuj\u00e1, abacaxi e hortel\u00e3 \u2013 e o omelete ol\u00edmpico \u2013 uma combina\u00e7\u00e3o de ovos e salada. A tapioca de banana da terra com canela \u00e9 outro prato elaborado para a passagem do s\u00edmbolo ol\u00edmpico por Tiradentes. \u201cA tapioca \u00e9 uma iguaria que s\u00f3 existe no Brasil, ent\u00e3o nada melhor que oferece-la durante a passagem da chama ol\u00edmpica\u201d, contou.<\/p>\n<p>O objetivo da inova\u00e7\u00e3o no card\u00e1pio foi homenagear o momento hist\u00f3rico para a cidade. \u201cQueremos reverenciar a passagem de um s\u00edmbolo t\u00e3o importante do esporte por Tiradentes. Por isso, os pratos especiais ser\u00e3o servidos neste domingo\u201d, afirmou. <\/p>\n<p><strong>Galeria de Fotos<\/strong><\/p>\n<p><img decoding=\"async\" src=\"http:\/\/aconteceunovale.com.br\/portal\/wp-content\/uploads\/2016\/05\/b8MSM_0432.jpg\" alt=\"\" \/><\/p>\n<p><div id='gallery-1' class='gallery galleryid-87021 gallery-columns-5 gallery-size-thumbnail'><figure class='gallery-item'>\n\t\t\t<div class='gallery-icon landscape'>\n\t\t\t\t<a href='https:\/\/aconteceunovale.com.br\/portal\/wp-content\/uploads\/2016\/05\/tiradentes_tocha_1.jpg'><img loading=\"lazy\" decoding=\"async\" width=\"150\" height=\"150\" src=\"https:\/\/aconteceunovale.com.br\/portal\/wp-content\/uploads\/2016\/05\/tiradentes_tocha_1-150x150.jpg\" class=\"attachment-thumbnail size-thumbnail\" alt=\"\" \/><\/a>\n\t\t\t<\/div><\/figure><figure class='gallery-item'>\n\t\t\t<div class='gallery-icon landscape'>\n\t\t\t\t<a href='https:\/\/aconteceunovale.com.br\/portal\/wp-content\/uploads\/2016\/05\/tiradentes_tocha_2.jpg'><img loading=\"lazy\" decoding=\"async\" width=\"150\" height=\"150\" src=\"https:\/\/aconteceunovale.com.br\/portal\/wp-content\/uploads\/2016\/05\/tiradentes_tocha_2-150x150.jpg\" class=\"attachment-thumbnail size-thumbnail\" alt=\"\" \/><\/a>\n\t\t\t<\/div><\/figure><figure class='gallery-item'>\n\t\t\t<div class='gallery-icon landscape'>\n\t\t\t\t<a href='https:\/\/aconteceunovale.com.br\/portal\/wp-content\/uploads\/2016\/05\/tiradentes_tocha_3.jpg'><img loading=\"lazy\" decoding=\"async\" width=\"150\" height=\"150\" src=\"https:\/\/aconteceunovale.com.br\/portal\/wp-content\/uploads\/2016\/05\/tiradentes_tocha_3-150x150.jpg\" class=\"attachment-thumbnail size-thumbnail\" alt=\"\" \/><\/a>\n\t\t\t<\/div><\/figure><figure class='gallery-item'>\n\t\t\t<div class='gallery-icon landscape'>\n\t\t\t\t<a href='https:\/\/aconteceunovale.com.br\/portal\/wp-content\/uploads\/2016\/05\/tiradentes_tocha_4.jpg'><img loading=\"lazy\" decoding=\"async\" width=\"150\" height=\"150\" src=\"https:\/\/aconteceunovale.com.br\/portal\/wp-content\/uploads\/2016\/05\/tiradentes_tocha_4-150x150.jpg\" class=\"attachment-thumbnail size-thumbnail\" alt=\"\" \/><\/a>\n\t\t\t<\/div><\/figure><figure class='gallery-item'>\n\t\t\t<div class='gallery-icon landscape'>\n\t\t\t\t<a href='https:\/\/aconteceunovale.com.br\/portal\/wp-content\/uploads\/2016\/05\/tiradentes_tocha_5.jpg'><img loading=\"lazy\" decoding=\"async\" width=\"150\" height=\"150\" src=\"https:\/\/aconteceunovale.com.br\/portal\/wp-content\/uploads\/2016\/05\/tiradentes_tocha_5-150x150.jpg\" class=\"attachment-thumbnail size-thumbnail\" alt=\"\" \/><\/a>\n\t\t\t<\/div><\/figure><figure class='gallery-item'>\n\t\t\t<div class='gallery-icon landscape'>\n\t\t\t\t<a href='https:\/\/aconteceunovale.com.br\/portal\/wp-content\/uploads\/2016\/05\/tiradentes_tocha_6.jpg'><img loading=\"lazy\" decoding=\"async\" width=\"150\" height=\"150\" src=\"https:\/\/aconteceunovale.com.br\/portal\/wp-content\/uploads\/2016\/05\/tiradentes_tocha_6-150x150.jpg\" class=\"attachment-thumbnail size-thumbnail\" alt=\"\" \/><\/a>\n\t\t\t<\/div><\/figure><figure class='gallery-item'>\n\t\t\t<div class='gallery-icon portrait'>\n\t\t\t\t<a href='https:\/\/aconteceunovale.com.br\/portal\/wp-content\/uploads\/2016\/05\/tiradentes_tocha_7.jpg'><img loading=\"lazy\" decoding=\"async\" width=\"150\" height=\"150\" src=\"https:\/\/aconteceunovale.com.br\/portal\/wp-content\/uploads\/2016\/05\/tiradentes_tocha_7-150x150.jpg\" class=\"attachment-thumbnail size-thumbnail\" alt=\"\" \/><\/a>\n\t\t\t<\/div><\/figure><figure class='gallery-item'>\n\t\t\t<div class='gallery-icon landscape'>\n\t\t\t\t<a href='https:\/\/aconteceunovale.com.br\/portal\/wp-content\/uploads\/2016\/05\/tiradentes_tocha_9.jpg'><img loading=\"lazy\" decoding=\"async\" width=\"150\" height=\"150\" src=\"https:\/\/aconteceunovale.com.br\/portal\/wp-content\/uploads\/2016\/05\/tiradentes_tocha_9-150x150.jpg\" class=\"attachment-thumbnail size-thumbnail\" alt=\"\" \/><\/a>\n\t\t\t<\/div><\/figure><figure class='gallery-item'>\n\t\t\t<div class='gallery-icon landscape'>\n\t\t\t\t<a href='https:\/\/aconteceunovale.com.br\/portal\/wp-content\/uploads\/2016\/05\/tiradentes_tocha_12.jpg'><img loading=\"lazy\" decoding=\"async\" width=\"150\" height=\"150\" src=\"https:\/\/aconteceunovale.com.br\/portal\/wp-content\/uploads\/2016\/05\/tiradentes_tocha_12-150x150.jpg\" class=\"attachment-thumbnail size-thumbnail\" alt=\"\" \/><\/a>\n\t\t\t<\/div><\/figure><figure class='gallery-item'>\n\t\t\t<div class='gallery-icon landscape'>\n\t\t\t\t<a href='https:\/\/aconteceunovale.com.br\/portal\/wp-content\/uploads\/2016\/05\/tiradentes_tocha_13.jpg'><img loading=\"lazy\" decoding=\"async\" width=\"150\" height=\"150\" src=\"https:\/\/aconteceunovale.com.br\/portal\/wp-content\/uploads\/2016\/05\/tiradentes_tocha_13-150x150.jpg\" class=\"attachment-thumbnail size-thumbnail\" alt=\"\" \/><\/a>\n\t\t\t<\/div><\/figure>\n\t\t<\/div>\n<em>(Ag\u00eancia Minas \/ Foto: Marcelo Sant&#8217;Anna\/Imprensa MG)<\/em><\/p>\n","protected":false},"excerpt":{"rendered":"<p>A popula\u00e7\u00e3o de S\u00e3o Jo\u00e3o del-Rei acordou cedo neste domingo (15\/5). Milhares de pessoas lotaram as ruas da cidade para acompanhar a passagem da Tocha Ol\u00edmpica Rio 2016 em seu nono dia de tour por Minas Gerais. Nos principais pontos tur\u00edsticos, manifesta\u00e7\u00f5es art\u00edsticas e culturais saudavam a passagem da chama, s\u00edmbolo do esporte. Em seu [&hellip;]<\/p>\n","protected":false},"author":1,"featured_media":87035,"comment_status":"open","ping_status":"closed","sticky":false,"template":"","format":"standard","meta":{"amp_status":"","footnotes":""},"categories":[59,123],"tags":[193,94567,206,94537,94538,93586,94535,94536,94565,94522,94533,94534,91952,94531,94532,218,711,94525,94526,94523,94524,94540,94566,94529,94530,92559,94527,94528,94539],"class_list":["post-87021","post","type-post","status-publish","format-standard","has-post-thumbnail","hentry","category-sports","category-gerais","tag-barbacena","tag-estrada-de-ferro-oeste-de-minas","tag-juiz-de-fora","tag-passagem-da-tocha-olimpica-em-barbacena","tag-passagem-da-tocha-olimpica-em-juiz-de-fora","tag-passagem-da-tocha-olimpica-em-minas-gerais","tag-passagem-da-tocha-olimpica-em-sao-joao-del-rei","tag-passagem-da-tocha-olimpica-em-tiradentes","tag-passeio-de-maria-fumaca-marca-passagem-da-tocha-olimpica-por-sao-joao-del-rei-e-tiradentes","tag-penultimo-dia-do-tour-da-tocha-olimpica-em-minas-preve-passeio-de-maria-fumaca","tag-revezamento-da-tocha-olimpica-em-barbacena","tag-revezamento-da-tocha-olimpica-em-juiz-de-fora","tag-revezamento-da-tocha-olimpica-em-minas-gerais","tag-revezamento-da-tocha-olimpica-em-sao-joao-del-rei","tag-revezamento-da-tocha-olimpica-em-tiradentes","tag-sao-joao-del-rei","tag-tiradentes","tag-tocha-olimpica-em-barbacena","tag-tocha-olimpica-em-juiz-de-fora","tag-tocha-olimpica-em-sao-joao-del-rei","tag-tocha-olimpica-em-tiradentes","tag-tocha-olimpica-passeia-de-maria-fumaca","tag-tocha-olimpica-rio-2016-em-seu-nono-dia-de-tour-por-minas-gerais","tag-tour-da-tocha-olimpica-em-barbacena","tag-tour-da-tocha-olimpica-em-juiz-de-fora","tag-tour-da-tocha-olimpica-em-minas-gerais","tag-tour-da-tocha-olimpica-em-sao-joao-del-rei","tag-tour-da-tocha-olimpica-em-tiradentes","tag-tour-da-tocha-olimpica-entra-em-sua-reta-final-em-minas-gerais"],"_links":{"self":[{"href":"https:\/\/aconteceunovale.com.br\/portal\/index.php?rest_route=\/wp\/v2\/posts\/87021","targetHints":{"allow":["GET"]}}],"collection":[{"href":"https:\/\/aconteceunovale.com.br\/portal\/index.php?rest_route=\/wp\/v2\/posts"}],"about":[{"href":"https:\/\/aconteceunovale.com.br\/portal\/index.php?rest_route=\/wp\/v2\/types\/post"}],"author":[{"embeddable":true,"href":"https:\/\/aconteceunovale.com.br\/portal\/index.php?rest_route=\/wp\/v2\/users\/1"}],"replies":[{"embeddable":true,"href":"https:\/\/aconteceunovale.com.br\/portal\/index.php?rest_route=%2Fwp%2Fv2%2Fcomments&post=87021"}],"version-history":[{"count":0,"href":"https:\/\/aconteceunovale.com.br\/portal\/index.php?rest_route=\/wp\/v2\/posts\/87021\/revisions"}],"wp:featuredmedia":[{"embeddable":true,"href":"https:\/\/aconteceunovale.com.br\/portal\/index.php?rest_route=\/wp\/v2\/media\/87035"}],"wp:attachment":[{"href":"https:\/\/aconteceunovale.com.br\/portal\/index.php?rest_route=%2Fwp%2Fv2%2Fmedia&parent=87021"}],"wp:term":[{"taxonomy":"category","embeddable":true,"href":"https:\/\/aconteceunovale.com.br\/portal\/index.php?rest_route=%2Fwp%2Fv2%2Fcategories&post=87021"},{"taxonomy":"post_tag","embeddable":true,"href":"https:\/\/aconteceunovale.com.br\/portal\/index.php?rest_route=%2Fwp%2Fv2%2Ftags&post=87021"}],"curies":[{"name":"wp","href":"https:\/\/api.w.org\/{rel}","templated":true}]}}