{"id":86997,"date":"2016-05-15T00:03:57","date_gmt":"2016-05-15T03:03:57","guid":{"rendered":"http:\/\/aconteceunovale.com.br\/portal\/?p=86997"},"modified":"2016-05-15T00:03:57","modified_gmt":"2016-05-15T03:03:57","slug":"valadarense-warlley-alves-perde-invencibilidade-no-ufc","status":"publish","type":"post","link":"https:\/\/aconteceunovale.com.br\/portal\/?p=86997","title":{"rendered":"Valadarense Warlley Alves perde invencibilidade no UFC"},"content":{"rendered":"<p>Em vez de &#8220;Bam Bam&#8221;, talvez o apelido mais apropriado para Bryan Barberena seja &#8220;O Quebrador de Promessas&#8221;. Ap\u00f3s despontar para o mundo com um triunfo sobre a sensa\u00e7\u00e3o Sage Northcutt em janeiro, o lutador meio-m\u00e9dio americano derrotou outra &#8220;aposta&#8221; do MMA, o at\u00e9 ent\u00e3o invicto Warlley Alves, por decis\u00e3o un\u00e2nime (triplo 29-28) neste s\u00e1bado (14\/5), na abertura do card principal do UFC 198, em Curitiba. Foi a primeira derrota sofrida por um atleta brasileiro no evento, ap\u00f3s seis vit\u00f3rias e um empate entre compatriotas.<\/p>\n<p>Warlley Alves n\u00e3o perdeu tempo e atacou logo no in\u00edcio do combate. Ele acertou um chute na linha de cintura, encurralou Barberena contra a tela e puxou para a guilhotina, sua posi\u00e7\u00e3o mais forte na luta. O americano, contudo, foi paciente, escapuliu o pesco\u00e7o e passou a atacar por cima. Warlley se levantou, se soltou e por pouco n\u00e3o acertou um perigoso chute rodado. Barbarena lutou de igual para igual em p\u00e9, acertando alguns ganchos curtos e sempre buscando o clinche, mas o mineiro ditava o ritmo do combate, mirando a linha de cintura tanto com ganchos quanto com chutes. O americano fez Warlley tocar o joelho no ch\u00e3o ao desviar um ataque e acertar o contragolpe, e terminou o primeiro round melhor.<\/p>\n<p>Confiante, Barbarena come\u00e7ou o segundo assalto aproveitando aberturas no ataque de Warlley para responder com dois cruzados no rosto. Um deles abriu um sangramento no superc\u00edlio esquerdo do mineiro, que, contudo, absorveu bem os golpes e continuou agressivo. O americano tamb\u00e9m mostrou grande absor\u00e7\u00e3o de golpes e tomou chutes e socos como se n\u00e3o fossem nada. Ele passou a ditar o ritmo na segunda metade do per\u00edodo e conectou boas joelhadas e cruzados. Warlley passou a ficar parado junto ao cage e andar para tr\u00e1s, visivelmente cansado. Apesar disso, seguiu lutando e acertou um bom chute baixo por dentro antes do fim do round.<\/p>\n<p>Warlley voltou mais animado no in\u00edcio do terceiro e \u00faltimo round, novamente buscando o ataque. Barberena tentou improvisar com um voleio, se desequilibrou e quase deu ao brasileiro a chance que ele queria. No entanto, o americano rapidamente se levantou e n\u00e3o deixou que ele usasse seu jiu-jitsu. Ele tamb\u00e9m parecia um tanto cansado, e logo se viu pregado contra o cage pelo advers\u00e1rio. Warlley n\u00e3o conseguiu nada no clinche e deu espa\u00e7o; Barberena aproveitou. O americano mostrou \u00f3timo boxe e conectou duros jabs e cruzados no brasileiro. Ele pressionou at\u00e9 o fim, e ergueu os bra\u00e7os ao soar da buzina, certo de mais uma vit\u00f3ria sobre uma promessa do MMA.<\/p>\n<p><img decoding=\"async\" src=\"http:\/\/aconteceunovale.com.br\/portal\/wp-content\/uploads\/2016\/05\/warley_barbarena.jpg\" alt=\"\" \/><em>Bryan Barberena quebrou a invencibilidade de Warlley Alves (Foto: Giuliano Gomes\/PR PRESS)<\/em><br \/>\n<\/br><\/p>\n<p><em>(Fonte: Combate \/ SportTV \/ Globo)<\/em><\/p>\n","protected":false},"excerpt":{"rendered":"<p>Em vez de &#8220;Bam Bam&#8221;, talvez o apelido mais apropriado para Bryan Barberena seja &#8220;O Quebrador de Promessas&#8221;. Ap\u00f3s despontar para o mundo com um triunfo sobre a sensa\u00e7\u00e3o Sage Northcutt em janeiro, o lutador meio-m\u00e9dio americano derrotou outra &#8220;aposta&#8221; do MMA, o at\u00e9 ent\u00e3o invicto Warlley Alves, por decis\u00e3o un\u00e2nime (triplo 29-28) neste s\u00e1bado [&hellip;]<\/p>\n","protected":false},"author":1,"featured_media":86998,"comment_status":"open","ping_status":"closed","sticky":false,"template":"","format":"standard","meta":{"amp_status":"","footnotes":""},"categories":[59,121],"tags":[94551,94559,94562,94555,4608,94553,94560,94564,94552,94556,94557,94558,94563,94561,94554],"class_list":["post-86997","post","type-post","status-publish","format-standard","has-post-thumbnail","hentry","category-sports","category-leste","tag-bryan-barberena","tag-bryan-barberena-e-warlley-alves","tag-bryan-barberena-quebrou-a-invencibilidade-de-warlley-alves-no-mma","tag-card-principal-do-ufc-198","tag-curitiba","tag-invicto-warlley-alves","tag-luta-entre-bryan-barberena-e-warlley-alves","tag-lutador-warlley-alves","tag-sage-northcutt","tag-ufc-198","tag-ufc-198-em-curitiba","tag-ufc-em-curitiba","tag-ufc-warlley-alves","tag-valadarense-warlley-alves-perde-invencibilidade-no-ufc","tag-warlley-alves"],"_links":{"self":[{"href":"https:\/\/aconteceunovale.com.br\/portal\/index.php?rest_route=\/wp\/v2\/posts\/86997","targetHints":{"allow":["GET"]}}],"collection":[{"href":"https:\/\/aconteceunovale.com.br\/portal\/index.php?rest_route=\/wp\/v2\/posts"}],"about":[{"href":"https:\/\/aconteceunovale.com.br\/portal\/index.php?rest_route=\/wp\/v2\/types\/post"}],"author":[{"embeddable":true,"href":"https:\/\/aconteceunovale.com.br\/portal\/index.php?rest_route=\/wp\/v2\/users\/1"}],"replies":[{"embeddable":true,"href":"https:\/\/aconteceunovale.com.br\/portal\/index.php?rest_route=%2Fwp%2Fv2%2Fcomments&post=86997"}],"version-history":[{"count":0,"href":"https:\/\/aconteceunovale.com.br\/portal\/index.php?rest_route=\/wp\/v2\/posts\/86997\/revisions"}],"wp:featuredmedia":[{"embeddable":true,"href":"https:\/\/aconteceunovale.com.br\/portal\/index.php?rest_route=\/wp\/v2\/media\/86998"}],"wp:attachment":[{"href":"https:\/\/aconteceunovale.com.br\/portal\/index.php?rest_route=%2Fwp%2Fv2%2Fmedia&parent=86997"}],"wp:term":[{"taxonomy":"category","embeddable":true,"href":"https:\/\/aconteceunovale.com.br\/portal\/index.php?rest_route=%2Fwp%2Fv2%2Fcategories&post=86997"},{"taxonomy":"post_tag","embeddable":true,"href":"https:\/\/aconteceunovale.com.br\/portal\/index.php?rest_route=%2Fwp%2Fv2%2Ftags&post=86997"}],"curies":[{"name":"wp","href":"https:\/\/api.w.org\/{rel}","templated":true}]}}