{"id":86991,"date":"2016-05-14T23:05:54","date_gmt":"2016-05-15T02:05:54","guid":{"rendered":"http:\/\/aconteceunovale.com.br\/portal\/?p=86991"},"modified":"2016-05-14T23:05:54","modified_gmt":"2016-05-15T02:05:54","slug":"penultimo-dia-do-tour-da-tocha-olimpica-em-minas-preve-passeio-de-maria-fumaca","status":"publish","type":"post","link":"https:\/\/aconteceunovale.com.br\/portal\/?p=86991","title":{"rendered":"Pen\u00faltimo dia do Tour da Tocha Ol\u00edmpica em Minas prev\u00ea passeio de Maria Fuma\u00e7a"},"content":{"rendered":"<p>O Tour da Tocha Ol\u00edmpica em Minas Gerais entra em sua reta final. Depois de visitar a capital mineira, o revezamento vai percorrer as cidades hist\u00f3ricas de S\u00e3o Jo\u00e3o del-Rei e Tiradentes. De acordo com a programa\u00e7\u00e3o, o percurso entre os munic\u00edpios vai ser feito de Maria Fuma\u00e7a. De Tiradentes a viagem segue por Barbacena, conhecida como a terra das flores, e termina em Juiz de Fora, um dos principais polos econ\u00f4micos e esportivos de Minas Gerais.<\/p>\n<p><strong>Viagem no tempo<\/strong><\/p>\n<p>A voca\u00e7\u00e3o tur\u00edstica das cidades coloniais do Campo das Vertentes beira o auge. Investimentos proporcionam mais estrutura, conserva\u00e7\u00e3o e seguran\u00e7a para o roteiro tur\u00edstico local, com a revitaliza\u00e7\u00e3o de cal\u00e7amentos e restaura\u00e7\u00e3o de monumentos, por exemplo.<\/p>\n<p>Tiradentes est\u00e1, desde o ano passado, entre as duas \u00fanicas cidades brasileiras que liberam, durante finais de semana e feriados, suas ruas de pedra para a contempla\u00e7\u00e3o exclusiva de pedestres. O fechamento do tr\u00e2nsito no centro hist\u00f3rico elimina a polui\u00e7\u00e3o visual da modernidade, abrindo alas para a aprecia\u00e7\u00e3o do barroco mineiro.<\/p>\n<p><strong>Entre sinos e vielas<\/strong><\/p>\n<p>As badaladas e os tradicionais mestres sineiros fazem de S\u00e3o Jo\u00e3o del-Rei a terra onde os sinos falam, uma heran\u00e7a dos tempos coloniais. A tradicional Batalha dos Sinos, que acontece durante o per\u00edodo da Quaresma, atrai centenas de fi\u00e9is e visitantes todos os anos. A Igreja Nossa Senhora do Carmo e a de S\u00e3o Francisco de Assis s\u00e3o as donas dos toques mais fortes.<\/p>\n<p>As ruas estreitas e sinuosas do centro hist\u00f3rico est\u00e3o repletas de casas tortas. Entre elas, est\u00e1 o Solar da Baronesa de Itaverava, um sobrado do s\u00e9culo XIX tombado pelo Instituto do Patrim\u00f4nio Hist\u00f3rico e Art\u00edstico Nacional (Iphan).  O caminho pelo patrim\u00f4nio das Vertentes prossegue a bordo da centen\u00e1ria Maria Fuma\u00e7a. Saindo da esta\u00e7\u00e3o inaugurada em 1800, um trajeto de 12 quil\u00f4metros, com privilegiadas paisagens da Serra de S\u00e3o Jos\u00e9, tem seu ponto final em Tiradentes.<\/p>\n<p><strong>A loucura em meio \u00e0 arte<\/strong><\/p>\n<p>Por l\u00e1, as escadarias da Igreja Matriz de Santo Ant\u00f4nio, o interior rococ\u00f3 da Capela de Nossa Senhora das Merc\u00eas e o bras\u00e3o e imagem de S\u00e3o Jos\u00e9 de Botas do Chafariz impressionam. O mais novo museu da cidade, o Museu de Sant&#8217;Ana, \u00e9 parada obrigat\u00f3ria. Com um excelente n\u00edvel de conserva\u00e7\u00e3o, entre as incr\u00edveis 300 esculturas dos s\u00e9culos XVII e XIX, est\u00e1 exposta a cabe\u00e7a de Cristo atribu\u00edda a Aleijadinho.<\/p>\n<p>O chafariz A Leda e o Cisne \u00e9 uma das mais antigas obras de Barbacena. Datado de 1887, \u00e9 feito em m\u00e1rmore de Carrara e faz refer\u00eancia \u00e0 antiga lenda de mesmo nome. O patrim\u00f4nio da cidade est\u00e1 ainda na Igreja Matriz de Nossa Senhora da Piedade, a padroeira de Minas Gerais, e entre as porteiras das fazendas hist\u00f3ricas. Outra refer\u00eancia na cidade s\u00e3o os tabus da loucura. Conhecido pelo duro tratamento aplicado aos internos entre as d\u00e9cadas de 1950 e 1990, o Centro Hospitalar Psiqui\u00e1trico de Barbacena (CHPB) \u00e9 hoje o Museu da Loucura.<\/p>\n<p><strong>O t\u00edpico e o contempor\u00e2neo<\/strong><\/p>\n<p>Nem s\u00f3 de hist\u00f3ria vive o Campo das Vertentes. O mesmo percurso re\u00fane a vanguarda das artes e da cozinha. A regi\u00e3o soube aproveitar a tradi\u00e7\u00e3o da culin\u00e1ria mineira &#8211; que tem sua origem na mistura de ingredientes das culturas dos \u00edndios, negros e portugueses &#8211; e tornou-se um verdadeiro point gastron\u00f4mico, com \u00f3timos restaurantes t\u00edpicos e contempor\u00e2neos.<\/p>\n<p>No Festival Cultura e Gastronomia de Tiradentes, que re\u00fane cerca de 40 mil pessoas, tira-gostos s\u00e3o preparados por grandes chefs de cozinha. Na estrada que liga Congonhas a Tiradentes as refer\u00eancias s\u00e3o as carnes su\u00ednas e as diversas formas de preparo, como a carne de lata e o lombo com tutu e couve. Para ado\u00e7ar o paladar, n\u00e3o podem ficar de fora os famosos rocamboles de Lagoa Dourada.<\/p>\n<p><strong>Um povo que respira arte<\/strong><\/p>\n<p>Consolidada como uma das maiores plataformas de lan\u00e7amento do cinema brasileiro independente, a Mostra de Cinema de Tiradentes inaugura o calend\u00e1rio audiovisual brasileiro, apresentando ao p\u00fablico pr\u00e9-estreias mundiais e nacionais.  As pra\u00e7as se tornam agrad\u00e1veis salas de cinema ao ar livre.<\/p>\n<p>A fotografia tamb\u00e9m \u00e9 tema de festival, atraindo para a cidade hist\u00f3rica artistas e curadores a fim de discutir a express\u00e3o desta arte. Trabalhos autorais s\u00e3o expostos em proje\u00e7\u00f5es noturnas e atividades educativas. A extensa vitrine de festivais n\u00e3o para por a\u00ed e exibe ainda a Mostra Tiradentes em Cena. A produ\u00e7\u00e3o teatral brasileira move o evento em uma combina\u00e7\u00e3o da diversidade das artes c\u00eanicas e a apropria\u00e7\u00e3o dos espa\u00e7os p\u00fablicos.<\/p>\n<p><strong>M\u00e3os talentosas<\/strong><\/p>\n<p>O artesanato, claro, tamb\u00e9m marca presen\u00e7a. Em Bichinho &#8211; distrito de Tiradentes &#8211; Lagoa Dourada e Prados (ali viveu Hip\u00f3lita Jacinta Teixeira de Melo, considerada a mulher mais atuante no movimento da Inconfid\u00eancia Mineira) artes\u00e3os usam palha, linhagem, folhas de bananeira e madeira para dar vida a interessantes pe\u00e7as r\u00fasticas.<\/p>\n<p>Ao entrar em Resende Costa, o visitante depara-se com o bonito colorido do artesanato t\u00eaxtil nas janelas das casas e nas portas do com\u00e9rcio. A cidade transpira as t\u00e9cnicas de trabalho no tear trazidas pelos portugueses. Em Santa Cruz de Minas, os destaques s\u00e3o os m\u00f3veis em estilo colonial e objetos artesanais para decora\u00e7\u00e3o em ferro forjado, cer\u00e2mica e fibra de taboa.<\/p>\n<p>A Feira Mineira de Artesanato cria, em S\u00e3o Jo\u00e3o del-Rei, um excelente ambiente para troca de experi\u00eancias comerciais e culturais entre os mais de 300 produtores locais. A cidade recebe ainda o Inverno Cultural da UFSJ com uma programa\u00e7\u00e3o na \u00e1rea da m\u00fasica e artes integradas.<\/p>\n<p><strong>Polo de forma\u00e7\u00e3o art\u00edstica<\/strong><\/p>\n<p>Os artistas procuram o charme da regi\u00e3o n\u00e3o apenas para mostrar os seus trabalhos, mas em busca de inspira\u00e7\u00e3o e forma\u00e7\u00e3o art\u00edstica. A Universidade de M\u00fasica Popular Bituca e a rec\u00e9m-inaugurada Esta\u00e7\u00e3o Ponto de Partida, ambas em Barbacena, s\u00e3o refer\u00eancias do ensino integral pela constru\u00e7\u00e3o coletiva.<\/p>\n<p>A universidade leva o apelido do seu padrinho, o m\u00fasico Milton Nascimento. Em uma d\u00e9cada de atividades cont\u00ednuas j\u00e1 recebeu inscri\u00e7\u00f5es de 136 cidades, de 10 estados e quatro pa\u00edses. As paredes da segunda mais antiga f\u00e1brica de seda do pa\u00eds, atualmente testemunham o aprendizado musical de jovens. A mesma f\u00e1brica \u00e9 sede do grupo de teatro Ponto de Partida.<\/p>\n<p><strong>Festejos populares<\/strong><\/p>\n<p>O mastro \u00e9 fincado em S\u00e3o Jo\u00e3o del-Rei  oito dias antes do in\u00edcio do Encontro Congadeiro nas Vertentes. O povo \u00e9 chamado para desfilar na festa popular, ao som do Tamborim de Capit\u00e3o de Congado, com suas cores vistosas, paramentos brilhantes e fitas coloridas.<\/p>\n<p>As cren\u00e7as populares tamb\u00e9m encontram seu ber\u00e7o no distrito Rio das Mortes. Nasceu por l\u00e1 Nh\u00e1 Chica, a primeira beata mineira, que dedicou a vida aos valores crist\u00e3os e \u00e0 caridade.<\/p>\n<p>A originalidade da cultura de matriz de Barbacena tem suas manifesta\u00e7\u00f5es vivenciadas pela Comunidade Quilombola dos Candend\u00eas, que resgatam ritmos africanos, e pela Comunidade Remanescente de \u00cdndios Puris, no distrito de Padre Brito.<\/p>\n<p><strong>Encantos da Estrada Real<\/strong><\/p>\n<p>Entre S\u00e3o Jo\u00e3o del-Rei e Tiradentes, labirintos entre cavernas e amplas galerias trazem mist\u00e9rio e m\u00edstica para a Gruta Casa da Pedra. Cercada pelas abundantes cachoeiras da Serra do Lenheiro, ela j\u00e1 foi visitada at\u00e9 mesmo pelo imperador Dom Pedro II.<\/p>\n<p>Partindo de Tiradentes \u00e9 poss\u00edvel tamb\u00e9m fazer a trilha para a Serra de S\u00e3o Jos\u00e9, passando pela bela Cachoeira do Carteiro. O roteiro de ecoturismo desta envolvente regi\u00e3o \u00e9 conhecido como o Caminho Velho &#8211; entre Ouro Preto e Paraty (RJ) &#8211; da Estrada Real, a maior rota tur\u00edstica do pa\u00eds, que conta com 1.630 quil\u00f4metros de extens\u00e3o.<\/p>\n<p>Barbacena, a cidade das rosas, \u00e9 um ref\u00fagio repleto de belas paisagens e guarda uma das pontas da Serra da Mantiqueira, que possui 60% de sua extens\u00e3o em Minas Gerais. A serra \u00e9 popular por proporcionar a pr\u00e1tica de alpinismo em picos elevados. O rally \u00e9 o esporte predileto durante o inverno, por ser a esta\u00e7\u00e3o seca. Em Barbacena, a Copa Mineira de Rally levanta a poeira entre as fazendas de eucalipto da zona rural.<\/p>\n<p><strong>Caminho Novo<\/strong><\/p>\n<p>A Zona da Mata \u00e9 rota do Caminho Novo da Estrada Real, criado pelos portugueses para servir como passagem mais r\u00e1pida e segura ao porto do Rio de Janeiro, principalmente porque as cargas de ouro estavam sujeitas a ataques piratas na rota mar\u00edtima entre Paraty e a capital fluminense. De Ouro Preto ao Rio de Janeiro, passando por Juiz de Fora e Santos Dumont, s\u00e3o 515 quil\u00f4metros de pura hist\u00f3ria.<\/p>\n<p>O Circuito Tur\u00edstico Caminho Novo guarda resqu\u00edcios da passagem dos bandeirantes e dos tropeiros, bem como das v\u00e1rias tribos ind\u00edgenas que viviam na regi\u00e3o, como os puris e os coroados. Quem visitar a rota ainda poder\u00e1 desfrutar de belas paisagens, hist\u00f3rias do per\u00edodo colonial brasileiro e variadas atra\u00e7\u00f5es, a exemplo de artesanatos em fibras naturais, tecidos e madeiras e receitas saborosas de cervejas artesanais.<\/p>\n<p>Em Juiz de Fora, cidade polo da regi\u00e3o, ainda destacam-se os in\u00fameros museus, entre eles o Museu Din\u00e2mico de Ci\u00eancia e Tecnologia da UFJF, o Museu Ferrovi\u00e1rio, o Museu de Arte Moderna Murilo Mendes e a Funda\u00e7\u00e3o Museu Mariano Proc\u00f3pio, que abriga acervo composto por esculturas, medalh\u00f5es e vasos em cer\u00e2mica dispostos em meio \u00e0 natureza.<\/p>\n<p><strong>Cidade ol\u00edmpica<\/strong><\/p>\n<p>A Zona da Mata possui dois centros de treinamentos habilitados para receber atletas antes e durante os Jogos Ol\u00edmpicos e Paral\u00edmpicos Rio 2016. Um deles \u00e9 o Est\u00e1dio Municipal Radialista M\u00e1rio Hel\u00eanio, inaugurado em 1988, um marco na hist\u00f3ria esportiva de Juiz de Fora, com capacidade para 32 mil pessoas.<\/p>\n<p>O outro \u00e9 o Complexo Esportivo da UFJF. O conjunto possui gin\u00e1sio com arquibancadas, piscina de 25 metros aquecida por energia solar, campos de futebol e \u00e1rea para a pr\u00e1tica de modalidades do atletismo, como lan\u00e7amento de dardos, martelo, disco e peso. O complexo conta ainda com quadras de t\u00eanis, badminton, peteca, est\u00fadios de muscula\u00e7\u00e3o e de pilates.<\/p>\n<p>Com toda essa estrutura dispon\u00edvel, Juiz de Fora atraiu as delega\u00e7\u00f5es de atletismo do Canad\u00e1 e da China, que assinaram acordos para treinarem na cidade. Os chineses devem trazer para a prepara\u00e7\u00e3o 60 atletas ol\u00edmpicos e 40 membros de comiss\u00e3o t\u00e9cnica, enquanto os canadenses v\u00eam com os times ol\u00edmpico e paral\u00edmpico, com 100 e 80 integrantes, respectivamente. (Ag\u00eancia Minas)<\/p>\n","protected":false},"excerpt":{"rendered":"<p>O Tour da Tocha Ol\u00edmpica em Minas Gerais entra em sua reta final. Depois de visitar a capital mineira, o revezamento vai percorrer as cidades hist\u00f3ricas de S\u00e3o Jo\u00e3o del-Rei e Tiradentes. De acordo com a programa\u00e7\u00e3o, o percurso entre os munic\u00edpios vai ser feito de Maria Fuma\u00e7a. De Tiradentes a viagem segue por Barbacena, [&hellip;]<\/p>\n","protected":false},"author":1,"featured_media":86992,"comment_status":"open","ping_status":"closed","sticky":false,"template":"","format":"standard","meta":{"amp_status":"","footnotes":""},"categories":[59,123],"tags":[193,206,94537,94538,93586,94535,94536,94522,94533,94534,91952,94531,94532,218,711,94525,94526,94523,94524,94540,94529,94530,92559,94527,94528,94539],"class_list":["post-86991","post","type-post","status-publish","format-standard","has-post-thumbnail","hentry","category-sports","category-gerais","tag-barbacena","tag-juiz-de-fora","tag-passagem-da-tocha-olimpica-em-barbacena","tag-passagem-da-tocha-olimpica-em-juiz-de-fora","tag-passagem-da-tocha-olimpica-em-minas-gerais","tag-passagem-da-tocha-olimpica-em-sao-joao-del-rei","tag-passagem-da-tocha-olimpica-em-tiradentes","tag-penultimo-dia-do-tour-da-tocha-olimpica-em-minas-preve-passeio-de-maria-fumaca","tag-revezamento-da-tocha-olimpica-em-barbacena","tag-revezamento-da-tocha-olimpica-em-juiz-de-fora","tag-revezamento-da-tocha-olimpica-em-minas-gerais","tag-revezamento-da-tocha-olimpica-em-sao-joao-del-rei","tag-revezamento-da-tocha-olimpica-em-tiradentes","tag-sao-joao-del-rei","tag-tiradentes","tag-tocha-olimpica-em-barbacena","tag-tocha-olimpica-em-juiz-de-fora","tag-tocha-olimpica-em-sao-joao-del-rei","tag-tocha-olimpica-em-tiradentes","tag-tocha-olimpica-passeia-de-maria-fumaca","tag-tour-da-tocha-olimpica-em-barbacena","tag-tour-da-tocha-olimpica-em-juiz-de-fora","tag-tour-da-tocha-olimpica-em-minas-gerais","tag-tour-da-tocha-olimpica-em-sao-joao-del-rei","tag-tour-da-tocha-olimpica-em-tiradentes","tag-tour-da-tocha-olimpica-entra-em-sua-reta-final-em-minas-gerais"],"_links":{"self":[{"href":"https:\/\/aconteceunovale.com.br\/portal\/index.php?rest_route=\/wp\/v2\/posts\/86991","targetHints":{"allow":["GET"]}}],"collection":[{"href":"https:\/\/aconteceunovale.com.br\/portal\/index.php?rest_route=\/wp\/v2\/posts"}],"about":[{"href":"https:\/\/aconteceunovale.com.br\/portal\/index.php?rest_route=\/wp\/v2\/types\/post"}],"author":[{"embeddable":true,"href":"https:\/\/aconteceunovale.com.br\/portal\/index.php?rest_route=\/wp\/v2\/users\/1"}],"replies":[{"embeddable":true,"href":"https:\/\/aconteceunovale.com.br\/portal\/index.php?rest_route=%2Fwp%2Fv2%2Fcomments&post=86991"}],"version-history":[{"count":0,"href":"https:\/\/aconteceunovale.com.br\/portal\/index.php?rest_route=\/wp\/v2\/posts\/86991\/revisions"}],"wp:featuredmedia":[{"embeddable":true,"href":"https:\/\/aconteceunovale.com.br\/portal\/index.php?rest_route=\/wp\/v2\/media\/86992"}],"wp:attachment":[{"href":"https:\/\/aconteceunovale.com.br\/portal\/index.php?rest_route=%2Fwp%2Fv2%2Fmedia&parent=86991"}],"wp:term":[{"taxonomy":"category","embeddable":true,"href":"https:\/\/aconteceunovale.com.br\/portal\/index.php?rest_route=%2Fwp%2Fv2%2Fcategories&post=86991"},{"taxonomy":"post_tag","embeddable":true,"href":"https:\/\/aconteceunovale.com.br\/portal\/index.php?rest_route=%2Fwp%2Fv2%2Ftags&post=86991"}],"curies":[{"name":"wp","href":"https:\/\/api.w.org\/{rel}","templated":true}]}}