{"id":86988,"date":"2016-05-14T22:58:09","date_gmt":"2016-05-15T01:58:09","guid":{"rendered":"http:\/\/aconteceunovale.com.br\/portal\/?p=86988"},"modified":"2016-05-14T22:58:09","modified_gmt":"2016-05-15T01:58:09","slug":"paratletas-participam-do-revezamento-da-tocha-olimpica-em-belo-horizonte","status":"publish","type":"post","link":"https:\/\/aconteceunovale.com.br\/portal\/?p=86988","title":{"rendered":"Paratletas participam do revezamento da Tocha Ol\u00edmpica em Belo Horizonte"},"content":{"rendered":"<p>Ela \u00e9 especialista em correr. Foi medalhista nos Jogos Paral\u00edmpicos de Atenas 2004, Pequim 2008 e Londres 2012. Hoje, al\u00e9m de um guia, Terezinha Guilhermina teve outra companhia para correr: a Tocha Ol\u00edmpica. A mineira foi uma das condutoras do fogo ol\u00edmpico na passagem por Belo Horizonte, neste s\u00e1bado (14\/5).<\/p>\n<p>Outro paratleta que conduziu a Tocha Ol\u00edmpica na capital foi Caio Almada Amorim. Beneficiado pela Secretaria de Estado de Esportes com o Bolsa Atleta, o mesa-tenista paraol\u00edmpico, de 17 anos, foi premiado no evento Melhores do Ano em 2014, al\u00e9m de ser tetracampe\u00e3o dos Jogos Escolares de Minas Gerais (Jemg), bicampe\u00e3o das Paralimp\u00edadas Escolares e campe\u00e3o do torneio por equipes dos Jogos Parapan-Americanos Estudantis, realizados em Buenos Aires, em 2012.<\/p>\n<p>Para Caio, o convite para conduzir o fogo ol\u00edmpico significa o reconhecimento do poder de transforma\u00e7\u00e3o do esporte na vida das pessoas, especialmente aquelas que convivem com alguma defici\u00eancia. \u201cEstou muito feliz por ter recebido o convite para conduzir a Tocha Ol\u00edmpica, e grato pela oportunidade de mostrar para as pessoas a import\u00e2ncia do esporte no desenvolvimento humano, na inclus\u00e3o social e na realiza\u00e7\u00e3o pessoal\u201d, destacou.<\/p>\n<p>Tamb\u00e9m benefici\u00e1ria do Bolsa Atleta, a judoca Deanne Silva de Almeida tem um extenso curr\u00edculo de conquistas no esporte. Entre as mais importantes est\u00e3o a medalha de ouro nos Jogos Parapanamericanos de Toronto em 2015 e a medalha de prata nos Jogos Paral\u00edmpicos de Pequim 2008. Esperan\u00e7a de p\u00f3dio para o Brasil em 2016 no Rio de Janeiro, a atleta da Associa\u00e7\u00e3o de Deficientes Visuais de Belo Horizonte (Adevibel) conduziu a Tocha Ol\u00edmpica em sua passagem pela Avenida Afonso Pena.<\/p>\n<p>Al\u00e9m dos atletas, dois t\u00e9cnicos reconhecidos pelo trabalho com o paradesporto tamb\u00e9m foram condutores do fogo ol\u00edmpico em Belo Horizonte. O t\u00e9cnico de Deanne e coordenador do Programa Superar, onde Caio treina, Marcelo Mendes, educador f\u00edsico e psic\u00f3logo, passou a se dedicar ao paradesporto ao encerrar a carreira como judoca. Ele levou a Tocha Ol\u00edmpica no percurso pelo bairro Mangabeiras. J\u00e1 Kl\u00e9ber Castro, que al\u00e9m de piloto do helic\u00f3ptero do Corpo de Bombeiros, \u00e9 professor volunt\u00e1rio de esgrima em cadeira de rodas, participou do revezamento na Pra\u00e7a do Papa.<\/p>\n<p><img decoding=\"async\" src=\"http:\/\/aconteceunovale.com.br\/portal\/wp-content\/uploads\/2016\/05\/208514-AGIF16051414351312-a3f5b8-original-1463249887.jpg\" alt=\"\" \/><em>Paratleta Terezinha Guilhermina (Divulga\u00e7\u00e3o\/Rio 2016)<\/em><br \/>\n<\/br><\/p>\n<p>(Ag\u00eancia Minas)<\/p>\n","protected":false},"excerpt":{"rendered":"<p>Ela \u00e9 especialista em correr. Foi medalhista nos Jogos Paral\u00edmpicos de Atenas 2004, Pequim 2008 e Londres 2012. Hoje, al\u00e9m de um guia, Terezinha Guilhermina teve outra companhia para correr: a Tocha Ol\u00edmpica. A mineira foi uma das condutoras do fogo ol\u00edmpico na passagem por Belo Horizonte, neste s\u00e1bado (14\/5). Outro paratleta que conduziu a [&hellip;]<\/p>\n","protected":false},"author":1,"featured_media":86989,"comment_status":"open","ping_status":"closed","sticky":false,"template":"","format":"standard","meta":{"amp_status":"","footnotes":""},"categories":[59,123],"tags":[194,94519,94500,94504,94496,94520,94511,94517,16500,94515,94514,94512,94516,94521,94503,94507,94499,94203,94200,94495,18061,94509,94510,94508,94502,94506,94498,94204,94199,94494,94513,94491,94518,94201,94197,94492,94501,94505,94497,94202,94198,94493],"class_list":["post-86988","post","type-post","status-publish","format-standard","has-post-thumbnail","hentry","category-sports","category-gerais","tag-belo-horizonte","tag-caio-almada-amorim","tag-chama-olimpica-em-belo-horizonte","tag-chama-olimpica-na-capital-mineira","tag-chama-olimpica-na-pampulha","tag-deanne-silva-de-almeida","tag-maior-templo-do-esporte-mineiro","tag-medalhista-nos-jogos-paralimpicos-de-atenas-2004","tag-mineirao","tag-mineirao-e-ponto-de-parada-da-tocha-olimpica-na-passagem-por-belo-horizonte","tag-mineirao-nas-olimpiadas","tag-nalbert-bittencourt","tag-paratletas-participam-do-revezamento-da-tocha-em-belo-horizonte","tag-paratletas-participam-do-revezamento-da-tocha-olimpica-em-belo-horizonte","tag-passagem-da-chama-olimpica-em-belo-horizonte","tag-passagem-da-chama-olimpica-na-capital-mineira","tag-passagem-da-chama-olimpica-na-pampulha","tag-passagem-da-tocha-olimpica-em-belo-horizonte","tag-passagem-da-tocha-olimpica-na-capital-mineira","tag-passagem-da-tocha-olimpica-na-pampulha","tag-paula-fernandes","tag-paula-fernandes-conduz-o-simbolo-olimpico-em-belo-horizonte","tag-paula-fernandes-conduz-o-simbolo-olimpico-no-complexo-arquitetonico-e-paisagistico-da-pampulha","tag-ponto-alto-do-revezamento-em-volta-da-lagoa-aconteceu-em-frente-a-igreja-sao-francisco-de-assis","tag-revezamento-da-chama-olimpica-em-belo-horizonte","tag-revezamento-da-chama-olimpica-na-capital-mineira","tag-revezamento-da-chama-olimpica-na-pampulha","tag-revezamento-da-tocha-olimpica-em-belo-horizonte","tag-revezamento-da-tocha-olimpica-na-capital-mineira","tag-revezamento-da-tocha-olimpica-na-pampulha","tag-sheilla-castro","tag-simbolo-olimpico-percorre-o-complexo-arquitetonico-e-paisagistico-da-pampulha","tag-terezinha-guilhermina","tag-tocha-olimpica-em-belo-horizonte","tag-tocha-olimpica-na-capital-mineira","tag-tocha-olimpica-na-pampulha","tag-tour-da-chama-olimpica-em-belo-horizonte","tag-tour-da-chama-olimpica-na-capital-mineira","tag-tour-da-chama-olimpica-na-pampulha","tag-tour-da-tocha-olimpica-em-belo-horizonte","tag-tour-da-tocha-olimpica-na-capital-mineira","tag-tour-da-tocha-olimpica-na-pampulha"],"_links":{"self":[{"href":"https:\/\/aconteceunovale.com.br\/portal\/index.php?rest_route=\/wp\/v2\/posts\/86988","targetHints":{"allow":["GET"]}}],"collection":[{"href":"https:\/\/aconteceunovale.com.br\/portal\/index.php?rest_route=\/wp\/v2\/posts"}],"about":[{"href":"https:\/\/aconteceunovale.com.br\/portal\/index.php?rest_route=\/wp\/v2\/types\/post"}],"author":[{"embeddable":true,"href":"https:\/\/aconteceunovale.com.br\/portal\/index.php?rest_route=\/wp\/v2\/users\/1"}],"replies":[{"embeddable":true,"href":"https:\/\/aconteceunovale.com.br\/portal\/index.php?rest_route=%2Fwp%2Fv2%2Fcomments&post=86988"}],"version-history":[{"count":0,"href":"https:\/\/aconteceunovale.com.br\/portal\/index.php?rest_route=\/wp\/v2\/posts\/86988\/revisions"}],"wp:featuredmedia":[{"embeddable":true,"href":"https:\/\/aconteceunovale.com.br\/portal\/index.php?rest_route=\/wp\/v2\/media\/86989"}],"wp:attachment":[{"href":"https:\/\/aconteceunovale.com.br\/portal\/index.php?rest_route=%2Fwp%2Fv2%2Fmedia&parent=86988"}],"wp:term":[{"taxonomy":"category","embeddable":true,"href":"https:\/\/aconteceunovale.com.br\/portal\/index.php?rest_route=%2Fwp%2Fv2%2Fcategories&post=86988"},{"taxonomy":"post_tag","embeddable":true,"href":"https:\/\/aconteceunovale.com.br\/portal\/index.php?rest_route=%2Fwp%2Fv2%2Ftags&post=86988"}],"curies":[{"name":"wp","href":"https:\/\/api.w.org\/{rel}","templated":true}]}}