{"id":86981,"date":"2016-05-14T22:53:49","date_gmt":"2016-05-15T01:53:49","guid":{"rendered":"http:\/\/aconteceunovale.com.br\/portal\/?p=86981"},"modified":"2016-05-14T22:53:49","modified_gmt":"2016-05-15T01:53:49","slug":"mineirao-e-ponto-de-parada-da-tocha-olimpica-na-passagem-por-belo-horizonte","status":"publish","type":"post","link":"https:\/\/aconteceunovale.com.br\/portal\/?p=86981","title":{"rendered":"Mineir\u00e3o \u00e9 ponto de parada da Tocha Ol\u00edmpica na passagem por Belo Horizonte"},"content":{"rendered":"<p>O maior templo do esporte mineiro recebeu, neste s\u00e1bado (14\/5), a Tocha Ol\u00edmpica. Aos 50 anos, o Mineir\u00e3o, que ser\u00e1 uma das sedes do Torneio Ol\u00edmpico de Futebol, teve em seu gramado, pode onde passaram in\u00fameros craques ao longo de cinco d\u00e9cadas, a chama que, no dia 5 de agosto, no Maracan\u00e3, acender\u00e1 a pira ol\u00edmpica na abertura dos Jogos Rio 2016.<\/p>\n<p>No est\u00e1dio, o fogo foi conduzido por dois campe\u00f5es ol\u00edmpicos de voleibol: a mineira Sheilla Castro \u2013 atual jogadora da Sele\u00e7\u00e3o Brasileira \u2013 e Nalbert Bittencourt \u2013, que se aposentou em 2010. O secret\u00e1rio de Estado de Esportes, Carlos Henrique, e o secret\u00e1rio adjunto, Ricardo Sapi, estiveram presentes e acompanharam o revezamento.<\/p>\n<p>Acompanhado dos filhos e da esposa, Nalbert era s\u00f3 alegria enquanto aguardava sua vez de conduzir a Tocha Ol\u00edmpica. O ex-atleta, que atuou pelo Minas T\u00eanis Clube, afirmou que se sentia privilegiado por integrar o revezamento em Minas Gerais.<\/p>\n<p>\u201cPoder estar em Belo Horizonte, que considero minha segunda casa, poder carregar a tocha aqui, \u00e9 especial. Sou um cara de muita sorte porque fui escolhido para conduzir a Tocha Ol\u00edmpica aqui em BH e os Jogos Ol\u00edmpicos v\u00e3o ser na minha cidade, que \u00e9 o Rio de Janeiro, ent\u00e3o s\u00f3 tenho que agradecer. Sem d\u00favida alguma \u00e9 um momento de grande emo\u00e7\u00e3o\u201d, garantiu.<\/p>\n<p>J\u00e1 a belo-horizontina Sheilla, que passou por grandes momentos nas quadras, garantiu que carregar a Tocha Ol\u00edmpica dentro do Mineir\u00e3o provocou um \u2018frio na barriga\u2019 diferente. <\/p>\n<p>\u201cConforme vai chegando a hora, vai aumentando a emo\u00e7\u00e3o, vai aumentando a ansiedade de carregar. \u00c9 um momento \u00fanico. Acho que qualquer brasileiro gostaria de estar neste lugar. N\u00e3o s\u00f3 atletas. A Tocha Ol\u00edmpica inspira todo mundo\u201d, concluiu a atleta.<\/p>\n<p>O secret\u00e1rio de Estado de Esportes e coordenador do N\u00facleo de Articula\u00e7\u00e3o Minas 2016, Carlos Henrique, ressaltou a acolhida do p\u00fablico mineiro desde a chegada da chama ol\u00edmpica a Minas Gerais, no s\u00e1bado passado (7\/5). <\/p>\n<p>\u201cEstamos acompanhando a tocha desde a entrada no estado, a partir da cidade de Araguari. Estou bastante feliz pela rea\u00e7\u00e3o do grande p\u00fablico mineiro. Acho que esse \u00e9 um legado importante que o revezamento tamb\u00e9m deixa para os mineiros. Essa unidade do povo em torno da passagem da chama ol\u00edmpica, a chama da esperan\u00e7a, da disciplina, da integra\u00e7\u00e3o entre os povos&#8221;, disse. &#8220;Tenho a plena convic\u00e7\u00e3o de que o povo mineiro recepcionou de uma forma muito alegre, muito calorosa este momento ol\u00edmpico que estamos vivendo no Estado de Minas Gerais e no Brasil\u201d, finalizou o secret\u00e1rio.<\/p>\n<p>Ap\u00f3s ser conduzida no Mineir\u00e3o, a tocha seguiu seu percurso por Belo Horizonte. At\u00e9 a noite, quando encerra sua passagem na festa de celebra\u00e7\u00e3o que ser\u00e1 realizada na Pra\u00e7a da Esta\u00e7\u00e3o, o s\u00edmbolo ol\u00edmpico percorrer\u00e1 a regi\u00e3o central da cidade. Est\u00e3o previstas paradas em pontos tur\u00edsticos como a Pra\u00e7a da Liberdade, Pra\u00e7a do Papa, Pra\u00e7a da Bandeira e Pal\u00e1cio das Artes.<\/p>\n<p><strong>Mineir\u00e3o nas Olimp\u00edadas<\/strong><\/p>\n<p>Em Belo Horizonte, ser\u00e3o realizadas seis partidas na primeira fase do torneio de futebol: quatro femininas e duas masculinas.<\/p>\n<p>Entre as equipes femininas que passar\u00e3o por Minas Gerais destaca-se a presen\u00e7a da sele\u00e7\u00e3o dos Estados Unidos, tetracampe\u00e3 ol\u00edmpica (1996, 2004, 2008 e 2012) para enfrentar a Nova Zel\u00e2ndia no dia 3 de agosto.<\/p>\n<p>Entre os times masculinos, no dia 10 de agosto a Alemanha retorna \u00e0 capital mineira pela primeira vez ap\u00f3s a Copa do Mundo para enfrentar a sele\u00e7\u00e3o de Fiji, com a inten\u00e7\u00e3o de repetir o bom resultado obtido em 2014.<\/p>\n<p><strong>Futebol leva o esp\u00edrito ol\u00edmpico para o pa\u00eds<\/strong><\/p>\n<p>A \u00fanica modalidade esportiva dos Jogos Ol\u00edmpicos e Paral\u00edmpicos Rio 2016 com partidas fora do Rio de Janeiro \u00e9 o futebol. O objetivo \u00e9 espalhar o esp\u00edrito ol\u00edmpico pelo pa\u00eds com a realiza\u00e7\u00e3o de 58 partidas em diferentes regi\u00f5es.<\/p>\n<p>O Torneio Ol\u00edmpico de Futebol ser\u00e1 disputado em outras cinco cidades, al\u00e9m de Belo Horizonte: Rio de Janeiro, S\u00e3o Paulo, Salvador, Manaus e Bras\u00edlia. O Mineir\u00e3o receber\u00e1 um total de dez jogos, que ser\u00e3o realizados nos dias 3, 6, 10 &#8211; em rodadas duplas -, 12, 13, 16 e 20 de agosto. <\/p>\n<p>Ser\u00e3o seis jogos femininos e quatro masculinos, incluindo a disputa pela medalha de bronze. Ao todo, 16 pa\u00edses v\u00e3o disputar o torneio masculino e 12, o feminino.<\/p>\n<p><img decoding=\"async\" src=\"http:\/\/aconteceunovale.com.br\/portal\/wp-content\/uploads\/2016\/05\/mineirao_tocha_1.jpg\" alt=\"\" \/><\/p>\n<p><img decoding=\"async\" src=\"http:\/\/aconteceunovale.com.br\/portal\/wp-content\/uploads\/2016\/05\/mineirao_tocha_2.jpg\" alt=\"\" \/><\/p>\n<p><img decoding=\"async\" src=\"http:\/\/aconteceunovale.com.br\/portal\/wp-content\/uploads\/2016\/05\/mineirao_tocha_3.jpg\" alt=\"\" \/><\/p>\n<p><img decoding=\"async\" src=\"http:\/\/aconteceunovale.com.br\/portal\/wp-content\/uploads\/2016\/05\/mineirao_tocha_4.jpg\" alt=\"\" \/><\/p>\n<p><img decoding=\"async\" src=\"http:\/\/aconteceunovale.com.br\/portal\/wp-content\/uploads\/2016\/05\/mineirao_tocha_5.jpg\" alt=\"\" \/><em>(Ag\u00eancia Minas \/ Fotos: Carlos Alberto\/Imprensa MG)<\/em><\/p>\n","protected":false},"excerpt":{"rendered":"<p>O maior templo do esporte mineiro recebeu, neste s\u00e1bado (14\/5), a Tocha Ol\u00edmpica. Aos 50 anos, o Mineir\u00e3o, que ser\u00e1 uma das sedes do Torneio Ol\u00edmpico de Futebol, teve em seu gramado, pode onde passaram in\u00fameros craques ao longo de cinco d\u00e9cadas, a chama que, no dia 5 de agosto, no Maracan\u00e3, acender\u00e1 a pira [&hellip;]<\/p>\n","protected":false},"author":1,"featured_media":86983,"comment_status":"open","ping_status":"closed","sticky":false,"template":"","format":"standard","meta":{"amp_status":"","footnotes":""},"categories":[59,123],"tags":[194,94500,94504,94496,94511,16500,94515,94514,94512,94503,94507,94499,94203,94200,94495,18061,94509,94510,94508,94502,94506,94498,94204,94199,94494,94513,94491,94201,94197,94492,94501,94505,94497,94202,94198,94493],"class_list":["post-86981","post","type-post","status-publish","format-standard","has-post-thumbnail","hentry","category-sports","category-gerais","tag-belo-horizonte","tag-chama-olimpica-em-belo-horizonte","tag-chama-olimpica-na-capital-mineira","tag-chama-olimpica-na-pampulha","tag-maior-templo-do-esporte-mineiro","tag-mineirao","tag-mineirao-e-ponto-de-parada-da-tocha-olimpica-na-passagem-por-belo-horizonte","tag-mineirao-nas-olimpiadas","tag-nalbert-bittencourt","tag-passagem-da-chama-olimpica-em-belo-horizonte","tag-passagem-da-chama-olimpica-na-capital-mineira","tag-passagem-da-chama-olimpica-na-pampulha","tag-passagem-da-tocha-olimpica-em-belo-horizonte","tag-passagem-da-tocha-olimpica-na-capital-mineira","tag-passagem-da-tocha-olimpica-na-pampulha","tag-paula-fernandes","tag-paula-fernandes-conduz-o-simbolo-olimpico-em-belo-horizonte","tag-paula-fernandes-conduz-o-simbolo-olimpico-no-complexo-arquitetonico-e-paisagistico-da-pampulha","tag-ponto-alto-do-revezamento-em-volta-da-lagoa-aconteceu-em-frente-a-igreja-sao-francisco-de-assis","tag-revezamento-da-chama-olimpica-em-belo-horizonte","tag-revezamento-da-chama-olimpica-na-capital-mineira","tag-revezamento-da-chama-olimpica-na-pampulha","tag-revezamento-da-tocha-olimpica-em-belo-horizonte","tag-revezamento-da-tocha-olimpica-na-capital-mineira","tag-revezamento-da-tocha-olimpica-na-pampulha","tag-sheilla-castro","tag-simbolo-olimpico-percorre-o-complexo-arquitetonico-e-paisagistico-da-pampulha","tag-tocha-olimpica-em-belo-horizonte","tag-tocha-olimpica-na-capital-mineira","tag-tocha-olimpica-na-pampulha","tag-tour-da-chama-olimpica-em-belo-horizonte","tag-tour-da-chama-olimpica-na-capital-mineira","tag-tour-da-chama-olimpica-na-pampulha","tag-tour-da-tocha-olimpica-em-belo-horizonte","tag-tour-da-tocha-olimpica-na-capital-mineira","tag-tour-da-tocha-olimpica-na-pampulha"],"_links":{"self":[{"href":"https:\/\/aconteceunovale.com.br\/portal\/index.php?rest_route=\/wp\/v2\/posts\/86981","targetHints":{"allow":["GET"]}}],"collection":[{"href":"https:\/\/aconteceunovale.com.br\/portal\/index.php?rest_route=\/wp\/v2\/posts"}],"about":[{"href":"https:\/\/aconteceunovale.com.br\/portal\/index.php?rest_route=\/wp\/v2\/types\/post"}],"author":[{"embeddable":true,"href":"https:\/\/aconteceunovale.com.br\/portal\/index.php?rest_route=\/wp\/v2\/users\/1"}],"replies":[{"embeddable":true,"href":"https:\/\/aconteceunovale.com.br\/portal\/index.php?rest_route=%2Fwp%2Fv2%2Fcomments&post=86981"}],"version-history":[{"count":0,"href":"https:\/\/aconteceunovale.com.br\/portal\/index.php?rest_route=\/wp\/v2\/posts\/86981\/revisions"}],"wp:featuredmedia":[{"embeddable":true,"href":"https:\/\/aconteceunovale.com.br\/portal\/index.php?rest_route=\/wp\/v2\/media\/86983"}],"wp:attachment":[{"href":"https:\/\/aconteceunovale.com.br\/portal\/index.php?rest_route=%2Fwp%2Fv2%2Fmedia&parent=86981"}],"wp:term":[{"taxonomy":"category","embeddable":true,"href":"https:\/\/aconteceunovale.com.br\/portal\/index.php?rest_route=%2Fwp%2Fv2%2Fcategories&post=86981"},{"taxonomy":"post_tag","embeddable":true,"href":"https:\/\/aconteceunovale.com.br\/portal\/index.php?rest_route=%2Fwp%2Fv2%2Ftags&post=86981"}],"curies":[{"name":"wp","href":"https:\/\/api.w.org\/{rel}","templated":true}]}}