{"id":86974,"date":"2016-05-14T22:47:02","date_gmt":"2016-05-15T01:47:02","guid":{"rendered":"http:\/\/aconteceunovale.com.br\/portal\/?p=86974"},"modified":"2016-05-14T22:51:36","modified_gmt":"2016-05-15T01:51:36","slug":"paula-fernandes-conduz-o-simbolo-olimpico-em-belo-horizonte","status":"publish","type":"post","link":"https:\/\/aconteceunovale.com.br\/portal\/?p=86974","title":{"rendered":"Paula Fernandes conduz o S\u00edmbolo Ol\u00edmpico em Belo Horizonte"},"content":{"rendered":"<p>Depois de passar por Contagem, a Tocha Ol\u00edmpica chegou a Belo Horizonte neste s\u00e1bado (14\/5). O revezamento na capital mineira come\u00e7ou pelo Conjunto Arquitet\u00f4nico e Paisag\u00edstico da Pampulha. O ponto alto do tour pelo local, candidato a Patrim\u00f4nio Cultural pela Unesco, aconteceu em frente \u00e0 Igreja S\u00e3o Francisco de Assis. A cantora mineira Paula Fernandes teve a honra de conduzir a chama ol\u00edmpica enquanto contornava o templo.<\/p>\n<p><strong>Marco do modernismo<\/strong><\/p>\n<p>Obra seminal do arquiteto Oscar Niemeyer, o Conjunto Arquitet\u00f4nico e Paisag\u00edstico da Pampulha \u00e9 considerado um marco do modernismo brasileiro, aliando a concep\u00e7\u00e3o pl\u00e1stica do concreto armado \u00e0 funcionalidade urban\u00edstica. \u00cdcone da modernidade na arquitetura, influenciou toda uma escola ao redor do mundo. O projeto nasceu de um convite, em 1941, feito pelo prefeito Juscelino Kubistchek.<\/p>\n<p>O conjunto inclui, al\u00e9m do espelho d\u2019\u00e1gua da Lagoa da Pampulha, a Capela de S\u00e3o Francisco de Assis, o Cassino (atual Museu de Arte da Pampulha), a Casa do Baile e o Iate Clube, todos constru\u00eddos quase simultaneamente (entre 1942 e 1943), e a resid\u00eancia de Juscelino Kubitschek (atual Casa Kubitschek).<\/p>\n<p>Um dos mais conhecidos cart\u00f5es postais de BH, a Capela de S\u00e3o Francisco de Assis possui linhas arrojadas e belos mosaicos nas laterais. Seu interior abriga a Via Sacra, constitu\u00edda por pain\u00e9is de C\u00e2ndido Portinari, considerada a sua obra mais significativa.  O complexo da Pampulha \u00e9 candidato a Patrim\u00f4nio Cultural da Humanidade pela Unesco.<\/p>\n<p><img decoding=\"async\" src=\"http:\/\/aconteceunovale.com.br\/portal\/wp-content\/uploads\/2016\/05\/pampulha_tocha_1.jpg\" alt=\"\" \/><\/p>\n<p><img decoding=\"async\" src=\"http:\/\/aconteceunovale.com.br\/portal\/wp-content\/uploads\/2016\/05\/pampulha_tocha_2.jpg\" alt=\"\" \/><\/p>\n<p><img decoding=\"async\" src=\"http:\/\/aconteceunovale.com.br\/portal\/wp-content\/uploads\/2016\/05\/pampulha_tocha_3.jpg\" alt=\"\" \/><\/p>\n<p><img decoding=\"async\" src=\"http:\/\/aconteceunovale.com.br\/portal\/wp-content\/uploads\/2016\/05\/pampulha_tocha_4.jpg\" alt=\"\" \/><\/p>\n<p><img decoding=\"async\" src=\"http:\/\/aconteceunovale.com.br\/portal\/wp-content\/uploads\/2016\/05\/pampulha_tocha_5.jpg\" alt=\"\" \/><em>(Ag\u00eancia Minas \/ Fotos: Marcelo Sant&#8217;Anna\/Imprensa MG)<\/em><\/p>\n","protected":false},"excerpt":{"rendered":"<p>Depois de passar por Contagem, a Tocha Ol\u00edmpica chegou a Belo Horizonte neste s\u00e1bado (14\/5). O revezamento na capital mineira come\u00e7ou pelo Conjunto Arquitet\u00f4nico e Paisag\u00edstico da Pampulha. O ponto alto do tour pelo local, candidato a Patrim\u00f4nio Cultural pela Unesco, aconteceu em frente \u00e0 Igreja S\u00e3o Francisco de Assis. A cantora mineira Paula Fernandes [&hellip;]<\/p>\n","protected":false},"author":1,"featured_media":86975,"comment_status":"open","ping_status":"closed","sticky":false,"template":"","format":"standard","meta":{"amp_status":"","footnotes":""},"categories":[59,123],"tags":[194,94500,94504,94496,94503,94507,94499,94203,94200,94495,18061,94509,94510,94508,94502,94506,94498,94204,94199,94494,94491,94201,94197,94492,94501,94505,94497,94202,94198,94493],"class_list":["post-86974","post","type-post","status-publish","format-standard","has-post-thumbnail","hentry","category-sports","category-gerais","tag-belo-horizonte","tag-chama-olimpica-em-belo-horizonte","tag-chama-olimpica-na-capital-mineira","tag-chama-olimpica-na-pampulha","tag-passagem-da-chama-olimpica-em-belo-horizonte","tag-passagem-da-chama-olimpica-na-capital-mineira","tag-passagem-da-chama-olimpica-na-pampulha","tag-passagem-da-tocha-olimpica-em-belo-horizonte","tag-passagem-da-tocha-olimpica-na-capital-mineira","tag-passagem-da-tocha-olimpica-na-pampulha","tag-paula-fernandes","tag-paula-fernandes-conduz-o-simbolo-olimpico-em-belo-horizonte","tag-paula-fernandes-conduz-o-simbolo-olimpico-no-complexo-arquitetonico-e-paisagistico-da-pampulha","tag-ponto-alto-do-revezamento-em-volta-da-lagoa-aconteceu-em-frente-a-igreja-sao-francisco-de-assis","tag-revezamento-da-chama-olimpica-em-belo-horizonte","tag-revezamento-da-chama-olimpica-na-capital-mineira","tag-revezamento-da-chama-olimpica-na-pampulha","tag-revezamento-da-tocha-olimpica-em-belo-horizonte","tag-revezamento-da-tocha-olimpica-na-capital-mineira","tag-revezamento-da-tocha-olimpica-na-pampulha","tag-simbolo-olimpico-percorre-o-complexo-arquitetonico-e-paisagistico-da-pampulha","tag-tocha-olimpica-em-belo-horizonte","tag-tocha-olimpica-na-capital-mineira","tag-tocha-olimpica-na-pampulha","tag-tour-da-chama-olimpica-em-belo-horizonte","tag-tour-da-chama-olimpica-na-capital-mineira","tag-tour-da-chama-olimpica-na-pampulha","tag-tour-da-tocha-olimpica-em-belo-horizonte","tag-tour-da-tocha-olimpica-na-capital-mineira","tag-tour-da-tocha-olimpica-na-pampulha"],"_links":{"self":[{"href":"https:\/\/aconteceunovale.com.br\/portal\/index.php?rest_route=\/wp\/v2\/posts\/86974","targetHints":{"allow":["GET"]}}],"collection":[{"href":"https:\/\/aconteceunovale.com.br\/portal\/index.php?rest_route=\/wp\/v2\/posts"}],"about":[{"href":"https:\/\/aconteceunovale.com.br\/portal\/index.php?rest_route=\/wp\/v2\/types\/post"}],"author":[{"embeddable":true,"href":"https:\/\/aconteceunovale.com.br\/portal\/index.php?rest_route=\/wp\/v2\/users\/1"}],"replies":[{"embeddable":true,"href":"https:\/\/aconteceunovale.com.br\/portal\/index.php?rest_route=%2Fwp%2Fv2%2Fcomments&post=86974"}],"version-history":[{"count":0,"href":"https:\/\/aconteceunovale.com.br\/portal\/index.php?rest_route=\/wp\/v2\/posts\/86974\/revisions"}],"wp:featuredmedia":[{"embeddable":true,"href":"https:\/\/aconteceunovale.com.br\/portal\/index.php?rest_route=\/wp\/v2\/media\/86975"}],"wp:attachment":[{"href":"https:\/\/aconteceunovale.com.br\/portal\/index.php?rest_route=%2Fwp%2Fv2%2Fmedia&parent=86974"}],"wp:term":[{"taxonomy":"category","embeddable":true,"href":"https:\/\/aconteceunovale.com.br\/portal\/index.php?rest_route=%2Fwp%2Fv2%2Fcategories&post=86974"},{"taxonomy":"post_tag","embeddable":true,"href":"https:\/\/aconteceunovale.com.br\/portal\/index.php?rest_route=%2Fwp%2Fv2%2Ftags&post=86974"}],"curies":[{"name":"wp","href":"https:\/\/api.w.org\/{rel}","templated":true}]}}