{"id":86909,"date":"2016-05-14T16:00:53","date_gmt":"2016-05-14T19:00:53","guid":{"rendered":"http:\/\/aconteceunovale.com.br\/portal\/?p=86909"},"modified":"2016-05-14T16:00:53","modified_gmt":"2016-05-14T19:00:53","slug":"itamaraty-muda-o-tom-e-critica-governos-de-cinco-paises-por-propagar-falsidades-sobre-brasil","status":"publish","type":"post","link":"https:\/\/aconteceunovale.com.br\/portal\/?p=86909","title":{"rendered":"Itamaraty muda o tom e critica governos de cinco pa\u00edses por propagar &#8216;falsidades&#8217; sobre Brasil"},"content":{"rendered":"<p>O Minist\u00e9rio das Rela\u00e7\u00f5es Exteriores (MRE), j\u00e1 comandado por Jos\u00e9 Serra, rebateu nessa sexta-feira (13\/5) cr\u00edticas dos governos da Venezuela, Cuba, Bol\u00edvia, Equador e Nicar\u00e1gua quanto \u00e0 legalidade do processo de impeachment da presidente afastada Dilma Rousseff.<\/p>\n<p>Em nota, o Itamaraty disse \u201crejeitar com veem\u00eancia\u201d o que classificou como propaga\u00e7\u00e3o de falsidades por partes desses governos em rela\u00e7\u00e3o ao impeachment. A assessoria do Minist\u00e9rio de Rela\u00e7\u00f5es Exteriores informou que o afastamento de Dilma ocorreu \u201cem quadro de absoluto respeito \u00e0s institui\u00e7\u00f5es democr\u00e1ticas e \u00e0 Constitui\u00e7\u00e3o federal\u201d.<\/p>\n<p>O minist\u00e9rio criticou ainda as declara\u00e7\u00f5es do secret\u00e1rio-Geral da Uni\u00e3o de Na\u00e7\u00f5es Sul-Americanas (Unasul), Ernesto Samper, e o posicionamento da Alian\u00e7a Bolivariana para os Povos de Nossa Am\u00e9rica\/Tratado de Coopera\u00e7\u00e3o dos Povos (ALBA\/TCP).<\/p>\n<p>\u201cComo qualquer observador isento pode constatar, o processo de impedimento \u00e9 previs\u00e3o constitucional; o rito estabelecido na Constitui\u00e7\u00e3o e na lei foi seguido rigorosamente, com aval e determina\u00e7\u00e3o do STF\u201d, acrescentou trecho da nota do Itamaraty.<\/p>\n<p>De acordo com o MRE, o presidente em exerc\u00edcio Michel Temer assumiu o comando do pa\u00eds \u201cpor determina\u00e7\u00e3o da Constitui\u00e7\u00e3o Federal, nos termos por ela fixados\u201d.<\/p>\n<p><strong>Unasul<\/strong><\/p>\n<p>Sobre as declara\u00e7\u00f5es do secret\u00e1rio-geral da Unasul, o Itamaraty considerou que Samper deixa transparecer ju\u00edzos de valor infundados e preconceitos contra o Estado brasileiro.<\/p>\n<p>Logo ap\u00f3s a aprova\u00e7\u00e3o da admissibilidade do processo de impedimento de Dilma pelo Senado, Samper ressaltou o peso do Brasil na regi\u00e3o e demonstrou preocupa\u00e7\u00e3o de que o impeachment de Dilma abra precedente para destitui\u00e7\u00e3o de presidentes por motivos pol\u00edticos.<\/p>\n<p>\u201cTais ju\u00edzos e interpreta\u00e7\u00f5es do secret\u00e1rio-geral s\u00e3o incompat\u00edveis com as fun\u00e7\u00f5es que exerce e com o mandato que recebeu do conjunto de pa\u00edses sul-americanos nos termos do Tratado Constitutivo e do Regulamento Geral da Unasul\u201d, esclareceu o Itamaraty. (Ag\u00eancia Brasil)<\/p>\n","protected":false},"excerpt":{"rendered":"<p>O Minist\u00e9rio das Rela\u00e7\u00f5es Exteriores (MRE), j\u00e1 comandado por Jos\u00e9 Serra, rebateu nessa sexta-feira (13\/5) cr\u00edticas dos governos da Venezuela, Cuba, Bol\u00edvia, Equador e Nicar\u00e1gua quanto \u00e0 legalidade do processo de impeachment da presidente afastada Dilma Rousseff. Em nota, o Itamaraty disse \u201crejeitar com veem\u00eancia\u201d o que classificou como propaga\u00e7\u00e3o de falsidades por partes desses [&hellip;]<\/p>\n","protected":false},"author":1,"featured_media":86910,"comment_status":"open","ping_status":"closed","sticky":false,"template":"","format":"standard","meta":{"amp_status":"","footnotes":""},"categories":[6,28848],"tags":[94403,94402,16736,4825,2162,74991,94401,94397,68049,43552,94398,14605,94394,94395,94396,94404,94399,94400,18922],"class_list":["post-86909","post","type-post","status-publish","format-standard","has-post-thumbnail","hentry","category-br","category-mundo","tag-albatcp","tag-alianca-bolivariana-para-os-povos-de-nossa-americatratado-de-cooperacao-dos-povos","tag-bolivia","tag-cuba","tag-dilma-rousseff","tag-equador","tag-ernesto-samper","tag-impeachment-da-presidente-afastada-dilma-rousseff","tag-impeachment-da-presidente-dilma-rousseff","tag-itamaraty","tag-itamaraty-muda-o-tom-e-critica-governos-de-cinco-paises-por-propagar-falsidades-sobre-brasil","tag-jose-serra","tag-ministerio-das-relacoes-exteriores","tag-mre","tag-nicaragua","tag-presidente-em-exercicio-michel-temer","tag-secretario-geral-da-uniao-de-nacoes-sul-americanas","tag-unasul","tag-venezuela"],"_links":{"self":[{"href":"https:\/\/aconteceunovale.com.br\/portal\/index.php?rest_route=\/wp\/v2\/posts\/86909","targetHints":{"allow":["GET"]}}],"collection":[{"href":"https:\/\/aconteceunovale.com.br\/portal\/index.php?rest_route=\/wp\/v2\/posts"}],"about":[{"href":"https:\/\/aconteceunovale.com.br\/portal\/index.php?rest_route=\/wp\/v2\/types\/post"}],"author":[{"embeddable":true,"href":"https:\/\/aconteceunovale.com.br\/portal\/index.php?rest_route=\/wp\/v2\/users\/1"}],"replies":[{"embeddable":true,"href":"https:\/\/aconteceunovale.com.br\/portal\/index.php?rest_route=%2Fwp%2Fv2%2Fcomments&post=86909"}],"version-history":[{"count":0,"href":"https:\/\/aconteceunovale.com.br\/portal\/index.php?rest_route=\/wp\/v2\/posts\/86909\/revisions"}],"wp:featuredmedia":[{"embeddable":true,"href":"https:\/\/aconteceunovale.com.br\/portal\/index.php?rest_route=\/wp\/v2\/media\/86910"}],"wp:attachment":[{"href":"https:\/\/aconteceunovale.com.br\/portal\/index.php?rest_route=%2Fwp%2Fv2%2Fmedia&parent=86909"}],"wp:term":[{"taxonomy":"category","embeddable":true,"href":"https:\/\/aconteceunovale.com.br\/portal\/index.php?rest_route=%2Fwp%2Fv2%2Fcategories&post=86909"},{"taxonomy":"post_tag","embeddable":true,"href":"https:\/\/aconteceunovale.com.br\/portal\/index.php?rest_route=%2Fwp%2Fv2%2Ftags&post=86909"}],"curies":[{"name":"wp","href":"https:\/\/api.w.org\/{rel}","templated":true}]}}