{"id":86905,"date":"2016-05-14T15:42:33","date_gmt":"2016-05-14T18:42:33","guid":{"rendered":"http:\/\/aconteceunovale.com.br\/portal\/?p=86905"},"modified":"2016-05-14T15:42:33","modified_gmt":"2016-05-14T18:42:33","slug":"ministro-da-saude-quer-multa-para-quem-mantiver-foco-do-aedes-aegypti-em-casa","status":"publish","type":"post","link":"https:\/\/aconteceunovale.com.br\/portal\/?p=86905","title":{"rendered":"Ministro da Sa\u00fade quer multa para quem mantiver foco do Aedes aegypti em casa"},"content":{"rendered":"<p>O novo ministro da Sa\u00fade, Ricardo Barros, apresentou algumas propostas em sua primeira entrevista no cargo, nessa sexta-feira (13\/5). Uma delas \u00e9 a aplica\u00e7\u00e3o de multa para quem tiver focos do mosquito Aedes aegypti em casa.<\/p>\n<p>\u201cEu quero fazer esse apelo aos prefeitos para que, se n\u00e3o tem uma lei [que preveja multa], que eles aprovem a lei e que fa\u00e7am a fiscaliza\u00e7\u00e3o com muita dedica\u00e7\u00e3o. Se o mosquito se comprometesse a picar s\u00f3 na casa onde ele \u00e9 criado, era f\u00e1cil, mas, infelizmente, ele n\u00e3o \u00e9 disciplinado e a gente n\u00e3o pode deixar que a sociedade toda sofra porque algu\u00e9m n\u00e3o quer colaborar com o combate ao mosquito\u201d, disse o ministro.<\/p>\n<p>Barros fez uma analogia ao uso de cinto de seguran\u00e7a, dizendo que a popula\u00e7\u00e3o s\u00f3 adotou o h\u00e1bito de usar esta ferramenta depois que o governo imp\u00f4s multa. \u201c[O governo fazia] campanhas para o uso do cinto de seguran\u00e7a, campanhas expressivas, terminava a campanha, pesquisas mostravam que 90% n\u00e3o usavam o cinto. Depois que implementaram multa, as pesquisas mostravam que 90% usavam o cinto\u201d, comparou.<\/p>\n<p>N\u00e3o haver\u00e1 uma norma federal regulamentando a multa, segundo o ministro, pois n\u00e3o haveria como fiscalizar o cumprimento dela em todo o territ\u00f3rio nacional. Barros ressalta que a popula\u00e7\u00e3o precisa se mobilizar, pois os recursos est\u00e3o escassos para o combate. No entanto, Barros disse que as verbas para a pesquisa de combate ao mosquito, j\u00e1 previstas, ser\u00e3o mantidas.<\/p>\n<p>\u201cJ\u00e1 temos bons resultados, um gr\u00e1fico decrescente dessas endemias, mas precisamos da colabora\u00e7\u00e3o das pessoas para eliminar definitivamente esse transmissor universal, que pode transmitir outros tipos de doen\u00e7as\u201d, complementou.<\/p>\n<p>Com rela\u00e7\u00e3o aos Jogos Ol\u00edmpicos, o novo ministro disse que a pasta ir\u00e1 cumprir com todos os compromissos assumidos. \u201cO estrangeiro pode vir tranquilo, j\u00e1 que estaremos num per\u00edodo de redu\u00e7\u00e3o do mosquito e tamb\u00e9m porque as medidas de combate est\u00e3o em andamento\u201d.<\/p>\n<p><strong>Mais M\u00e9dicos<\/strong><\/p>\n<p>O Programa Mais M\u00e9dicos vai permanecer com o est\u00edmulo de recrutar m\u00e9dicos brasileiros, de acordo com Barros, e n\u00e3o vai alterar a perman\u00eancia dos estrangeiros, anunciada na semana passada pela presidente afastada Dilma Rousseff.<\/p>\n<p>\u201cVamos privilegiar, incentivar que cres\u00e7a na participa\u00e7\u00e3o dos m\u00e9dicos brasileiros, como aconteceu nas duas \u00faltimas chamadas. Esse \u00e9 o objetivo que o governo tem para manter o programa que foi muito bem aceito pela popula\u00e7\u00e3o\u201d, disse Barros. Nas duas \u00faltimas chamadas, a pasta recrutou apenas m\u00e9dicos brasileiros. (Ag\u00eancia Brasil)<\/p>\n","protected":false},"excerpt":{"rendered":"<p>O novo ministro da Sa\u00fade, Ricardo Barros, apresentou algumas propostas em sua primeira entrevista no cargo, nessa sexta-feira (13\/5). Uma delas \u00e9 a aplica\u00e7\u00e3o de multa para quem tiver focos do mosquito Aedes aegypti em casa. \u201cEu quero fazer esse apelo aos prefeitos para que, se n\u00e3o tem uma lei [que preveja multa], que eles [&hellip;]<\/p>\n","protected":false},"author":1,"featured_media":86906,"comment_status":"open","ping_status":"closed","sticky":false,"template":"","format":"standard","meta":{"amp_status":"","footnotes":""},"categories":[6,40240,40242],"tags":[8952,94393,60642,1344,94391,6855,34259,94389,94392,94390,61755,93878],"class_list":["post-86905","post","type-post","status-publish","format-standard","has-post-thumbnail","hentry","category-br","category-politica-2","category-saude-2","tag-aedes-aegypti","tag-aplicacao-de-multa-para-quem-tiver-focos-do-mosquito-aedes-aegypti-em-casa","tag-combate-ao-aedes-aegypti","tag-dengue","tag-foco-do-aedes-aegypti-em-casa","tag-mais-medicos","tag-ministro-da-saude","tag-ministro-da-saude-quer-multa-para-quem-mantiver-foco-do-aedes-aegypti-em-casa","tag-ministro-quer-multar-quem-manter-foco-do-aedes-aegypti-em-casa","tag-multa-para-quem-mantiver-foco-do-aedes-aegypti-em-casa","tag-novo-ministro-da-saude","tag-ricardo-barros"],"_links":{"self":[{"href":"https:\/\/aconteceunovale.com.br\/portal\/index.php?rest_route=\/wp\/v2\/posts\/86905","targetHints":{"allow":["GET"]}}],"collection":[{"href":"https:\/\/aconteceunovale.com.br\/portal\/index.php?rest_route=\/wp\/v2\/posts"}],"about":[{"href":"https:\/\/aconteceunovale.com.br\/portal\/index.php?rest_route=\/wp\/v2\/types\/post"}],"author":[{"embeddable":true,"href":"https:\/\/aconteceunovale.com.br\/portal\/index.php?rest_route=\/wp\/v2\/users\/1"}],"replies":[{"embeddable":true,"href":"https:\/\/aconteceunovale.com.br\/portal\/index.php?rest_route=%2Fwp%2Fv2%2Fcomments&post=86905"}],"version-history":[{"count":0,"href":"https:\/\/aconteceunovale.com.br\/portal\/index.php?rest_route=\/wp\/v2\/posts\/86905\/revisions"}],"wp:featuredmedia":[{"embeddable":true,"href":"https:\/\/aconteceunovale.com.br\/portal\/index.php?rest_route=\/wp\/v2\/media\/86906"}],"wp:attachment":[{"href":"https:\/\/aconteceunovale.com.br\/portal\/index.php?rest_route=%2Fwp%2Fv2%2Fmedia&parent=86905"}],"wp:term":[{"taxonomy":"category","embeddable":true,"href":"https:\/\/aconteceunovale.com.br\/portal\/index.php?rest_route=%2Fwp%2Fv2%2Fcategories&post=86905"},{"taxonomy":"post_tag","embeddable":true,"href":"https:\/\/aconteceunovale.com.br\/portal\/index.php?rest_route=%2Fwp%2Fv2%2Ftags&post=86905"}],"curies":[{"name":"wp","href":"https:\/\/api.w.org\/{rel}","templated":true}]}}