{"id":86901,"date":"2016-05-14T15:00:08","date_gmt":"2016-05-14T18:00:08","guid":{"rendered":"http:\/\/aconteceunovale.com.br\/portal\/?p=86901"},"modified":"2016-05-14T15:00:08","modified_gmt":"2016-05-14T18:00:08","slug":"morre-o-teofilo-otonense-geraldo-nunes-cantor-do-sucesso-a-velha-debaixo-da-cama","status":"publish","type":"post","link":"https:\/\/aconteceunovale.com.br\/portal\/?p=86901","title":{"rendered":"Morre o te\u00f3filo-otonense Geraldo Nunes, cantor do sucesso &#8220;A velha debaixo da cama&#8221;"},"content":{"rendered":"<p>Morreu na madrugada dessa sexta-feira, 13 de maio, aos 83 anos de idade, o cantor e compositor Geraldo Nunes. Ele era natural de Te\u00f3filo Otoni, no Vale do Mucuri, e completou 50 anos de carreira em 2016. A causa da morte ainda n\u00e3o foi revelada.<\/p>\n<p>No curr\u00edculo tem 18 discos, entre LPs, compactos e CDs. Comp\u00f4s sucessos para muitos artistas e dividiu um disco com sua filha, Monalisa Nunes. Fez shows por todo o pa\u00eds. No cinema, fez incurs\u00f5es em dois filmes.<\/p>\n<p>Em 1964, Luiz Gonzaga gravou de sua autoria &#8220;Viva o Z\u00e9 Arig\u00f3&#8221;. Em 1965 teve a composi\u00e7\u00e3o &#8220;Minha serenata&#8221;, parceria com Jo\u00e3o Silva, gravada por Wanderley Cardoso na Copacabana. Em 1968, Wanderley Cardoso gravou &#8220;Bobo do baile&#8221;, parceria dos dois e &#8220;Eu n\u00e3o sou ioi\u00f4&#8221;, parceria com Cl\u00e1udio Fontana. Em 1971 Eduardo Ara\u00fajo gravou &#8220;A can\u00e7\u00e3o do povo de Deus&#8221;, pela Odeon. Em 1989, comp\u00f4s com Jo\u00e3o Silva &#8220;Fa\u00e7a isso n\u00e3o&#8221;, gravado por Luiz Gonzaga. Seus maiores sucessos como compositor foram &#8220;O bom rapaz&#8221; e &#8220;Meu amor brigou comigo&#8221;, gravadas por Wanderley Cardoso os anos 1960, no auge da Jovem Guarda.<\/p>\n<p>Em 1975 gravou seu grande sucesso, &#8220;A velha debaixo da cama&#8221;, do compositor Jonas de Andrade, que vendeu 800 mil c\u00f3pias e rendeu a ele v\u00e1rios trof\u00e9us, inclusive o da Discoteca do Programa do Chacrinha. <\/p>\n<p>Em 2009 Gerado Nunes foi homenageado com a \u201cComenda Te\u00f3filo Ottoni\u201d (foto), um reconhecimento do governador A\u00e9cio Neves por considerar o artista um patrim\u00f4nio da m\u00fasica brasileira. <\/p>\n<p>Geraldo Nunes morava em Santana do Parna\u00edba (SP) h\u00e1 oito anos. Ele deixa esposa, quatro filhos e cinco netos.<\/p>\n<p><img decoding=\"async\" src=\"http:\/\/aconteceunovale.com.br\/portal\/wp-content\/uploads\/2016\/05\/geraldo_nunes_2.jpg\" alt=\"\" \/><em>Geraldo Nunes recebeu a Comenda Te\u00f3filo Otoni (Foto: Divulga\u00e7\u00e3o)<\/em><br \/>\n<\/br><\/p>\n<p>Ou\u00e7a no player abaixo o sucesso \u201cA velha debaixo da cama\u201d, de Geraldo Nunes:<\/p>\n<p><iframe loading=\"lazy\" width=\"640\" height=\"360\" src=\"https:\/\/www.youtube.com\/embed\/niNoOMiRu50\" frameborder=\"0\" allowfullscreen><\/iframe><\/p>\n","protected":false},"excerpt":{"rendered":"<p>Morreu na madrugada dessa sexta-feira, 13 de maio, aos 83 anos de idade, o cantor e compositor Geraldo Nunes. Ele era natural de Te\u00f3filo Otoni, no Vale do Mucuri, e completou 50 anos de carreira em 2016. A causa da morte ainda n\u00e3o foi revelada. No curr\u00edculo tem 18 discos, entre LPs, compactos e CDs. [&hellip;]<\/p>\n","protected":false},"author":1,"featured_media":86903,"comment_status":"open","ping_status":"closed","sticky":false,"template":"","format":"standard","meta":{"amp_status":"","footnotes":""},"categories":[6,122],"tags":[94381,94382,94375,94379,94380,94376,94377,1018,94372,94383,94385,94388,94373,94371,94378,94374,94387,94386,94384],"class_list":["post-86901","post","type-post","status-publish","format-standard","has-post-thumbnail","hentry","category-br","category-mucuri","tag-a-velha-debaixo-da-cama","tag-a-velha-debaixo-da-cama-de-geraldo-nunes","tag-a-velha-debaixo-da-cama-geraldo-nunes","tag-cantor-do-sucesso-a-velha-debaixo-da-cama","tag-cantor-teofilo-otonense-do-sucesso-a-velha-debaixo-da-cama-morre-aos-83-anos","tag-causa-da-morte-de-geraldo-nunes","tag-de-que-morreu-geraldo-nunes","tag-destaque","tag-geraldo-nunes","tag-geraldo-nunes-a-velha-debaixo-da-cama","tag-historia-geraldo-nunes","tag-jovem-guarda","tag-morre-geraldo-nunes","tag-morre-o-cantor-e-compositor-teofilo-otonense-geraldo-nunes","tag-morre-o-teofilo-otonense-geraldo-nunes-cantor-do-sucesso-a-velha-debaixo-da-cama","tag-morte-de-geraldo-nunes","tag-mpb","tag-musica-geraldo-nunes","tag-sucesso-geraldo-nunes"],"_links":{"self":[{"href":"https:\/\/aconteceunovale.com.br\/portal\/index.php?rest_route=\/wp\/v2\/posts\/86901","targetHints":{"allow":["GET"]}}],"collection":[{"href":"https:\/\/aconteceunovale.com.br\/portal\/index.php?rest_route=\/wp\/v2\/posts"}],"about":[{"href":"https:\/\/aconteceunovale.com.br\/portal\/index.php?rest_route=\/wp\/v2\/types\/post"}],"author":[{"embeddable":true,"href":"https:\/\/aconteceunovale.com.br\/portal\/index.php?rest_route=\/wp\/v2\/users\/1"}],"replies":[{"embeddable":true,"href":"https:\/\/aconteceunovale.com.br\/portal\/index.php?rest_route=%2Fwp%2Fv2%2Fcomments&post=86901"}],"version-history":[{"count":0,"href":"https:\/\/aconteceunovale.com.br\/portal\/index.php?rest_route=\/wp\/v2\/posts\/86901\/revisions"}],"wp:featuredmedia":[{"embeddable":true,"href":"https:\/\/aconteceunovale.com.br\/portal\/index.php?rest_route=\/wp\/v2\/media\/86903"}],"wp:attachment":[{"href":"https:\/\/aconteceunovale.com.br\/portal\/index.php?rest_route=%2Fwp%2Fv2%2Fmedia&parent=86901"}],"wp:term":[{"taxonomy":"category","embeddable":true,"href":"https:\/\/aconteceunovale.com.br\/portal\/index.php?rest_route=%2Fwp%2Fv2%2Fcategories&post=86901"},{"taxonomy":"post_tag","embeddable":true,"href":"https:\/\/aconteceunovale.com.br\/portal\/index.php?rest_route=%2Fwp%2Fv2%2Ftags&post=86901"}],"curies":[{"name":"wp","href":"https:\/\/api.w.org\/{rel}","templated":true}]}}