{"id":86887,"date":"2016-05-14T13:01:52","date_gmt":"2016-05-14T16:01:52","guid":{"rendered":"http:\/\/aconteceunovale.com.br\/portal\/?p=86887"},"modified":"2016-05-14T13:01:52","modified_gmt":"2016-05-14T16:01:52","slug":"dois-homens-sao-presos-apos-ameacar-idoso-em-rio-pardo-de-minas","status":"publish","type":"post","link":"https:\/\/aconteceunovale.com.br\/portal\/?p=86887","title":{"rendered":"Dois homens s\u00e3o presos ap\u00f3s amea\u00e7ar idoso em Rio Pardo de Minas"},"content":{"rendered":"<p>Dois homens, de 18 e 29 anos, foram presos suspeitos de amea\u00e7ar um idoso na tarde dessa sexta-feira (13\/5), em uma fazenda no munic\u00edpio de Rio Pardo de Minas, na regi\u00e3o Norte do Estado.<\/p>\n<p>A PM recebeu den\u00fancia dando conta de que estaria ocorrendo um crime na Fazenda Natanael. No local, os dois jovens foram abordados em atitude suspeita. De acordo com a pol\u00edcia, eles teriam ido ao local para amea\u00e7ar um idoso, de 64 anos. A pol\u00edcia n\u00e3o informou qual seria a motiva\u00e7\u00e3o da amea\u00e7a.<\/p>\n<p>Com eles, foram apreendidos um rev\u00f3lver, dinheiro, um celular e uma motocicleta. Os suspeitos foram encaminhados \u00e0 delegacia.<\/p>\n<p><img decoding=\"async\" src=\"http:\/\/aconteceunovale.com.br\/portal\/wp-content\/uploads\/2016\/05\/apreensao_rpm.jpg\" alt=\"\" \/><em>PM apreendeu um rev\u00f3lver calibre 32 (Foto: Divulga\u00e7\u00e3o\/Pol\u00edcia Militar)<br \/>\n<\/br><\/p>\n<p>(G1 Grande Minas)<\/em><\/p>\n","protected":false},"excerpt":{"rendered":"<p>Dois homens, de 18 e 29 anos, foram presos suspeitos de amea\u00e7ar um idoso na tarde dessa sexta-feira (13\/5), em uma fazenda no munic\u00edpio de Rio Pardo de Minas, na regi\u00e3o Norte do Estado. A PM recebeu den\u00fancia dando conta de que estaria ocorrendo um crime na Fazenda Natanael. No local, os dois jovens foram [&hellip;]<\/p>\n","protected":false},"author":1,"featured_media":86888,"comment_status":"open","ping_status":"closed","sticky":false,"template":"","format":"standard","meta":{"amp_status":"","footnotes":""},"categories":[1236],"tags":[94346,94345,94343,94344,92328,421],"class_list":["post-86887","post","type-post","status-publish","format-standard","has-post-thumbnail","hentry","category-norte_de_minas","tag-apreensao-de-arma-em-rio-pardo-de-minas","tag-arma-apreendida-em-rio-pardo-de-minas","tag-dois-homens-sao-presos-apos-ameacar-idoso-em-rio-pardo-de-minas","tag-homens-presos-em-rio-pardo-de-minas","tag-presos-em-rio-pardo-de-minas","tag-rio-pardo-de-minas"],"_links":{"self":[{"href":"https:\/\/aconteceunovale.com.br\/portal\/index.php?rest_route=\/wp\/v2\/posts\/86887","targetHints":{"allow":["GET"]}}],"collection":[{"href":"https:\/\/aconteceunovale.com.br\/portal\/index.php?rest_route=\/wp\/v2\/posts"}],"about":[{"href":"https:\/\/aconteceunovale.com.br\/portal\/index.php?rest_route=\/wp\/v2\/types\/post"}],"author":[{"embeddable":true,"href":"https:\/\/aconteceunovale.com.br\/portal\/index.php?rest_route=\/wp\/v2\/users\/1"}],"replies":[{"embeddable":true,"href":"https:\/\/aconteceunovale.com.br\/portal\/index.php?rest_route=%2Fwp%2Fv2%2Fcomments&post=86887"}],"version-history":[{"count":0,"href":"https:\/\/aconteceunovale.com.br\/portal\/index.php?rest_route=\/wp\/v2\/posts\/86887\/revisions"}],"wp:featuredmedia":[{"embeddable":true,"href":"https:\/\/aconteceunovale.com.br\/portal\/index.php?rest_route=\/wp\/v2\/media\/86888"}],"wp:attachment":[{"href":"https:\/\/aconteceunovale.com.br\/portal\/index.php?rest_route=%2Fwp%2Fv2%2Fmedia&parent=86887"}],"wp:term":[{"taxonomy":"category","embeddable":true,"href":"https:\/\/aconteceunovale.com.br\/portal\/index.php?rest_route=%2Fwp%2Fv2%2Fcategories&post=86887"},{"taxonomy":"post_tag","embeddable":true,"href":"https:\/\/aconteceunovale.com.br\/portal\/index.php?rest_route=%2Fwp%2Fv2%2Ftags&post=86887"}],"curies":[{"name":"wp","href":"https:\/\/api.w.org\/{rel}","templated":true}]}}