{"id":86616,"date":"2016-05-11T19:20:35","date_gmt":"2016-05-11T22:20:35","guid":{"rendered":"http:\/\/aconteceunovale.com.br\/portal\/?p=86616"},"modified":"2016-05-11T19:20:35","modified_gmt":"2016-05-11T22:20:35","slug":"tour-da-tocha-entrecorta-o-vale-do-aco-ate-a-cidade-de-ferro","status":"publish","type":"post","link":"https:\/\/aconteceunovale.com.br\/portal\/?p=86616","title":{"rendered":"Tour da Tocha entrecorta o Vale do A\u00e7o at\u00e9 \u00e0 Cidade de Ferro"},"content":{"rendered":"<p>Os primeiros passos pelo Vale do A\u00e7o, reduto da segunda maior regi\u00e3o metropolitana de Minas Gerais, ser\u00e3o dados na pequena e folcl\u00f3rica Naque na manh\u00e3 desta quinta-feira (12\/5). Em seguida, o comboio visita Coronel Fabriciano para contemplar o exuberante verde das matas, destino ideal para o ecoturismo e a pr\u00e1tica de esportes verticais e offroad. Por \u00faltimo, o revezamento chega a Itabira, terra do poeta Carlos Drummond de Andrade e que \u00e9 conhecida como a Cidade de Ferro devido \u00e0s grandes jazidas de min\u00e9rio encontradas em suas terras.<\/p>\n<p><strong>Cidade de Ferro<\/strong><\/p>\n<p>Devido \u00e0s grandes jazidas de min\u00e9rio de ferro incrustadas em suas terras, foi fundada por Get\u00falio Vargas na cidade de Itabira, em 1942, a ent\u00e3o Vale do Rio doce &#8211; hoje Vale, uma das maiores mineradoras do mundo. A voca\u00e7\u00e3o para atividades econ\u00f4micas ligadas \u00e0 extra\u00e7\u00e3o do min\u00e9rio \u00e9 t\u00e3o influente que rendeu ao munic\u00edpio a alcunha de Cidade de Ferro, que tanto inspirou Carlos Drummond de Andrade.<\/p>\n<p>Em cr\u00f4nicas e versos o poeta itabirano escreve sobre a transforma\u00e7\u00e3o vivida pelo munic\u00edpio em raz\u00e3o da minera\u00e7\u00e3o e deixa transparecer a afei\u00e7\u00e3o que sente pela terra natal, mesmo quando estava longe dela, na cidade do Rio de Janeiro. Um exemplo \u00e9 este trecho extra\u00eddo do poema Confid\u00eancia do Itabirano: \u201cDe Itabira trouxe prendas diversas que ora te ofere\u00e7o: esta pedra de ferro, futuro a\u00e7o do Brasil\u201d.<\/p>\n<p><strong>Caminhos Drummondianos<\/strong><\/p>\n<p>Quem quiser vivenciar a obra do poeta mineiro pode percorrer os Caminhos Liter\u00e1rios Drummondianos. Trata-se de um percurso por 44 locais de Itabira que possuem refer\u00eancias nos poemas de Drummond. Todos os locais est\u00e3o identificados com placas-poemas, o que possibilita uma viagem pelas obras liter\u00e1rias do poeta.<\/p>\n<p>Os pontos mais procurados por moradores e turistas s\u00e3o a casa onde o poeta morou &#8211; tombada pelo Instituto do Patrim\u00f4nio Hist\u00f3rico Nacional (Iphan) -, o Memorial Carlos Drummond de Andrade, projetado pelo arquiteto e amigo Oscar Niemeyer, e o Centro Cultural Fazenda do Pontal, onde o itabirano viveu parte de sua inf\u00e2ncia.<\/p>\n<p>O Memorial, localizado num dos pontos mais altos da cidade, conhecido como Pico do Amor, presenteia os visitantes com uma vista panor\u00e2mica de Itabira. No local est\u00e1 a primeira m\u00e1quina de datilografia do poeta, uma cole\u00e7\u00e3o de cartas recebidas de grandes autores e familiares, pr\u00eamios liter\u00e1rios e obras de artes feitas em sua homenagem.<\/p>\n<p><strong>\u201cO maior trem do mundo\u201d<\/strong><\/p>\n<p>O segundo ponto dos Caminhos Liter\u00e1rios Drummondianos \u00e9 a Pra\u00e7a do Aer\u00e3o, onde est\u00e1 disposta uma das primeiras locomotivas &#8211; ela esteve em atividade de 1945 a 1960 -, que transportou o min\u00e9rio de ferro de Itabira para o Porto de Tubar\u00e3o, no Esp\u00edrito Santo, passando tamb\u00e9m por Jo\u00e3o Monlevade e Nova Era. O poema \u201cO maior trem do mundo\u201d, publicado em 1984, \u00e9 uma men\u00e7\u00e3o \u00e0 locomotiva.<\/p>\n<p>A inaugura\u00e7\u00e3o da Estrada de Ferro Vit\u00f3ria-Diamantina (ampliada e hoje conhecida como Vit\u00f3ria-Minas) foi um marco para a economia regional. A malha ferrovi\u00e1ria serve tanto para escoar a produ\u00e7\u00e3o de min\u00e9rio de ferro local quanto para transportar passageiros. Atualmente, a estrada de ferro recebe o \u00fanico trem de passageiros di\u00e1rio no Brasil, que liga duas regi\u00f5es metropolitanas: Cariacica (ES) e Belo Horizonte (MG).<\/p>\n<p><strong>Inova\u00e7\u00e3o, um bom neg\u00f3cio<\/strong><\/p>\n<p>A habilidade no manejo de t\u00e9cnicas de ponta agrega valor \u00e0 produ\u00e7\u00e3o do a\u00e7o local. O Vale do A\u00e7o est\u00e1 longe dos portos brasileiros, mas domina como poucos a tecnologia necess\u00e1ria para desenvolver pe\u00e7as-chaves para a ind\u00fastria naval e petrol\u00edfera, usadas tamb\u00e9m por montadoras de autom\u00f3veis e fabricantes de autope\u00e7as em todo o mundo. Uma das duas plantas industriais da Usiminas, maior produtora de a\u00e7o plano da Am\u00e9rica Latina, junto a outras empresas locais, faz da regi\u00e3o um alicerce para as exporta\u00e7\u00f5es mineiras.<\/p>\n<p><strong>O Vale para al\u00e9m do a\u00e7o<\/strong><\/p>\n<p>Em meio a um grande bols\u00e3o de Mata Atl\u00e2ntica preservada, bem no cora\u00e7\u00e3o do Circuito Tur\u00edstico Mata Atl\u00e2ntica de Minas, Coronel Fabriciano se destaca por propiciar a pr\u00e1tica de esportes de aventura e viv\u00eancias rurais no principal acesso para a Serra dos Cocais.<\/p>\n<p>O clima de montanha \u00e9 um convite para extraordin\u00e1rias vistas, como da impressionante Pedra Dois Irm\u00e3os e do alto da Cachoeira da Limeira, cen\u00e1rio perfeito para pr\u00e1tica de rapel e outras t\u00e9cnicas verticais. A cidade est\u00e1 inserida no calend\u00e1rio dos principais eventos nacionais de esportes de aventura e offroad. Al\u00e9m disso, suas \u00e1reas verdes s\u00e3o habitat ideal para animais amea\u00e7ados de extin\u00e7\u00e3o, como a on\u00e7a pintada e o mono-carvoeiro, o maior primata das Am\u00e9ricas.<\/p>\n<p><strong>Redutos ecol\u00f3gicos<\/strong><\/p>\n<p>O Vale se destaca ainda por abrigar o Parque do Rio Doce, uma \u00e1rea de preserva\u00e7\u00e3o que est\u00e1 inserida no terceiro maior ecossistema composto por lagos do Brasil, perdendo apenas para o Pantanal e a Amaz\u00f4nia.<\/p>\n<p>S\u00e3o 40 lagos naturais, dentre eles a paradis\u00edaca Lagoa Dom Helv\u00e9cio, com 6,7 quil\u00f4metros quadrados e profundidade de at\u00e9 32,5 metros. O parque, \u00fanico representante do Sudeste entre as \u00c1reas \u00damidas de Interesse Internacional situadas no Brasil, n\u00e3o sofreu com o rompimento da barragem em Mariana e continua sendo uma \u00e1rea propicia de lazer e descanso.<\/p>\n<p><strong>Encantos da Estrada Real<\/strong><\/p>\n<p>Em outra vertente est\u00e1 o turismo ecol\u00f3gico da regi\u00e3o, que \u00e9 cortada pela cordilheira do Espinha\u00e7o e est\u00e1 inserida na Estrada Real. Nas proximidades de Senhora do Carmo e Ipoema, distritos de Itabira, por exemplo, est\u00e3o um sem n\u00famero de atrativos naturais como cachoeiras, canyons, matas, riachos e corredeiras, cen\u00e1rios que propiciam a pr\u00e1tica do trekking, voo livre, rapel e canoagem, entre outros esportes de aventura.<\/p>\n<p>Dentre as atra\u00e7\u00f5es mais visitadas est\u00e1 a estonteante Cachoeira Alta, com mais de 110 metros e piscina natural, e o Morro Redondo, mirante natural com 1.200 metros de onde \u00e9 poss\u00edvel contemplar toda a regi\u00e3o. O visitante tamb\u00e9m n\u00e3o pode deixar de visitar os canyons da Serra dos Alves e a Mata do Limoeiro, maior reserva remanescente da Mata Atl\u00e2ntica da regi\u00e3o.<\/p>\n<p><strong>As cores da cultura popular<\/strong><\/p>\n<p>As culturas de raiz, as manifesta\u00e7\u00f5es populares, os sabores e caracter\u00edsticas regionais do Vale do A\u00e7o s\u00e3o uma bela amostra das matrizes culturais mineiras. Aqui, Naque se destaca como uma vitrine das festas populares que, mais do que movimentar a cidade, trazem \u00e0 tona a mineiridade que pulsa entre os cinco mil habitantes desta localidade emancipada como munic\u00edpio h\u00e1 apenas 20 anos.<\/p>\n<p>Santo Ant\u00f4nio \u00e9 o padroeiro e motiva o maior festejo de Naque, junto \u00e0 tradicional cavalgada. Nos meses invernais, a pra\u00e7a da Igreja Matriz \u00e9 invadida por coloridas barriquinhas que desfilam os quitutes regionais e alimentam cavaleiros, os protagonistas do concurso de marcha e das quatro noites de cavalgadas.<\/p>\n<p>Em S\u00e3o Jos\u00e9 dos Cocais, distrito de Coronel Fabriciano, a tradicional Marujada dos Cocais canta marchas em homenagem a Nossa Senhora do Ros\u00e1rio, com muita alegria e dan\u00e7a. Na coreografia, que ultrapassa gera\u00e7\u00f5es, as fitas das mais diversas cores s\u00e3o seguradas por grupos de marujeiros. (Ag\u00eancia Minas)<\/p>\n","protected":false},"excerpt":{"rendered":"<p>Os primeiros passos pelo Vale do A\u00e7o, reduto da segunda maior regi\u00e3o metropolitana de Minas Gerais, ser\u00e3o dados na pequena e folcl\u00f3rica Naque na manh\u00e3 desta quinta-feira (12\/5). Em seguida, o comboio visita Coronel Fabriciano para contemplar o exuberante verde das matas, destino ideal para o ecoturismo e a pr\u00e1tica de esportes verticais e offroad. [&hellip;]<\/p>\n","protected":false},"author":1,"featured_media":85777,"comment_status":"open","ping_status":"closed","sticky":false,"template":"","format":"standard","meta":{"amp_status":"","footnotes":""},"categories":[59,121],"tags":[93713,93714,93712,93709,1524,202,1724,93721,93724,93586,93717,93722,93726,91952,93716,93711,93719,93723,79176,93715,93710,93708,93720,93725,92559,93718],"class_list":["post-86616","post","type-post","status-publish","format-standard","has-post-thumbnail","hentry","category-sports","category-leste","tag-caminhos-drummondianos","tag-caminhos-literarios-drummondianos","tag-carlos-drummond-de-andrade","tag-cidade-de-ferro","tag-coronel-fabriciano","tag-itabira","tag-naque","tag-passagem-da-tocha-olimpica-em-coronel-fabriciano","tag-passagem-da-tocha-olimpica-em-itabira","tag-passagem-da-tocha-olimpica-em-minas-gerais","tag-passagem-da-tocha-olimpica-em-naque","tag-revezamento-da-tocha-olimpica-em-coronel-fabriciano","tag-revezamento-da-tocha-olimpica-em-itabira","tag-revezamento-da-tocha-olimpica-em-minas-gerais","tag-revezamento-da-tocha-olimpica-em-naque","tag-terra-do-poeta-carlos-drummond-de-andrade","tag-tocha-olimpica-em-coronel-fabriciano","tag-tocha-olimpica-em-itabira","tag-tocha-olimpica-em-minas-gerais","tag-tocha-olimpica-em-naque","tag-tour-da-tocha-entrecorta-o-vale-do-aco","tag-tour-da-tocha-entrecorta-o-vale-do-aco-ate-a-cidade-de-ferro","tag-tour-da-tocha-olimpica-em-coronel-fabriciano","tag-tour-da-tocha-olimpica-em-itabira","tag-tour-da-tocha-olimpica-em-minas-gerais","tag-tour-da-tocha-olimpica-em-naque"],"_links":{"self":[{"href":"https:\/\/aconteceunovale.com.br\/portal\/index.php?rest_route=\/wp\/v2\/posts\/86616","targetHints":{"allow":["GET"]}}],"collection":[{"href":"https:\/\/aconteceunovale.com.br\/portal\/index.php?rest_route=\/wp\/v2\/posts"}],"about":[{"href":"https:\/\/aconteceunovale.com.br\/portal\/index.php?rest_route=\/wp\/v2\/types\/post"}],"author":[{"embeddable":true,"href":"https:\/\/aconteceunovale.com.br\/portal\/index.php?rest_route=\/wp\/v2\/users\/1"}],"replies":[{"embeddable":true,"href":"https:\/\/aconteceunovale.com.br\/portal\/index.php?rest_route=%2Fwp%2Fv2%2Fcomments&post=86616"}],"version-history":[{"count":0,"href":"https:\/\/aconteceunovale.com.br\/portal\/index.php?rest_route=\/wp\/v2\/posts\/86616\/revisions"}],"wp:featuredmedia":[{"embeddable":true,"href":"https:\/\/aconteceunovale.com.br\/portal\/index.php?rest_route=\/wp\/v2\/media\/85777"}],"wp:attachment":[{"href":"https:\/\/aconteceunovale.com.br\/portal\/index.php?rest_route=%2Fwp%2Fv2%2Fmedia&parent=86616"}],"wp:term":[{"taxonomy":"category","embeddable":true,"href":"https:\/\/aconteceunovale.com.br\/portal\/index.php?rest_route=%2Fwp%2Fv2%2Fcategories&post=86616"},{"taxonomy":"post_tag","embeddable":true,"href":"https:\/\/aconteceunovale.com.br\/portal\/index.php?rest_route=%2Fwp%2Fv2%2Ftags&post=86616"}],"curies":[{"name":"wp","href":"https:\/\/api.w.org\/{rel}","templated":true}]}}