{"id":86578,"date":"2016-05-11T18:37:16","date_gmt":"2016-05-11T21:37:16","guid":{"rendered":"http:\/\/aconteceunovale.com.br\/portal\/?p=86578"},"modified":"2016-05-11T18:37:16","modified_gmt":"2016-05-11T21:37:16","slug":"periodo-de-seca-exige-cuidados-redobrados-na-prevencao-a-febre-maculosa-brasileira","status":"publish","type":"post","link":"https:\/\/aconteceunovale.com.br\/portal\/?p=86578","title":{"rendered":"Per\u00edodo de seca exige cuidados redobrados na preven\u00e7\u00e3o \u00e0 Febre Maculosa Brasileira"},"content":{"rendered":"<p>Ainda que os casos de Febre Maculosa Brasileira possam acontecer durante todo o ano, \u00e9 preciso redobrar os cuidados na preven\u00e7\u00e3o entre os meses de abril e novembro, conhecido como per\u00edodo de seca. A doen\u00e7a infecciosa \u00e9 transmitida por meio da picada de carrapatos infectados com a bact\u00e9ria Rickettsia rickettsii.<\/p>\n<p>A refer\u00eancia t\u00e9cnica do Programa da Febre Maculosa Brasileira da Secretaria de Estado de Sa\u00fade de Minas Grais (SES-MG), Bruna Dias Tourinho, explica que nesta \u00e9poca do ano \u201ch\u00e1 predom\u00ednio das formas de larva e ninfa do carrapato (chamados de micuins e vermelhinhos), que s\u00e3o pequenas e dif\u00edceis de serem visualizados no corpo. Por esse motivo, elas tendem a permanecer mais tempo aderidos no corpo das pessoas at\u00e9 que sejam identificados e retirados. Consequentemente, o risco de infec\u00e7\u00e3o e a frequ\u00eancia de casos de febre maculosa que s\u00e3o maiores neste per\u00edodo do ano\u201d.<\/p>\n<p>Bruna esclarece, ainda, que \u201cpopula\u00e7\u00f5es expostas a ambientes onde h\u00e1 presen\u00e7a de carrapatos (\u00e1reas rurais, matas, cachoeiras, pasto sujo, \u00e1reas com presen\u00e7a de animais dom\u00e9sticos ou silvestres, parques, beira de rios e lagoas) ou a animais que participam do ciclo de transmiss\u00e3o da doen\u00e7a (roedores, c\u00e3es, cavalos, capivaras e bois), ou aqueles que frequentam \u00e1reas onde a transmiss\u00e3o da FMB \u00e9 conhecida, s\u00e3o as que apresentam maior risco para se infectarem\u201d.<\/p>\n<p>Dessa forma, \u00e9 importante que a popula\u00e7\u00e3o esteja atenta para a vistoria frequente do corpo e retirada de carrapatos o quanto antes.<\/p>\n<p><strong>Sintomas da Febre Maculosa Brasileira<\/strong><\/p>\n<p>No est\u00e1gio inicial, os sintomas da doen\u00e7a incluem febre, em geral alta, dor de cabe\u00e7a, dores musculares intensas, mal estar generalizado, n\u00e1useas e v\u00f4mitos.<\/p>\n<p>Bruna Dias Tourinho destaca a necessidade de estar atento aos sintomas, uma vez que podem ser facilmente confundidos com outras doen\u00e7as. \u201c\u00c9 fundamental que, diante dos primeiros sinais, o paciente procure o servi\u00e7o de sa\u00fade imediatamente e relate ao profissional m\u00e9dico que esteve em \u00e1reas prop\u00edcias para a presen\u00e7a de carrapatos\u201d.<\/p>\n<p>Em Minas Gerais, no per\u00edodo de 2000 a 2015, os casos de Febre Maculosa Brasileira ocorreram principalmente nas macrorregi\u00f5es Centro (22,4%), Leste (21,2%), Nordeste (15,3%) e Sudeste (13,0%) do estado. Os munic\u00edpios que apresentaram o maior registro de casos da doen\u00e7a neste per\u00edodo foram Juiz de Fora (10,3%), Coronel Fabriciano (7,5%) e Santa Luzia (3,3%).<\/p>\n<p><strong>Tratamento pelo SUS<\/strong><\/p>\n<p>A partir da suspeita de Febre Maculosa Brasileira, o tratamento deve ser iniciado imediatamente, n\u00e3o se devendo esperar a confirma\u00e7\u00e3o laboratorial do caso. A dura\u00e7\u00e3o do tratamento ir\u00e1 depender da gravidade do caso, mas recomenda-se que ele continue at\u00e9 tr\u00eas dias ap\u00f3s o t\u00e9rmino da febre.<\/p>\n<p>Confira abaixo os principais cuidados a serem tomados na preven\u00e7\u00e3o da Febre Maculosa Brasileira:<\/p>\n<p>&#8211; Ao frequentar \u00e1reas prop\u00edcias para a presen\u00e7a de carrapatos (\u00e1reas rurais, matas, cachoeiras, pasto sujo, \u00e1reas com presen\u00e7a de animais dom\u00e9sticos ou silvestres, parques, beira de rios e lagoas), devem ser tomados os seguintes cuidados:<\/p>\n<p>&#8211; Utilizar repelentes \u00e0 base da subst\u00e2ncia Icaridina, que s\u00e3o eficazes na preven\u00e7\u00e3o de picadas por carrapatos;<\/p>\n<p>&#8211; Utilizar vestimentas longas e de cor clara, que permitem a f\u00e1cil visualiza\u00e7\u00e3o dos carrapatos, al\u00e9m de cal\u00e7ados fechados e de cano longo s\u00e3o bastante importantes;<\/p>\n<p>&#8211; Evitar sentar ou deitar em gramados nas atividades de lazer, como caminhadas, piqueniques ou pescarias;<\/p>\n<p>&#8211; Examinar o corpo com frequ\u00eancia, tendo em vista que quanto mais r\u00e1pido os carrapatos forem retirados, menor a chance de infec\u00e7\u00e3o;<\/p>\n<p>&#8211; Se verificada a presen\u00e7a de carrapatos, retir\u00e1-los com leves tor\u00e7\u00f5es e evitando o esmagamento de seu corpo com as unhas (j\u00e1 que pode haver contato com a bact\u00e9ria presente no animal dessa maneira);<\/p>\n<p>&#8211; Utilizar equipamentos de prote\u00e7\u00e3o individual (EPI\u2019s) nas atividades desenvolvidas em ambientes prop\u00edcios para a presen\u00e7a de carrapatos (macac\u00f5es de manga comprida, meias e botas de cor clara);<\/p>\n<p>&#8211; Manter pastos, lotes e \u00e1reas p\u00fablicas sempre limpas, para evitar a prolifera\u00e7\u00e3o de carrapatos;<\/p>\n<p>&#8211; Utilizar carrapaticidas periodicamente em c\u00e3es, cavalos e bois, conforme recomenda\u00e7\u00f5es do profissional m\u00e9dico veterin\u00e1rio.<\/p>\n<p>(Ag\u00eancia Minas)<\/p>\n","protected":false},"excerpt":{"rendered":"<p>Ainda que os casos de Febre Maculosa Brasileira possam acontecer durante todo o ano, \u00e9 preciso redobrar os cuidados na preven\u00e7\u00e3o entre os meses de abril e novembro, conhecido como per\u00edodo de seca. A doen\u00e7a infecciosa \u00e9 transmitida por meio da picada de carrapatos infectados com a bact\u00e9ria Rickettsia rickettsii. A refer\u00eancia t\u00e9cnica do Programa [&hellip;]<\/p>\n","protected":false},"author":1,"featured_media":86579,"comment_status":"open","ping_status":"closed","sticky":false,"template":"","format":"standard","meta":{"amp_status":"","footnotes":""},"categories":[123,40242],"tags":[93685,93691,93687,93683,93693,93684,93688,93682,93680,93681,93689,93690,93686,93692],"class_list":["post-86578","post","type-post","status-publish","format-standard","has-post-thumbnail","hentry","category-gerais","category-saude-2","tag-bacteria-rickettsia-rickettsii","tag-bruna-dias-tourinho","tag-carrapatos","tag-como-evitar-a-febre-maculosa-brasileira","tag-cuidados-a-serem-tomados-na-prevencao-da-febre-maculosa-brasileira","tag-cuidados-com-a-febre-maculosa-brasileira","tag-cuidados-com-carrapatos","tag-febre-maculosa-brasileira","tag-periodo-de-seca-exige-cuidados-redobrados-na-prevencao-a-febre-maculosa-brasileira","tag-prevencao-a-febre-maculosa-brasileira","tag-problemas-com-carrapatos","tag-programa-da-febre-maculosa-brasileira","tag-rickettsia-rickettsii","tag-sintomas-da-febre-maculosa-brasileira"],"_links":{"self":[{"href":"https:\/\/aconteceunovale.com.br\/portal\/index.php?rest_route=\/wp\/v2\/posts\/86578","targetHints":{"allow":["GET"]}}],"collection":[{"href":"https:\/\/aconteceunovale.com.br\/portal\/index.php?rest_route=\/wp\/v2\/posts"}],"about":[{"href":"https:\/\/aconteceunovale.com.br\/portal\/index.php?rest_route=\/wp\/v2\/types\/post"}],"author":[{"embeddable":true,"href":"https:\/\/aconteceunovale.com.br\/portal\/index.php?rest_route=\/wp\/v2\/users\/1"}],"replies":[{"embeddable":true,"href":"https:\/\/aconteceunovale.com.br\/portal\/index.php?rest_route=%2Fwp%2Fv2%2Fcomments&post=86578"}],"version-history":[{"count":0,"href":"https:\/\/aconteceunovale.com.br\/portal\/index.php?rest_route=\/wp\/v2\/posts\/86578\/revisions"}],"wp:featuredmedia":[{"embeddable":true,"href":"https:\/\/aconteceunovale.com.br\/portal\/index.php?rest_route=\/wp\/v2\/media\/86579"}],"wp:attachment":[{"href":"https:\/\/aconteceunovale.com.br\/portal\/index.php?rest_route=%2Fwp%2Fv2%2Fmedia&parent=86578"}],"wp:term":[{"taxonomy":"category","embeddable":true,"href":"https:\/\/aconteceunovale.com.br\/portal\/index.php?rest_route=%2Fwp%2Fv2%2Fcategories&post=86578"},{"taxonomy":"post_tag","embeddable":true,"href":"https:\/\/aconteceunovale.com.br\/portal\/index.php?rest_route=%2Fwp%2Fv2%2Ftags&post=86578"}],"curies":[{"name":"wp","href":"https:\/\/api.w.org\/{rel}","templated":true}]}}