{"id":86575,"date":"2016-05-11T15:33:36","date_gmt":"2016-05-11T18:33:36","guid":{"rendered":"http:\/\/aconteceunovale.com.br\/portal\/?p=86575"},"modified":"2016-05-11T15:33:36","modified_gmt":"2016-05-11T18:33:36","slug":"secretaria-de-saude-de-montes-claros-sera-monitorada-por-tornozeleira-eletronica","status":"publish","type":"post","link":"https:\/\/aconteceunovale.com.br\/portal\/?p=86575","title":{"rendered":"Secret\u00e1ria de Sa\u00fade de Montes Claros ser\u00e1 monitorada por tornozeleira eletr\u00f4nica"},"content":{"rendered":"<p>Para ter direito a liberdade provis\u00f3ria, concedida pelo Tribunal Regional Federal na ter\u00e7a-feira (10\/5), a secret\u00e1ria de Sa\u00fade de Montes Claros, Ana Paula Nascimento, presa pela Pol\u00edcia Federal em abril, ter\u00e1 que cumprir algumas condi\u00e7\u00f5es impostas pelo desembargador federal Ney Bello, entre elas o monitoramento eletr\u00f4nico. A Secretaria de Estado de Defesa Social informou que para que a tornozeleira seja instalada, ela ter\u00e1 que ser levada para a Unidade Gestora de Monitoramento (UGME), que fica na capital mineira.<\/p>\n<p>Por telefone, o advogado da secret\u00e1ria afirmou que desconhece a informa\u00e7\u00e3o e que ir\u00e1 entrar em contato com o desembargador, para explicar que o equipamento n\u00e3o est\u00e1 dispon\u00edvel em Montes Claros.<\/p>\n<p>Entre as outras condi\u00e7\u00f5es impostas pela TRF est\u00e3o a proibi\u00e7\u00e3o de que a secret\u00e1ria n\u00e3o saia de Montes Claros; comparecimento ao ju\u00edzo federal para justificar atividades; obrigatoriedade de acompanhar os atos processuais e manter o endere\u00e7o que est\u00e1 nos autos atualizado; proibi\u00e7\u00e3o de se comunicar com outro indiciado ou com integrantes da administra\u00e7\u00e3o municipal. Caso as medidas sejam descumpridas, consta no alvar\u00e1 de soltura que a liberdade provis\u00f3ria pode ser revogada.<\/p>\n<p>Ana Paula Nascimento foi presa na opera\u00e7\u00e3o \u201cM\u00e1scaras da Sanidade II \u2013 Sabotadores da Sa\u00fade\u201d, junto com o prefeito Ruy Muniz, um dia ap\u00f3s a esposa e deputada federal Raquel Muniz dizer na vota\u00e7\u00e3o do processo de impeachment da presidente Dilma Rousseff (PT) que o marido \u00e9 exemplo para o Brasil.<\/p>\n<p>Segundo as investiga\u00e7\u00f5es, eles s\u00e3o acusados de reter dinheiro destinado aos hospitais credenciados ao SUS, beneficiando em contrapartida o Hospital das Cl\u00ednicas M\u00e1rio Ribeiro, que pertence ao grupo empresarial de Muniz.<\/p>\n<p><img decoding=\"async\" src=\"http:\/\/aconteceunovale.com.br\/portal\/wp-content\/uploads\/2016\/05\/tornozeleira_eletronica.jpeg\" alt=\"\" \/><em>Monitoramento eletr\u00f4nico foi uma das condi\u00e7\u00f5es impostas pelo TRF (Foto: Ilustrativa)<\/em><br \/>\n<\/br><\/p>\n<p><strong>Prefeito internado<\/strong><\/p>\n<p>O prefeito Ruy Muniz, detido no Pres\u00eddio Regional em Montes Claros, passou mal nesta ter\u00e7a-feira e precisou ser encaminhado pelo Samu para um hospital. Ele se queixava de vertigem, tinha v\u00f4mito e apresentava um quadro de hipertens\u00e3o. Por telefone, a unidade de sa\u00fade e a assessoria de comunica\u00e7\u00e3o da Prefeitura disseram que n\u00e3o estavam autorizadas a passar informa\u00e7\u00f5es sobre o estado de sa\u00fade de Muniz.<\/p>\n<p>A Seds informou que Ruy Muniz permanece sob escolta policial no hospital, e, quanto \u00e0 visita\u00e7\u00e3o, continuam valendo as regras de visita na unidade prisional, uma vez por semana e at\u00e9 dois visitantes cadastrados.<\/p>\n<p>Antes de ser hospitalizado, Ruy Muniz obteve na C\u00e2mara resultado favor\u00e1vel para se licenciar das fun\u00e7\u00f5es por 60 dias. Segundo o chefe do Legislativo, Marcos nem (PSB), durante esse per\u00edodo ele n\u00e3o receber\u00e1 sal\u00e1rio e o cargo ser\u00e1 ocupado dentro de 10 dias pelo vice-prefeito Jos\u00e9 Vicente (PMDB).<\/p>\n<p><strong>Relembre o caso<\/strong><\/p>\n<p>O prefeito foi preso em um apartamento na Asa Sul, em Bras\u00edlia (DF). Ele foi levado em uma viatura da PF para Montes Claros. Al\u00e9m de Ruy Muniz, foi presa tamb\u00e9m a secret\u00e1ria de Sa\u00fade, Ana Paula Nascimento. Foram cumpridos ainda quatro mandados de busca e apreens\u00e3o na resid\u00eancia dos acusados, na Prefeitura e na Secretaria de Sa\u00fade, al\u00e9m de dois de busca pessoal, que objetivavam apreender celulares e smartphones.<\/p>\n<p>Com a pris\u00e3o da secret\u00e1ria, no \u00faltimo dia 28 de abril foi designada uma nova gestora para a pasta. Ana Clara Colares, que teve o nome publicado no Di\u00e1rio Oficial do Munic\u00edpio como ato de nomea\u00e7\u00e3o do prefeito, vai exercer as fun\u00e7\u00f5es interinamente, como secret\u00e1ria adjunta de sa\u00fade.<\/p>\n<p><em>(Fonte: G1 Grande Minas \/ Rep\u00f3rter: Michelly Oda)<\/em><\/p>\n","protected":false},"excerpt":{"rendered":"<p>Para ter direito a liberdade provis\u00f3ria, concedida pelo Tribunal Regional Federal na ter\u00e7a-feira (10\/5), a secret\u00e1ria de Sa\u00fade de Montes Claros, Ana Paula Nascimento, presa pela Pol\u00edcia Federal em abril, ter\u00e1 que cumprir algumas condi\u00e7\u00f5es impostas pelo desembargador federal Ney Bello, entre elas o monitoramento eletr\u00f4nico. A Secretaria de Estado de Defesa Social informou que [&hellip;]<\/p>\n","protected":false},"author":1,"featured_media":86576,"comment_status":"open","ping_status":"closed","sticky":false,"template":"","format":"standard","meta":{"amp_status":"","footnotes":""},"categories":[1236],"tags":[93378,23856,59863,93539,93537,210,93533,93540,93538,17599,4616,93377,85841,93679],"class_list":["post-86575","post","type-post","status-publish","format-standard","has-post-thumbnail","hentry","category-norte_de_minas","tag-ana-clara-colares","tag-ana-paula-nascimento","tag-hospital-das-clinicas-mario-ribeiro","tag-mascaras-da-sanidade-ii","tag-mascaras-da-sanidade-ii-sabotadores-da-saude","tag-montes-claros","tag-ney-bello","tag-operacao-mascaras-da-sanidade-ii","tag-operacao-mascaras-da-sanidade-ii-sabotadores-da-saude","tag-raquel-muniz","tag-ruy-muniz","tag-sabotadores-da-saude","tag-secretaria-de-saude-de-montes-claros","tag-secretaria-de-saude-de-montes-claros-sera-monitorada-por-tornozeleira-eletronica"],"_links":{"self":[{"href":"https:\/\/aconteceunovale.com.br\/portal\/index.php?rest_route=\/wp\/v2\/posts\/86575","targetHints":{"allow":["GET"]}}],"collection":[{"href":"https:\/\/aconteceunovale.com.br\/portal\/index.php?rest_route=\/wp\/v2\/posts"}],"about":[{"href":"https:\/\/aconteceunovale.com.br\/portal\/index.php?rest_route=\/wp\/v2\/types\/post"}],"author":[{"embeddable":true,"href":"https:\/\/aconteceunovale.com.br\/portal\/index.php?rest_route=\/wp\/v2\/users\/1"}],"replies":[{"embeddable":true,"href":"https:\/\/aconteceunovale.com.br\/portal\/index.php?rest_route=%2Fwp%2Fv2%2Fcomments&post=86575"}],"version-history":[{"count":0,"href":"https:\/\/aconteceunovale.com.br\/portal\/index.php?rest_route=\/wp\/v2\/posts\/86575\/revisions"}],"wp:featuredmedia":[{"embeddable":true,"href":"https:\/\/aconteceunovale.com.br\/portal\/index.php?rest_route=\/wp\/v2\/media\/86576"}],"wp:attachment":[{"href":"https:\/\/aconteceunovale.com.br\/portal\/index.php?rest_route=%2Fwp%2Fv2%2Fmedia&parent=86575"}],"wp:term":[{"taxonomy":"category","embeddable":true,"href":"https:\/\/aconteceunovale.com.br\/portal\/index.php?rest_route=%2Fwp%2Fv2%2Fcategories&post=86575"},{"taxonomy":"post_tag","embeddable":true,"href":"https:\/\/aconteceunovale.com.br\/portal\/index.php?rest_route=%2Fwp%2Fv2%2Ftags&post=86575"}],"curies":[{"name":"wp","href":"https:\/\/api.w.org\/{rel}","templated":true}]}}