{"id":86572,"date":"2016-05-11T15:22:00","date_gmt":"2016-05-11T18:22:00","guid":{"rendered":"http:\/\/aconteceunovale.com.br\/portal\/?p=86572"},"modified":"2016-05-11T15:22:00","modified_gmt":"2016-05-11T18:22:00","slug":"agentes-socioeducativos-entram-em-greve-em-montes-claros","status":"publish","type":"post","link":"https:\/\/aconteceunovale.com.br\/portal\/?p=86572","title":{"rendered":"Agentes socioeducativos entram em greve em Montes Claros"},"content":{"rendered":"<p>Agentes socioeducativos, servidores administrativos e t\u00e9cnicos dos Sistemas Socioeducativo e Prisional entraram em greve por tempo indeterminado em Montes Claros nesta quarta-feira (11\/5). Cerca de 50 pessoas est\u00e3o com faixas e cartazes na frente do Centro Socioeducativo Nossa Senhora Aparecida (Cesensa). <\/p>\n<p>Hugo Barbosa, diretor do Sindicato dos Servidores P\u00fablicos do Estado de Minas Gerais (Sindpublicos) em Montes Claros, explica que a greve foi deflagrada depois que o Governo de MG mandou um projeto de reforma para a Assembleia Legislativa propondo a divis\u00e3o da Secret\u00e1ria de Estado de Defesa Social em duas; a Secretaria de Estado de Seguran\u00e7a (Sesp) e a de Administra\u00e7\u00e3o Prisional (Seap).<\/p>\n<p>\u201cA lei diz que o pr\u00f3prio governo vai poder colocar os servidores do Socioeducativo na Sesp e eles poder\u00e3o ser cedidos ainda para a Secretaria Estadual de Defesa Social e para a Funda\u00e7\u00e3o Caio Martins. Se antes est\u00e1vamos inclu\u00eddos em um or\u00e7amento de R$ 250 milh\u00f5es, agora passaremos para uma pasta que conta com R$ 2 milh\u00f5es apenas, com certeza ficaremos prejudicados\u201d, esclarece.<\/p>\n<p>Barbosa destaca que o Sindpublicos entende que com as mudan\u00e7as os servidores n\u00e3o estariam mais vinculados \u00e0 seguran\u00e7a p\u00fablica. \u201cPerder\u00edamos muitos benef\u00edcios de quem atua na \u00e1rea, e com certeza iremos sofrer com a estagna\u00e7\u00e3o das nossas carreiras&#8221;, afirma.<\/p>\n<p>Entre as reivindica\u00e7\u00f5es tamb\u00e9m est\u00e3o aux\u00edlio-refei\u00e7\u00e3o, redu\u00e7\u00e3o da carga hor\u00e1ria, vincula\u00e7\u00e3o do Sistema Socioeducativo com a \u00e1rea da seguran\u00e7a p\u00fablica, corre\u00e7\u00e3o do adicional por local de trabalho, nomea\u00e7\u00e3o dos candidatos excedentes do concurso p\u00fablico de 2013 para os cargos de analistas, assistentes e m\u00e9dicos de defesa social.<\/p>\n<p>\u201cNo dia 18 do m\u00eas passado o governo nos chamou para uma conversa e disse que iria resolver os problemas at\u00e9 o dia dois de maio, mas nada foi feito, por isso optamos pela greve\u201d, finaliza Hugo Barbosa.<\/p>\n<p><img decoding=\"async\" src=\"http:\/\/aconteceunovale.com.br\/portal\/wp-content\/uploads\/2016\/05\/greve_sindipubilcos.jpg\" alt=\"\" \/><em>Servidores se reuniram em frente ao Cesensa(Foto: Sindpublicos\/Divulga\u00e7\u00e3o)<\/em><br \/>\n<\/br><\/p>\n<p>(G1 Grande Minas)<\/p>\n","protected":false},"excerpt":{"rendered":"<p>Agentes socioeducativos, servidores administrativos e t\u00e9cnicos dos Sistemas Socioeducativo e Prisional entraram em greve por tempo indeterminado em Montes Claros nesta quarta-feira (11\/5). Cerca de 50 pessoas est\u00e3o com faixas e cartazes na frente do Centro Socioeducativo Nossa Senhora Aparecida (Cesensa). Hugo Barbosa, diretor do Sindicato dos Servidores P\u00fablicos do Estado de Minas Gerais (Sindpublicos) [&hellip;]<\/p>\n","protected":false},"author":1,"featured_media":86573,"comment_status":"open","ping_status":"closed","sticky":false,"template":"","format":"standard","meta":{"amp_status":"","footnotes":""},"categories":[1236],"tags":[93678,81504,93674,93677,93672,93673,93675,93676,210,41729],"class_list":["post-86572","post","type-post","status-publish","format-standard","has-post-thumbnail","hentry","category-norte_de_minas","tag-agentes-socioeducativos-entram-em-greve-em-montes-claros","tag-centro-socioeducativo-nossa-senhora-aparecida","tag-cesensa","tag-diretor-do-sindicato-dos-servidores-publicos-do-estado-de-minas-gerais","tag-greve-agentes-socioeducativos-em-montes-claros","tag-greve-centro-socioeducativo-nossa-senhora-aparecida","tag-greve-cesensa","tag-hugo-barbosa","tag-montes-claros","tag-sindpublicos"],"_links":{"self":[{"href":"https:\/\/aconteceunovale.com.br\/portal\/index.php?rest_route=\/wp\/v2\/posts\/86572","targetHints":{"allow":["GET"]}}],"collection":[{"href":"https:\/\/aconteceunovale.com.br\/portal\/index.php?rest_route=\/wp\/v2\/posts"}],"about":[{"href":"https:\/\/aconteceunovale.com.br\/portal\/index.php?rest_route=\/wp\/v2\/types\/post"}],"author":[{"embeddable":true,"href":"https:\/\/aconteceunovale.com.br\/portal\/index.php?rest_route=\/wp\/v2\/users\/1"}],"replies":[{"embeddable":true,"href":"https:\/\/aconteceunovale.com.br\/portal\/index.php?rest_route=%2Fwp%2Fv2%2Fcomments&post=86572"}],"version-history":[{"count":0,"href":"https:\/\/aconteceunovale.com.br\/portal\/index.php?rest_route=\/wp\/v2\/posts\/86572\/revisions"}],"wp:featuredmedia":[{"embeddable":true,"href":"https:\/\/aconteceunovale.com.br\/portal\/index.php?rest_route=\/wp\/v2\/media\/86573"}],"wp:attachment":[{"href":"https:\/\/aconteceunovale.com.br\/portal\/index.php?rest_route=%2Fwp%2Fv2%2Fmedia&parent=86572"}],"wp:term":[{"taxonomy":"category","embeddable":true,"href":"https:\/\/aconteceunovale.com.br\/portal\/index.php?rest_route=%2Fwp%2Fv2%2Fcategories&post=86572"},{"taxonomy":"post_tag","embeddable":true,"href":"https:\/\/aconteceunovale.com.br\/portal\/index.php?rest_route=%2Fwp%2Fv2%2Ftags&post=86572"}],"curies":[{"name":"wp","href":"https:\/\/api.w.org\/{rel}","templated":true}]}}