{"id":86501,"date":"2016-05-10T22:19:59","date_gmt":"2016-05-11T01:19:59","guid":{"rendered":"http:\/\/aconteceunovale.com.br\/portal\/?p=86501"},"modified":"2016-05-10T22:19:59","modified_gmt":"2016-05-11T01:19:59","slug":"mulher-de-80-anos-morre-atropelada-em-montes-claros","status":"publish","type":"post","link":"https:\/\/aconteceunovale.com.br\/portal\/?p=86501","title":{"rendered":"Mulher de 80 anos morre atropelada em Montes Claros"},"content":{"rendered":"<p>Uma idosa de 80 anos morreu atropelada na tarde desta segunda-feira (9\/5) na Avenida Deputado Pl\u00ednio Ribeiro, no Bairro Esplanada, em Montes Claros. Segundo a Pol\u00edcia Militar (PM), testemunhas informaram que a v\u00edtima atravessava a via quando foi atingida por um carro, que s\u00f3 parou cerca de 50 metros do local do acidente.<\/p>\n<p>O motorista do carro, o aposentado Cl\u00e1udio Dayer, afirma que seguia sentido aeroporto e transitava dentro do limite de velocidade permitido na via. \u201cEu vinha a 40 ou no m\u00e1ximo 50 km\/h. Ela tentava atravessar a via e, por pouco, n\u00e3o foi atropelada por outro carro que seguia do meu lado. Infelizmente n\u00e3o consegui evitar a batida\u201d, lamenta.<\/p>\n<p>Moradores afirmam que no trecho onde aconteceu o acidente desta tarde \u00e9 comum este tipo de ocorr\u00eancia. \u201cTodo dia tem um acidente aqui, que \u00e9 uma pista de tr\u00e2nsito r\u00e1pido. H\u00e1 sete dias eu descia a avenida quando fui surpreendido por um ciclista tentando atravessar a via. Infelizmente n\u00e3o consegui parar a tempo\u201d, afirma o t\u00e9cnico em eletr\u00f4nica, Pablo Borges.<\/p>\n<p>O pedreiro Milton Jos\u00e9 dos Reis mora no bairro h\u00e1 51 anos. Ele diz que mais de 10 mortes j\u00e1 foram registradas neste trecho da avenida nos \u00faltimos 10 anos. \u201cEsta \u00e9 uma avenida que inspira cuidados. Sempre acontecem acidentes desta natureza e tem de se procurar meios que minimizem estas ocorr\u00eancias. Que seja uma passarela, redutores de velocidade ou outro sistema que nos ofere\u00e7a mais seguran\u00e7a\u201d.<\/p>\n<p>Em nota, a prefeitura afirmou que &#8220;nos pr\u00f3ximos dias ser\u00e1 implantado no local um sem\u00e1foro com faixa de pedestres&#8221;. O motorista Cl\u00e1udio Dayer foi levado para a delegacia para prestar esclarecimentos.<\/p>\n<p><img decoding=\"async\" src=\"http:\/\/aconteceunovale.com.br\/portal\/wp-content\/uploads\/2016\/05\/atropelamento_moc_idosa.jpg\" alt=\"\" \/><em>V\u00edtima tentava atravessar a avenida, segundo testemunhas (Foto: Valdivan Veloso\/G1)<\/em><br \/>\n<\/br><\/p>\n<p><em>(Fonte: G1 Grande Minas \/ Rep\u00f3rter: Valdivan Veloso)<\/em><\/p>\n","protected":false},"excerpt":{"rendered":"<p>Uma idosa de 80 anos morreu atropelada na tarde desta segunda-feira (9\/5) na Avenida Deputado Pl\u00ednio Ribeiro, no Bairro Esplanada, em Montes Claros. Segundo a Pol\u00edcia Militar (PM), testemunhas informaram que a v\u00edtima atravessava a via quando foi atingida por um carro, que s\u00f3 parou cerca de 50 metros do local do acidente. O motorista [&hellip;]<\/p>\n","protected":false},"author":1,"featured_media":86503,"comment_status":"open","ping_status":"closed","sticky":false,"template":"","format":"standard","meta":{"amp_status":"","footnotes":""},"categories":[1236],"tags":[73469,93554,73470,93555,210,93553],"class_list":["post-86501","post","type-post","status-publish","format-standard","has-post-thumbnail","hentry","category-norte_de_minas","tag-atropelamento-montes-claros","tag-claudio-dayer","tag-idosa-atropelada-em-montes-claros","tag-milton-jose-dos-reis","tag-montes-claros","tag-mulher-de-80-anos-morre-atropelada-em-montes-claros"],"_links":{"self":[{"href":"https:\/\/aconteceunovale.com.br\/portal\/index.php?rest_route=\/wp\/v2\/posts\/86501","targetHints":{"allow":["GET"]}}],"collection":[{"href":"https:\/\/aconteceunovale.com.br\/portal\/index.php?rest_route=\/wp\/v2\/posts"}],"about":[{"href":"https:\/\/aconteceunovale.com.br\/portal\/index.php?rest_route=\/wp\/v2\/types\/post"}],"author":[{"embeddable":true,"href":"https:\/\/aconteceunovale.com.br\/portal\/index.php?rest_route=\/wp\/v2\/users\/1"}],"replies":[{"embeddable":true,"href":"https:\/\/aconteceunovale.com.br\/portal\/index.php?rest_route=%2Fwp%2Fv2%2Fcomments&post=86501"}],"version-history":[{"count":0,"href":"https:\/\/aconteceunovale.com.br\/portal\/index.php?rest_route=\/wp\/v2\/posts\/86501\/revisions"}],"wp:featuredmedia":[{"embeddable":true,"href":"https:\/\/aconteceunovale.com.br\/portal\/index.php?rest_route=\/wp\/v2\/media\/86503"}],"wp:attachment":[{"href":"https:\/\/aconteceunovale.com.br\/portal\/index.php?rest_route=%2Fwp%2Fv2%2Fmedia&parent=86501"}],"wp:term":[{"taxonomy":"category","embeddable":true,"href":"https:\/\/aconteceunovale.com.br\/portal\/index.php?rest_route=%2Fwp%2Fv2%2Fcategories&post=86501"},{"taxonomy":"post_tag","embeddable":true,"href":"https:\/\/aconteceunovale.com.br\/portal\/index.php?rest_route=%2Fwp%2Fv2%2Ftags&post=86501"}],"curies":[{"name":"wp","href":"https:\/\/api.w.org\/{rel}","templated":true}]}}