{"id":86498,"date":"2016-05-10T22:08:32","date_gmt":"2016-05-11T01:08:32","guid":{"rendered":"http:\/\/aconteceunovale.com.br\/portal\/?p=86498"},"modified":"2016-05-10T22:08:32","modified_gmt":"2016-05-11T01:08:32","slug":"camara-de-montes-claros-aprova-afastamento-de-ruy-muniz-por-60-dias","status":"publish","type":"post","link":"https:\/\/aconteceunovale.com.br\/portal\/?p=86498","title":{"rendered":"C\u00e2mara de Montes Claros aprova afastamento de Ruy Muniz por 60 dias"},"content":{"rendered":"<p>Foi aprovado na manh\u00e3 desta ter\u00e7a-feira (10\/5) o pedido de licen\u00e7a de 60 dias feito pelo prefeito de Montes Claros. Os vereadores aprovaram o pedido de Ruy Muniz (PSB) por 14 votos a oito, durante reuni\u00e3o da C\u00e2mara. Ele foi preso em 18 de abril durante a opera\u00e7\u00e3o \u201cM\u00e1scara da Sanidade II \u2013 Sabotadores da Sa\u00fade\u201d, um dia ap\u00f3s a esposa e deputada federal Raquel Muniz dizer na vota\u00e7\u00e3o do processo de impeachment que o marido \u00e9 exemplo para o Brasil.<\/p>\n<p>Segundo as informa\u00e7\u00f5es do presidente da C\u00e2mara Marcos Nem (PSD), o pedido de licen\u00e7a foi entregue pela procuradora do munic\u00edpio, Marilda Barbosa Oliveira Silva, no s\u00e1bado (7). O chefe do Legislativo explica que durante o per\u00edodo de licen\u00e7a, Ruy Muniz n\u00e3o receber\u00e1 sal\u00e1rio, e caso ele queira prorrogar o prazo de 60 dias \u00e9 necess\u00e1rio haver uma nova vota\u00e7\u00e3o.<\/p>\n<p>Marcos Nem explica que quem passar\u00e1 a responder pelo munic\u00edpio \u00e9 o vice-prefeito Z\u00e9 Vicente (PMDB), que ser\u00e1 comunicado oficialmente e tomar\u00e1 posse dentro de 10 dias. A cerim\u00f4nia ainda n\u00e3o tem data marcada para acontecer.<\/p>\n<p>O vice-prefeito comentou quais s\u00e3o as expectativas em rela\u00e7\u00e3o ao cargo de prefeito. \u201cDesde o come\u00e7o trabalho junto ao prefeito e as regras e o foco n\u00e3o mudam. Acho que o homem tem que ter determina\u00e7\u00e3o para encarar o que Deus lhe confiou. Assumo a fun\u00e7\u00e3o com responsabilidade, vontade de trabalhar e determina\u00e7\u00e3o. A tarefa \u00e9 desafiadora, mas nem tudo na vida \u00e9 f\u00e1cil&#8221;, destaca.<\/p>\n<p>Tamb\u00e9m nesta-feira (10), no final da manh\u00e3, o Samu informou que o prefeito foi levado para um hospital da cidade com crise hipertensiva, v\u00f4mito e se queixava de vertigem.<\/p>\n<p><strong>Vac\u00e2ncia e comiss\u00e3o processante<\/strong><\/p>\n<p>Ainda na reuni\u00e3o foi discutido tamb\u00e9m um pedido de vac\u00e2ncia do cargo de prefeito, protocolado pela professora Iara Pimentel, Montes Claros. Marcos Nem explica que 15 parlamentares votaram contra e sete se posicionaram a favor. \u201cA vac\u00e2ncia \u00e9 quando o prefeito deixa o cargo sem comunicar \u00e0 C\u00e2mara e permanece fora do munic\u00edpio. Se o pedido fosse aprovado, ele perderia o mandato e o vice assumiria\u201d, explica.<\/p>\n<p>Tamb\u00e9m foi votada e negada a abertura de uma Comiss\u00e3o Processante, a pedido da mesma professora, para avaliar a conduta do prefeito. A vota\u00e7\u00e3o terminou em 14 a oito.<\/p>\n<p>&#8220;Conforme as investiga\u00e7\u00f5es da Pol\u00edcia Federal e do Minist\u00e9rio P\u00fablico Federal, 37 mil procedimentos deixaram de ser feitos e a Prefeitura deixou de repassar R$ 16 milh\u00f5es para o hospitais credenciados ao SUS. Muitas pessoas foram prejudicadas, j\u00e1 que as unidades de sa\u00fade atendem todo o Norte de Minas e at\u00e9 o Sul da Bahia. Cabe \u00e0 C\u00e2mara assumir o papel de fiscalizadora,  a Casa n\u00e3o cumpriu a fun\u00e7\u00e3o dela\u201d, afirma Iara Pimentel.<\/p>\n<p><strong>Posi\u00e7\u00e3o do PSB<\/strong><\/p>\n<p>A assessoria do PSB em Minas Gerais confirmou que Ruy Muniz continua no partido. Uma comiss\u00e3o formada pelo deputado federal Tenente L\u00facio, deputado estadual Roberto Andrade e o prefeito de Conselheiro Lafaiete Ivar de Almeida acompanham o caso.<\/p>\n<p><strong>Relembre o caso<\/strong><\/p>\n<p>O prefeito foi preso em um apartamento na Asa Sul, em Bras\u00edlia (DF). Ele foi levado em uma viatura da PF para Montes Claros. Al\u00e9m de Ruy Muniz, foi presa tamb\u00e9m a secret\u00e1ria de Sa\u00fade, Ana Paula Nascimento. Foram cumpridos ainda quatro mandados de busca e apreens\u00e3o na resid\u00eancia dos acusados, na Prefeitura e na Secretaria de Sa\u00fade; al\u00e9m de dois de busca pessoal, que objetivavam apreender celulares e smartphones.<\/p>\n<p>Ruy Muniz e Ana Paula Nascimento s\u00e3o acusados de reter recursos do Sistema \u00danico de Sa\u00fade destinados a quatro hospitais do munic\u00edpio, e beneficiar o Hospital das Cl\u00ednicas M\u00e1rio Ribeiro, que \u00e9 do grupo empresarial do prefeito.<\/p>\n<p>Com a pris\u00e3o da secret\u00e1ria, no \u00faltimo dia 28 de abril foi designada uma nova gestora para a pasta. Ana Clara Colares, que teve o nome publicado no Di\u00e1rio Oficial do Munic\u00edpio como ato de nomea\u00e7\u00e3o do prefeito, vai exercer as fun\u00e7\u00f5es interinamente, como secret\u00e1ria adjunta de sa\u00fade.<\/p>\n<p><em>(Fonte: G1 Grande Minas \/ Rep\u00f3rter: Michelly Oda)<\/em><\/p>\n","protected":false},"excerpt":{"rendered":"<p>Foi aprovado na manh\u00e3 desta ter\u00e7a-feira (10\/5) o pedido de licen\u00e7a de 60 dias feito pelo prefeito de Montes Claros. Os vereadores aprovaram o pedido de Ruy Muniz (PSB) por 14 votos a oito, durante reuni\u00e3o da C\u00e2mara. Ele foi preso em 18 de abril durante a opera\u00e7\u00e3o \u201cM\u00e1scara da Sanidade II \u2013 Sabotadores da [&hellip;]<\/p>\n","protected":false},"author":1,"featured_media":86401,"comment_status":"open","ping_status":"closed","sticky":false,"template":"","format":"standard","meta":{"amp_status":"","footnotes":""},"categories":[1236,40240],"tags":[93549,93547,93552,93551,93550,93546,93372,93376,92311,89119,89124,93545,93548,93544,33158,17599,93377,93375],"class_list":["post-86498","post","type-post","status-publish","format-standard","has-post-thumbnail","hentry","category-norte_de_minas","category-politica-2","tag-afastamento-de-licenca-de-ruy-muniz","tag-afastamento-do-prefeito-de-montes-claros","tag-camara-de-montes-claros-aprova-afastamento-de-ruy-muniz","tag-camara-de-montes-claros-aprova-afastamento-de-ruy-muniz-por-60-dias","tag-jose-vicente","tag-licenca-do-prefeito-de-montes-claros","tag-marilda-barbosa-oliveira-silva","tag-mascara-da-sanidade-ii","tag-mascara-da-sanidade-ii-sabotadores-da-saude","tag-operacao-mascara-da-sanidade-ii","tag-operacao-mascara-da-sanidade-ii-sabotadores-da-saude","tag-pedido-de-afastamento-do-prefeito-de-montes-claros","tag-pedido-de-licenca-de-ruy-muniz","tag-pedido-de-licenca-do-prefeito-de-montes-claros","tag-prefeito-de-montes-claros","tag-raquel-muniz","tag-sabotadores-da-saude","tag-ze-vicente"],"_links":{"self":[{"href":"https:\/\/aconteceunovale.com.br\/portal\/index.php?rest_route=\/wp\/v2\/posts\/86498","targetHints":{"allow":["GET"]}}],"collection":[{"href":"https:\/\/aconteceunovale.com.br\/portal\/index.php?rest_route=\/wp\/v2\/posts"}],"about":[{"href":"https:\/\/aconteceunovale.com.br\/portal\/index.php?rest_route=\/wp\/v2\/types\/post"}],"author":[{"embeddable":true,"href":"https:\/\/aconteceunovale.com.br\/portal\/index.php?rest_route=\/wp\/v2\/users\/1"}],"replies":[{"embeddable":true,"href":"https:\/\/aconteceunovale.com.br\/portal\/index.php?rest_route=%2Fwp%2Fv2%2Fcomments&post=86498"}],"version-history":[{"count":0,"href":"https:\/\/aconteceunovale.com.br\/portal\/index.php?rest_route=\/wp\/v2\/posts\/86498\/revisions"}],"wp:featuredmedia":[{"embeddable":true,"href":"https:\/\/aconteceunovale.com.br\/portal\/index.php?rest_route=\/wp\/v2\/media\/86401"}],"wp:attachment":[{"href":"https:\/\/aconteceunovale.com.br\/portal\/index.php?rest_route=%2Fwp%2Fv2%2Fmedia&parent=86498"}],"wp:term":[{"taxonomy":"category","embeddable":true,"href":"https:\/\/aconteceunovale.com.br\/portal\/index.php?rest_route=%2Fwp%2Fv2%2Fcategories&post=86498"},{"taxonomy":"post_tag","embeddable":true,"href":"https:\/\/aconteceunovale.com.br\/portal\/index.php?rest_route=%2Fwp%2Fv2%2Ftags&post=86498"}],"curies":[{"name":"wp","href":"https:\/\/api.w.org\/{rel}","templated":true}]}}