{"id":86043,"date":"2016-05-06T21:32:09","date_gmt":"2016-05-07T00:32:09","guid":{"rendered":"http:\/\/aconteceunovale.com.br\/portal\/?p=86043"},"modified":"2016-05-06T21:32:09","modified_gmt":"2016-05-07T00:32:09","slug":"mutirao-atende-35-mil-pessoas-em-aguas-formosas-e-raul-soares","status":"publish","type":"post","link":"https:\/\/aconteceunovale.com.br\/portal\/?p=86043","title":{"rendered":"Mutir\u00e3o atende 3,5 mil pessoas em \u00c1guas Formosas e Raul Soares"},"content":{"rendered":"<p>De 25 a 28 de abril, aproximadamente 3,5 mil pessoas foram atendidas em \u00c1guas Formosas e Raul Soares. As comarcas receberam o Programa de Apoio Emergencial \u00e0s comarcas (PAE) do Tribunal de Justi\u00e7a de Minas Gerais (TJMG). Nessa edi\u00e7\u00e3o, os acordos e senten\u00e7as encerraram demandas da ordem de R$ 4 milh\u00f5es.<\/p>\n<p>Essa edi\u00e7\u00e3o do PAE contou com 47 servidores e 52 magistrados; destes, 20 s\u00e3o alunos do Curso de Forma\u00e7\u00e3o Inicial da Escola Judicial Desembargador Ed\u00e9sio Fernandes (Ejef), ju\u00edzes novatos  empossados em 29 de fevereiro deste ano.<\/p>\n<p>Na comarca de Raul Soares, foram realizadas quase cem audi\u00eancias de interdi\u00e7\u00e3o ou relacionadas ao INSS. Os ju\u00edzes veteranos e os novatos tamb\u00e9m realizaram inspe\u00e7\u00f5es judiciais na zona rural das cidades envolvidas, com o objetivo de solucionar alguns processos. \u201cEsse tipo de atua\u00e7\u00e3o demonstra o car\u00e1ter social do programa\u201d, destaca o juiz Marcelo Rodrigues Fioravante, que \u00e9 um dos coordenadores do programa e esteve na Comarca de Raul Soares.<\/p>\n<p>&#8220;O PAE vem ganhando robustez desde as suas primeiras edi\u00e7\u00f5es, realizadas no \u00e2mbito dos Juizados Especiais, gra\u00e7as \u00e0 sua ampla acolhida pela Presid\u00eancia, pela Corregedoria e, agora, pela Ejef, proporcionando n\u00e3o s\u00f3 \u00e0s comarcas que se encontram em dificuldade o merecido alento, mas tamb\u00e9m aos magistrados, servidores e conciliadores a oportunidade de crescimento pessoal e profissional. Trata-se de uma experi\u00eancia de singular valor para o TJMG e todos os envolvidos&#8221;, avalia o juiz Marcelo Fioravante.<\/p>\n<p>O juiz Marcus Vin\u00edcius Mendes do Valle, um dos coordenadores do programa, acompanhou a equipe de \u00c1guas Formosas. Ele esclarece que o PAE \u00e9 dividido em tr\u00eas partes, executadas isolada ou cumulativamente: plano gerencial, interven\u00e7\u00e3o localizada e mutir\u00e3o de senten\u00e7as. \u201cO programa atende, de maneira customizada, cada unidade judici\u00e1ria, aumentando a produtividade e a satisfa\u00e7\u00e3o da comunidade usu\u00e1ria dos servi\u00e7os judici\u00e1rios\u201d, destaca.<\/p>\n<p>Segundo o magistrado, o programa tamb\u00e9m faz um diagn\u00f3stico da comarca e apoia o juiz na elabora\u00e7\u00e3o de Plano Estrat\u00e9gico de Unidade Judici\u00e1ria e na implementa\u00e7\u00e3o de plano de a\u00e7\u00e3o gerencial. \u201cAl\u00e9m disso, o PAE acompanha este trabalho fornecendo t\u00e9cnicas e ferramentas gerenciais que permitem ao magistrado liderar a gest\u00e3o p\u00fablica local e protagonizar a\u00e7\u00f5es transformacionais que restauram a credibilidade dos servi\u00e7os judici\u00e1rios, pela efetividade da entrega judicial\u201d, explica.<\/p>\n<p><strong>Aprendizado e capacita\u00e7\u00e3o<\/strong><\/p>\n<p>Al\u00e9m do benef\u00edcio para o jurisdicionado, outro destaque desta edi\u00e7\u00e3o do programa foi a integra\u00e7\u00e3o de ju\u00edzes novatos. Eles est\u00e3o finalizando  curso de forma\u00e7\u00e3o  sob a responsabilidade da  Ejef que inclui a participa\u00e7\u00e3o nos mutir\u00f5es do PAE.<\/p>\n<p>O aluno Hilton Alonso J\u00fanior ressalta que a experi\u00eancia nesses dias foi bastante enriquecedora, pois o grupo adquiriu v\u00e1rios conhecimentos que, segundo ele, v\u00e3o al\u00e9m dos livros. \u201cAqui pude enxergar que as situa\u00e7\u00f5es nem sempre s\u00e3o preto e branco, como estudamos na teoria. A experi\u00eancia de lidar diretamente com as dificuldades dessa comunidade e as li\u00e7\u00f5es dadas pelos ju\u00edzes veteranos nos proporcionaram grande aprendizado\u201d, revela. Para ele, cooperar nas audi\u00eancias \u00e9 uma antecipa\u00e7\u00e3o do que ainda vai ser aperfei\u00e7oado numa vida profissional que ele espera ser longa.<\/p>\n<p>A ju\u00edza Andr\u00e9ia Cristina Costa, que recebeu os novos ju\u00edzes na vara em que atua em Belo Horizonte e participou da a\u00e7\u00e3o na comarca de \u00c1guas Formosas, conta que um dos maiores aprendizados dos novos ju\u00edzes \u00e9 a adapta\u00e7\u00e3o da linguagem usada durante as audi\u00eancias, j\u00e1 que grande parte da comunidade da comarca \u00e9 carente. \u201cMuitas vezes, \u00e9 preciso refazer as perguntas de modo mais simples, mais informal, e educar o ouvido para captar e compreender as dificuldades locais. Pude observar nesses quatro dias que os ju\u00edzes novatos realmente est\u00e3o aprendendo isso\u201d, conta a magistrada.<\/p>\n<p><em>(Fonte: TJMG)<\/em><\/p>\n","protected":false},"excerpt":{"rendered":"<p>De 25 a 28 de abril, aproximadamente 3,5 mil pessoas foram atendidas em \u00c1guas Formosas e Raul Soares. As comarcas receberam o Programa de Apoio Emergencial \u00e0s comarcas (PAE) do Tribunal de Justi\u00e7a de Minas Gerais (TJMG). Nessa edi\u00e7\u00e3o, os acordos e senten\u00e7as encerraram demandas da ordem de R$ 4 milh\u00f5es. Essa edi\u00e7\u00e3o do PAE [&hellip;]<\/p>\n","protected":false},"author":1,"featured_media":86044,"comment_status":"open","ping_status":"closed","sticky":false,"template":"","format":"standard","meta":{"amp_status":"","footnotes":""},"categories":[122],"tags":[1536,92647,69899,92641,92643,92642,92645,92644,13983,270,92646],"class_list":["post-86043","post","type-post","status-publish","format-standard","has-post-thumbnail","hentry","category-mucuri","tag-aguas-formosas","tag-curso-de-formacao-inicial-da-escola-judicial-desembargador-edesio-fernandes","tag-ejef","tag-mutirao-atende-3-5-mil-pessoas-em-aguas-formosas-e-raul-soares","tag-mutirao-tjmg-aguas-formosas","tag-mutirao-tjmg-raul-soares","tag-pae","tag-programa-de-apoio-emergencial-as-comarcas","tag-raul-soares","tag-tjmg","tag-tribunal-de-justica-de-minas-gerais"],"_links":{"self":[{"href":"https:\/\/aconteceunovale.com.br\/portal\/index.php?rest_route=\/wp\/v2\/posts\/86043","targetHints":{"allow":["GET"]}}],"collection":[{"href":"https:\/\/aconteceunovale.com.br\/portal\/index.php?rest_route=\/wp\/v2\/posts"}],"about":[{"href":"https:\/\/aconteceunovale.com.br\/portal\/index.php?rest_route=\/wp\/v2\/types\/post"}],"author":[{"embeddable":true,"href":"https:\/\/aconteceunovale.com.br\/portal\/index.php?rest_route=\/wp\/v2\/users\/1"}],"replies":[{"embeddable":true,"href":"https:\/\/aconteceunovale.com.br\/portal\/index.php?rest_route=%2Fwp%2Fv2%2Fcomments&post=86043"}],"version-history":[{"count":0,"href":"https:\/\/aconteceunovale.com.br\/portal\/index.php?rest_route=\/wp\/v2\/posts\/86043\/revisions"}],"wp:featuredmedia":[{"embeddable":true,"href":"https:\/\/aconteceunovale.com.br\/portal\/index.php?rest_route=\/wp\/v2\/media\/86044"}],"wp:attachment":[{"href":"https:\/\/aconteceunovale.com.br\/portal\/index.php?rest_route=%2Fwp%2Fv2%2Fmedia&parent=86043"}],"wp:term":[{"taxonomy":"category","embeddable":true,"href":"https:\/\/aconteceunovale.com.br\/portal\/index.php?rest_route=%2Fwp%2Fv2%2Fcategories&post=86043"},{"taxonomy":"post_tag","embeddable":true,"href":"https:\/\/aconteceunovale.com.br\/portal\/index.php?rest_route=%2Fwp%2Fv2%2Ftags&post=86043"}],"curies":[{"name":"wp","href":"https:\/\/api.w.org\/{rel}","templated":true}]}}