{"id":86041,"date":"2016-05-06T21:29:07","date_gmt":"2016-05-07T00:29:07","guid":{"rendered":"http:\/\/aconteceunovale.com.br\/portal\/?p=86041"},"modified":"2016-05-06T21:29:07","modified_gmt":"2016-05-07T00:29:07","slug":"cemig-realiza-obras-na-rede-eletrica-de-capelinha-8","status":"publish","type":"post","link":"https:\/\/aconteceunovale.com.br\/portal\/?p=86041","title":{"rendered":"Cemig realiza obras na rede el\u00e9trica de Capelinha"},"content":{"rendered":"<p>A Companhia Energ\u00e9tica de Minas Gerais \u2013 Cemig informa que, nesta ter\u00e7a-feira (10\/05) e sexta-feira (13\/05), vai realizar obras de modifica\u00e7\u00e3o e extens\u00e3o de rede em Capelinha. <\/p>\n<p>Esta obra vai tornar a rede mais segura, garantindo uma maior confiabilidade no fornecimento de energia para a popula\u00e7\u00e3o, a ind\u00fastria e o com\u00e9rcio local.<\/p>\n<p>Para executar esse trabalho com seguran\u00e7a, ser\u00e1 necess\u00e1rio interromper o fornecimento de energia na ter\u00e7a-feira,  de 13h \u00e0s 16h, nos seguintes endere\u00e7os:<\/p>\n<p>Beco das Areias, entre n\u00fameros 4 e 69, Centro<\/p>\n<p>Rua Ad\u00e3o Domingues Alves, n\u00famero 61, \u00c1gua Santa<\/p>\n<p>Rua Maria Pereira Campos, entre n\u00fameros 63 e 535, \u00c1gua Santa<\/p>\n<p>Rua Matilde Evaristo Souza, entre n\u00fameros 21 e 129, Vila Oper\u00e1ria<\/p>\n<p>Rua Vicente Pereira da Silva, entre n\u00fameros 19 e 83, Vila Oper\u00e1ria<\/p>\n<p>Na sexta-feira, vai ser preciso desligar de 8h \u00e0s 12h, nos endere\u00e7os abaixo:<\/p>\n<p>Avenida Tancredo Neves, entre n\u00fameros 309 e 411, Centro<\/p>\n<p>Rua Tib\u00farcio Celestino, entre n\u00fameros 17 e 95, Centro<\/p>\n<p>Rua Jos\u00e9 Estev\u00e3o, entre n\u00fameros 19 e 400, Centro<\/p>\n<p>Rua Geraldo Rodrigues, entre n\u00fameros 28 e 62, Centro<\/p>\n<p>Rua Mauro A. Pimenta, entre n\u00fameros 174 e 280, Centro<\/p>\n<p>Rua Belo Horizonte, entre n\u00fameros 17 e 303, Centro<\/p>\n<p>Rua Governador Valadares, entre n\u00fameros 654 e 1022, Centro<\/p>\n<p>Rua Ver\u00edssimo C Alecrim, entre n\u00fameros 33 e 863, Centro<\/p>\n<p>Rua Jo\u00e3o Alves Sampaio, entre n\u00fameros 437 e 949, Centro<\/p>\n<p>Durante esse per\u00edodo, caso precise executar algum servi\u00e7o na instala\u00e7\u00e3o el\u00e9trica interna, o consumidor dever\u00e1 desligar antes a chave geral (disjuntor) para sua seguran\u00e7a.<\/p>\n<p>A empresa esclarece que em fun\u00e7\u00e3o da complexidade dos servi\u00e7os a serem executados poder\u00e1 ocorrer atraso no hor\u00e1rio previsto ou cancelamento deste desligamento sem aviso pr\u00e9vio. Por medida de seguran\u00e7a todos os equipamentos devem ser considerados energizados durante o per\u00edodo mencionado. Caso os servi\u00e7os de melhoria sejam conclu\u00eddos antes do hor\u00e1rio indicado o fornecimento de energia el\u00e9trica ser\u00e1 restabelecido.<\/p>\n","protected":false},"excerpt":{"rendered":"<p>A Companhia Energ\u00e9tica de Minas Gerais \u2013 Cemig informa que, nesta ter\u00e7a-feira (10\/05) e sexta-feira (13\/05), vai realizar obras de modifica\u00e7\u00e3o e extens\u00e3o de rede em Capelinha. Esta obra vai tornar a rede mais segura, garantindo uma maior confiabilidade no fornecimento de energia para a popula\u00e7\u00e3o, a ind\u00fastria e o com\u00e9rcio local. Para executar esse [&hellip;]<\/p>\n","protected":false},"author":1,"featured_media":63386,"comment_status":"open","ping_status":"closed","sticky":false,"template":"","format":"standard","meta":{"amp_status":"","footnotes":""},"categories":[120],"tags":[51323,132,55642,7706,92638,92640,27740,92639,48241],"class_list":["post-86041","post","type-post","status-publish","format-standard","has-post-thumbnail","hentry","category-jequi","tag-aviso-cemig-capelinha","tag-capelinha","tag-cemig-aviso-capelinha","tag-cemig-realiza-obras-na-rede-eletrica-de-capelinha","tag-desligamento-rede-eletrica-capelinha","tag-falta-de-energia-capelinha","tag-obras-na-rede-eletrica-de-capelinha","tag-obras-rede-eletrica-capelinha","tag-queda-de-energia-em-capelinha"],"_links":{"self":[{"href":"https:\/\/aconteceunovale.com.br\/portal\/index.php?rest_route=\/wp\/v2\/posts\/86041","targetHints":{"allow":["GET"]}}],"collection":[{"href":"https:\/\/aconteceunovale.com.br\/portal\/index.php?rest_route=\/wp\/v2\/posts"}],"about":[{"href":"https:\/\/aconteceunovale.com.br\/portal\/index.php?rest_route=\/wp\/v2\/types\/post"}],"author":[{"embeddable":true,"href":"https:\/\/aconteceunovale.com.br\/portal\/index.php?rest_route=\/wp\/v2\/users\/1"}],"replies":[{"embeddable":true,"href":"https:\/\/aconteceunovale.com.br\/portal\/index.php?rest_route=%2Fwp%2Fv2%2Fcomments&post=86041"}],"version-history":[{"count":0,"href":"https:\/\/aconteceunovale.com.br\/portal\/index.php?rest_route=\/wp\/v2\/posts\/86041\/revisions"}],"wp:featuredmedia":[{"embeddable":true,"href":"https:\/\/aconteceunovale.com.br\/portal\/index.php?rest_route=\/wp\/v2\/media\/63386"}],"wp:attachment":[{"href":"https:\/\/aconteceunovale.com.br\/portal\/index.php?rest_route=%2Fwp%2Fv2%2Fmedia&parent=86041"}],"wp:term":[{"taxonomy":"category","embeddable":true,"href":"https:\/\/aconteceunovale.com.br\/portal\/index.php?rest_route=%2Fwp%2Fv2%2Fcategories&post=86041"},{"taxonomy":"post_tag","embeddable":true,"href":"https:\/\/aconteceunovale.com.br\/portal\/index.php?rest_route=%2Fwp%2Fv2%2Ftags&post=86041"}],"curies":[{"name":"wp","href":"https:\/\/api.w.org\/{rel}","templated":true}]}}