{"id":85788,"date":"2016-05-03T23:44:11","date_gmt":"2016-05-04T02:44:11","guid":{"rendered":"http:\/\/aconteceunovale.com.br\/portal\/?p=85788"},"modified":"2016-05-03T23:44:11","modified_gmt":"2016-05-04T02:44:11","slug":"linha-de-credito-de-r-100-milhoes-vai-financiar-projetos-do-setor-musical","status":"publish","type":"post","link":"https:\/\/aconteceunovale.com.br\/portal\/?p=85788","title":{"rendered":"Linha de cr\u00e9dito de R$ 100 milh\u00f5es vai financiar projetos do setor musical"},"content":{"rendered":"<p>Os ministros do Trabalho e Previd\u00eancia Social, Miguel Rossetto, e da Cultura, Juca Ferreira, anunciaram hoje (3\/5) a cria\u00e7\u00e3o de uma linha de cr\u00e9dito de R$ 100 milh\u00f5es para inclus\u00e3o produtiva de empreendimentos da cadeia da m\u00fasica, chamada de FAT Cultura.<\/p>\n<p>Segundo Juca Ferreira, \u00e9 a primeira vez que uma linha de cr\u00e9dito do Fundo de Amparo ao Trabalhador (FAT) \u00e9 usada para a \u00e1rea art\u00edstica e come\u00e7ar\u00e1 pela m\u00fasica atendendo a uma demanda antiga do setor.<\/p>\n<p>Os recursos atender\u00e3o a micro e pequenas empresas com faturamento bruto anual de at\u00e9 R$ 3,6 milh\u00f5es e microempreendedores individuais. Segundo o Minist\u00e9rio do Trabalho, os financiamentos podem chegar a R$ 400 mil por empresa, com prazo de pagamento de 60 meses, com 24 meses de car\u00eancia e limite financi\u00e1vel de 100% do valor do projeto.<\/p>\n<p>Os encargos ser\u00e3o estabelecidos pela Taxa de Juros de Longo Prazo (TJLP), com acr\u00e9scimo de at\u00e9 5% ao ano de custo financeiro. A linha ser\u00e1 operada pelo Banco do Brasil e ser\u00e3o admitidas garantias de fundos garantidores.<\/p>\n<p>Os recursos da FAT Cultura poder\u00e3o financiar projetos como aquisi\u00e7\u00e3o de bens e servi\u00e7os, pesquisa e desenvolvimento de produtos, sele\u00e7\u00e3o e capacita\u00e7\u00e3o de elenco e equipe t\u00e9cnica e infraestrutura.<\/p>\n<p>H\u00e1 tr\u00eas restri\u00e7\u00f5es para aplica\u00e7\u00e3o do financiamento, segundo Rossetto. \u201cN\u00e3o \u00e9 poss\u00edvel, com estes recursos, comprar im\u00f3veis, comprar terrenos ou buscar t\u00e3o somente capital de giro para pagar eventuais d\u00favidas. Todo outro leque que envolve a atividade da m\u00fasica esta linha poder\u00e1 absorver e poder\u00e1 estimular&#8221;, disse o ministro. Os financiamentos estar\u00e3o dispon\u00edveis a partir da pr\u00f3xima segunda-feira (9).<\/p>\n<p>Na mesma cerim\u00f4nia, na Funda\u00e7\u00e3o Casa de Rui Barbosa, em Botafogo, zona sul do Rio de Janeiro, o Minist\u00e9rio da Cultura anunciou novas a\u00e7\u00f5es para a economia da m\u00fasica; mudan\u00e7as propostas pelo Procultura para fortalecimento do Fundo Nacional de Cultura. Juca Ferreira defendeu a import\u00e2ncia de uma institui\u00e7\u00e3o espec\u00edfica para coordenar todas estas pol\u00edticas e disse que uma alternativa pode ser a cria\u00e7\u00e3o de uma ag\u00eancia com autonomia administrativa. \u201cAcho que \u00e9 o melhor formato que tem. Est\u00e1 em estudo no minist\u00e9rio\u201d, adiantou.<\/p>\n<p>Tamb\u00e9m no encontro foram assinadas duas instru\u00e7\u00f5es normativas sobre direitos autorais no ambiente digital.<\/p>\n<p><strong>Impeachment<\/strong><\/p>\n<p>Os an\u00fancios, segundo os dois ministros, mostram que o governo continua trabalhando, mesmo diante da possibilidade de afastamento da presidenta Dilma Rousseff, em an\u00e1lise no Senado. \u201cEsse governo est\u00e1 vivo e foi eleito para trabalhar\u201d, disse Rossetto.<\/p>\n<p>\u201cA gente n\u00e3o sabe o que vai vir daqui para frente. Mas a gente sabe de que o Estado \u00e9 um instrumento da sociedade brasileira, as pol\u00edticas de Estado n\u00e3o podem estar dispon\u00edveis para serem destru\u00eddas e come\u00e7arem tudo do zero porque isso \u00e9 uma irracionalidade e n\u00e3o se justifica\u201d, disse Juca Ferreira, que diz acreditar na continuidade das medidas na \u00e1rea da Cultura em um eventual governo de Michel Temer.<\/p>\n<p>O m\u00fasico e compositor Roberto Frejat, integrante do Grupo de A\u00e7\u00e3o Parlamentar Pro M\u00fasica, disse que \u00e9 obriga\u00e7\u00e3o dos artistas do setor lutar pela sustenta\u00e7\u00e3o das pol\u00edticas anunciadas hoje. \u201cO projeto \u00e9 grande, \u00e9 ambicioso no melhor sentido que essa palavra pode ter. Vem ao encontro das demandas que a classe musical vem apresentando\u201d, disse.<\/p>\n<p>Frejat espera que o projeto seja de fato uma pol\u00edtica de Estado, que possa ser assumida independente de quem esteja no poder. \u201cEsse projeto \u00e9 muito mais importante do que as pessoas que est\u00e3o \u00e0 frente do minist\u00e9rio ou da Presid\u00eancia da Rep\u00fablica, \u00e9 um projeto de Estado. O Brasil tem que aprender que projetos de Estado n\u00e3o podem ser interrompidos ao bel prazer de seus governantes. Isso aqui \u00e9 o que o Estado brasileiro tem para dar \u00e0 m\u00fasica e a m\u00fasica tem que fazer cumprir isso a\u00ed porque foi fruto de muita discuss\u00e3o.\u201d (Ag\u00eancia Brasil)<\/p>\n","protected":false},"excerpt":{"rendered":"<p>Os ministros do Trabalho e Previd\u00eancia Social, Miguel Rossetto, e da Cultura, Juca Ferreira, anunciaram hoje (3\/5) a cria\u00e7\u00e3o de uma linha de cr\u00e9dito de R$ 100 milh\u00f5es para inclus\u00e3o produtiva de empreendimentos da cadeia da m\u00fasica, chamada de FAT Cultura. Segundo Juca Ferreira, \u00e9 a primeira vez que uma linha de cr\u00e9dito do Fundo [&hellip;]<\/p>\n","protected":false},"author":1,"featured_media":85789,"comment_status":"open","ping_status":"closed","sticky":false,"template":"","format":"standard","meta":{"amp_status":"","footnotes":""},"categories":[6],"tags":[91981,35740,24031,91986,35739,91984,91987,91980,4580,91985,91982,91983],"class_list":["post-85788","post","type-post","status-publish","format-standard","has-post-thumbnail","hentry","category-br","tag-100-milhoes-vai-financiar-projetos-do-setor-musical","tag-credito","tag-fat","tag-fat-cultura","tag-financiamento","tag-financiamento-de-projetos-do-setor-musical","tag-fundo-de-amparo-ao-trabalhador-cultura","tag-linha-de-credito-de-r-100-milhoes-vai-financiar-projetos-do-setor-musical","tag-musica","tag-politica-cultural","tag-projetos-do-setor-musical","tag-recursos-para-projetos-do-setor-musical"],"_links":{"self":[{"href":"https:\/\/aconteceunovale.com.br\/portal\/index.php?rest_route=\/wp\/v2\/posts\/85788","targetHints":{"allow":["GET"]}}],"collection":[{"href":"https:\/\/aconteceunovale.com.br\/portal\/index.php?rest_route=\/wp\/v2\/posts"}],"about":[{"href":"https:\/\/aconteceunovale.com.br\/portal\/index.php?rest_route=\/wp\/v2\/types\/post"}],"author":[{"embeddable":true,"href":"https:\/\/aconteceunovale.com.br\/portal\/index.php?rest_route=\/wp\/v2\/users\/1"}],"replies":[{"embeddable":true,"href":"https:\/\/aconteceunovale.com.br\/portal\/index.php?rest_route=%2Fwp%2Fv2%2Fcomments&post=85788"}],"version-history":[{"count":0,"href":"https:\/\/aconteceunovale.com.br\/portal\/index.php?rest_route=\/wp\/v2\/posts\/85788\/revisions"}],"wp:featuredmedia":[{"embeddable":true,"href":"https:\/\/aconteceunovale.com.br\/portal\/index.php?rest_route=\/wp\/v2\/media\/85789"}],"wp:attachment":[{"href":"https:\/\/aconteceunovale.com.br\/portal\/index.php?rest_route=%2Fwp%2Fv2%2Fmedia&parent=85788"}],"wp:term":[{"taxonomy":"category","embeddable":true,"href":"https:\/\/aconteceunovale.com.br\/portal\/index.php?rest_route=%2Fwp%2Fv2%2Fcategories&post=85788"},{"taxonomy":"post_tag","embeddable":true,"href":"https:\/\/aconteceunovale.com.br\/portal\/index.php?rest_route=%2Fwp%2Fv2%2Ftags&post=85788"}],"curies":[{"name":"wp","href":"https:\/\/api.w.org\/{rel}","templated":true}]}}