{"id":85751,"date":"2016-05-03T15:55:51","date_gmt":"2016-05-03T18:55:51","guid":{"rendered":"http:\/\/aconteceunovale.com.br\/portal\/?p=85751"},"modified":"2016-05-03T15:55:51","modified_gmt":"2016-05-03T18:55:51","slug":"minas-gerais-busca-vanguarda-de-um-mundo-movido-a-energia-solar","status":"publish","type":"post","link":"https:\/\/aconteceunovale.com.br\/portal\/?p=85751","title":{"rendered":"Minas Gerais busca vanguarda de um mundo movido a energia solar"},"content":{"rendered":"<p>Provavelmente, daqui a uns cem anos, uma crian\u00e7a na escola vai se perguntar por que a humanidade, num passado relativamente recente, escavou buracos, poluiu os oceanos, causando tantos danos ambientais, apenas para obter o petr\u00f3leo, mat\u00e9ria-prima dos combust\u00edveis f\u00f3sseis. Ela ter\u00e1 dificuldade para entender por que os homens, somente no s\u00e9culo XX, perceberam que o sol poderia se tornar uma fonte energ\u00e9tica abundante, limpa e renov\u00e1vel. A essa altura, o garoto de 2100 tamb\u00e9m se dar\u00e1 conta de que 70% da energia utilizada no planeta ser\u00e1 de origem solar.<\/p>\n<p>Esse cen\u00e1rio futurista foi projetado em 2007, pelo Conselho Mundial da Energia, vinculado \u00e0 Organiza\u00e7\u00e3o das Na\u00e7\u00f5es Unidas (ONU). Para que a previs\u00e3o se confirme, alguns movimentos j\u00e1 t\u00eam sido feitos em diferentes pa\u00edses. O Brasil, principalmente o Estado de Minas Gerais, vem promovendo mudan\u00e7as institucionais para facilitar a ado\u00e7\u00e3o da energia solar fotovoltaica.<\/p>\n<p>A Assembleia Legislativa de Minas Gerais (ALMG) aprovou projetos que, transformados em leis, consolidaram o arcabou\u00e7o legal necess\u00e1rio para o desenvolvimento do setor. A \u00faltima das normas aprovadas foi a Lei 21.713, de 2015, oriunda do Projeto de Lei (PL) 1.350\/15, do deputado Gil Pereira (PP), presidente da Comiss\u00e3o de Minas e Energia. A legisla\u00e7\u00e3o amplia o prazo para concess\u00e3o de cr\u00e9dito de ICMS relativo \u00e0 aquisi\u00e7\u00e3o de energia solar no Estado.<\/p>\n<p>Na opini\u00e3o do presidente da Associa\u00e7\u00e3o Brasileira de Energia Solar Fotovoltaica (ABSolar), Rodrigo Lopes Sauaia, a perspectiva de crescimento do uso da energia solar, em todas as suas modalidades, \u00e9 muito expressiva. Ele avalia que as proje\u00e7\u00f5es futuras t\u00eam se mostrado excessivamente conservadoras, uma vez que h\u00e1 a perspectiva de um crescimento explosivo na ado\u00e7\u00e3o dessa fonte energ\u00e9tica.<\/p>\n<p><strong>Tecnologia de aproveitamento<\/strong> &#8211; O dirigente aponta os tr\u00eas fatores que, na avalia\u00e7\u00e3o de especialistas do setor, s\u00e3o determinantes para o desenvolvimento da energia solar. O primeiro \u00e9 o potencial te\u00f3rico, revelando que a radia\u00e7\u00e3o do sol que chega \u00e0 Terra \u00e9 milhares de vezes maior que a demanda de toda a popula\u00e7\u00e3o do planeta. Outro fator preponderante \u00e9 de ordem t\u00e9cnica, que indica a exist\u00eancia de tecnologia para aproveitar a energia solar de forma muito expressiva.<\/p>\n<p>E, por fim, existe o fator econ\u00f4mico. &#8220;Com o aumento da escala de produ\u00e7\u00e3o dos insumos e a melhoria da efici\u00eancia dos produtos, a fonte fotovoltaica tem se tornado de 5% a 8% mais barata a cada ano&#8221;, observa Rodrigo Sauaia. Ele acrescenta que, nos \u00faltimos 10 anos, o pre\u00e7o dessa tecnologia caiu 70% no mundo. &#8220;At\u00e9 2.030, essa fonte dever\u00e1 se tornar uma das mais baratas; isso sem falarmos no benef\u00edcio ambiental&#8221;, diz.<\/p>\n<p><img decoding=\"async\" src=\"http:\/\/aconteceunovale.com.br\/portal\/wp-content\/uploads\/2016\/05\/energia_solar_mg_1.jpg\" alt=\"\" \/><em>M\u00f3dulos fotovoltaicos em resid\u00eancia no bairro Mangabeiras, na Capital. A cidade tem 326 m\u00b2 de placas solares a cada mil habitantes, enquanto o Brasil tem 27,4 m\u00b2 &#8211; Foto: Guilherrme Bergamini \/ ALMG<\/em><br \/>\n<\/br><\/p>\n<p><strong>Membrana solar promete revolucionar setor<\/strong><\/p>\n<p>Detentora do t\u00edtulo de capital da energia solar do Brasil, Belo Horizonte refor\u00e7a sua posi\u00e7\u00e3o com o in\u00edcio de funcionamento de uma empresa de vanguarda no setor fotovoltaico. A Sunew j\u00e1 lidera em n\u00edvel mundial a produ\u00e7\u00e3o de membranas solares de \u00faltima gera\u00e7\u00e3o, o OPV (organic photovoltaics). &#8220;Com a fabrica\u00e7\u00e3o desse produto, estamos colocando Minas e o Brasil no mapa mundial&#8221;, comemora o presidente da empresa, Thiago Maranh\u00e3o. Operando desde o fim de 2015, a Sunew \u00e9 um dos frutos do CSEM Brasil, centro de pesquisa aplicada resultado da parceria entre os Governos do Estado e Federal, a gestora de capitais brasileira FIR Capital e o Centro Su\u00ed\u00e7o de Eletr\u00f4nica e Microtecnologia (CSEM S\/A).<\/p>\n<p>A Sunew fabrica e vende o OPV, composto de mat\u00e9rias primas org\u00e2nicas e pl\u00e1sticas (pol\u00edmeros), que promete revolucionar a \u00e1rea. Trata-se de um filme impresso em rolos e que tem como caracter\u00edsticas essenciais a leveza, a transpar\u00eancia e a flexibilidade. Comparado \u00e0 tecnologia tradicional das placas de sil\u00edcio, que s\u00e3o duras e pesadas, o OPV apresenta in\u00fameras vantagens, pois pode ser aplicado em diferentes locais e situa\u00e7\u00f5es: fachadas de pr\u00e9dios, tetos de autom\u00f3veis, reservat\u00f3rios de \u00e1gua, mochilas e at\u00e9 celulares, por exemplo.<\/p>\n<p>&#8220;A diversidade de aplica\u00e7\u00f5es do OPV aponta para aonde a imagina\u00e7\u00e3o alcan\u00e7ar&#8221;, ilustra o diretor de Microssistemas Cer\u00e2micos da CSEM, Rodrigo Vila\u00e7a. Ele explica que o metro quadrado de sil\u00edcio pesa cerca de 20 kg, enquanto que o de OPV fica entre 700 e 800 gramas. &#8220;Com isso, voc\u00ea habilita muitas aplica\u00e7\u00f5es que o sil\u00edcio n\u00e3o abrange. Por exemplo, se for colocada uma placa no teto de um carro, a energia gerada n\u00e3o compensar\u00e1 o peso a mais na estrutura. Com o OPV, isso \u00e9 vi\u00e1vel&#8221;, enfatizou.<\/p>\n<p>Comparado \u00e0 placa fotovoltaica, o filme org\u00e2nico apresenta uma resposta melhor com a radia\u00e7\u00e3o difusa, pois n\u00e3o tem grande depend\u00eancia da inclina\u00e7\u00e3o do m\u00f3dulo. Na pr\u00e1tica, isso significa que o filme pode ser colocado na posi\u00e7\u00e3o vertical, por exemplo, sem que haja uma perda significativa de capta\u00e7\u00e3o energ\u00e9tica.<\/p>\n<p><strong>Payback<\/strong> &#8211; At\u00e9 o processo produtivo do OPV \u00e9 mais eficiente que o do m\u00f3dulo fotovoltaico, por demandar um consumo energ\u00e9tico menor e possibilitar o aumento da escala de produ\u00e7\u00e3o. &#8220;Dois anos \u00e9 o payback energ\u00e9tico da placa de sil\u00edcio, enquanto o do OPV \u00e9 de apenas dois meses&#8221;, aponta Vila\u00e7a. Ele explica que esse termo representa o tempo que um produto gasta gerando energia at\u00e9 &#8220;pagar&#8221; aquela que ele consumiu na sua pr\u00f3pria produ\u00e7\u00e3o. Al\u00e9m disso, prossegue o executivo, os pol\u00edmeros org\u00e2nicos utilizados s\u00e3o menos poluentes e menos agressivos que os materiais das placas.<\/p>\n<p>Como desvantagem, o OPV apresenta um pre\u00e7o mais alto do que a placa fotovoltaica. &#8220;\u00c9 uma tecnologia nova, mas seu custo vai diminuir radicalmente quando aumentar o volume de produ\u00e7\u00e3o&#8221;, ressaltou Vila\u00e7a, complementando que est\u00e1 negociando com fornecedores a redu\u00e7\u00e3o de pre\u00e7os dos insumos. Ele avalia que o pr\u00f3prio avan\u00e7o da tecnologia favorece a redu\u00e7\u00e3o do custo. &#8220;Hoje, o metro quadrado de OPV fica em torno de R$ 1 mil; mas temos perspectivas para 2017 ou 2018, de reduzir esse pre\u00e7o para um ter\u00e7o do atual&#8221;, prev\u00ea.<\/p>\n<p>Rodrigo Vila\u00e7a revelou ainda que, inicialmente, a Sunew vai vender toda a produ\u00e7\u00e3o, ainda num volume pequeno, para a Fiat e a Votorantim, parceiros estrat\u00e9gicos que a apoiaram no desenvolvimento da tecnologia. Ele estima que, at\u00e9 o fim do ano, deve-se atingir a marca de 350 mil m\u00b2 produzidos, obtendo um faturamento de R$ 10 milh\u00f5es.<\/p>\n<p><strong>Vale do Sil\u00edcio<\/strong> \u2013 O presidente da Sunew, Thiago Maranh\u00e3o, explica que tamb\u00e9m foi &#8220;incubada&#8221; pelo CSEM outra empresa que vai fabricar microssistemas cer\u00e2micos. Eles podem ser utilizados em circuitos eletr\u00f4nicos complexos, nas \u00e1reas aeroespacial, automotiva, de minera\u00e7\u00e3o, comunica\u00e7\u00f5es, defesa, combust\u00edveis e outros. &#8220;Quando falamos de semicondutor de \u00faltima gera\u00e7\u00e3o, temos aqui uma das primeiras e maiores f\u00e1bricas do mundo. Minas pode ser o pr\u00f3ximo Vale do Sil\u00edcio. Isso n\u00e3o \u00e9 sonho nem loucura&#8221;, aposta.<\/p>\n<p>Thiago Maranh\u00e3o explicou a estrat\u00e9gia por tr\u00e1s da escolha, pelo CSEM, de incubar as duas empresas, a de OPV e a de microssistemas cer\u00e2micos. &#8220;O que une as duas plataformas \u00e9 a estrat\u00e9gia que as gerou: buscamos algo que n\u00e3o existe no Brasil, com chance de competir globalmente, e, claro, tendo os recursos necess\u00e1rios para implementar com sucesso&#8221;, disse. Outro aspecto considerado foi a possibilidade de parcerias com os melhores centros de pesquisas, empresas e profissionais do mundo. \u201cHoje, trabalham aqui profissionais de dez nacionalidades\u201d, disse. E, por \u00faltimo, afirma Maranh\u00e3o, a preocupa\u00e7\u00e3o foi a de produzir algo relevante para setores estrat\u00e9gicos no Brasil, como agricultura, defesa, \u00e1gua e energia.<\/p>\n<p><strong>Belo Horizonte, capital da energia solar<\/strong><\/p>\n<p>Depois do \u201cboom\u201d na instala\u00e7\u00e3o de aquecedores solares, que utilizam placas para esquentar \u00e1gua, Belo Horizonte desponta agora na implementa\u00e7\u00e3o dos sistemas fotovoltaicos. Em 2015, a cidade foi eleita por um j\u00fari internacional como a Capital Brasileira da Hora do Planeta, justamente por se destacar nacionalmente no reaproveitamento da energia solar. Segundo o Comit\u00ea sobre Mudan\u00e7as Clim\u00e1ticas e Ecoefici\u00eancia de Belo Horizonte, a cidade tem 326 m\u00b2 de placas solares instaladas por mil habitantes; Minas tem 98,6 e, o Brasil, 27,4.<\/p>\n<p>Adepto desses dois sistemas de aproveitamento de energia solar \u2013 o t\u00e9rmico e o fotovoltaico -, o engenheiro Walter Fr\u00f3es instalou h\u00e1 dois anos em sua resid\u00eancia 36 placas fotovoltaicas de 250 watts cada uma, que geram 9 kW no pico. Ele afirma que pagou R$ 9 mil para cada kW instalado, gastando um total de R$ 81 mil. Fr\u00f3es se diz satisfeito com a economia na conta de luz, j\u00e1 que, atualmente, paga em torno de R$ 80 por cerca de 100 kW\/h consumidos por m\u00eas, sendo que, antes da instala\u00e7\u00e3o das placas e integra\u00e7\u00e3o ao sistema da Cemig, gastava entre R$ 800 e R$ 1 mil. \u201cComo instalei h\u00e1 cerca de dois anos, esperava um retorno do investimento em 12 anos. Mas o custo da energia subiu e hoje eu pagaria cerca de R$ 2 mil; ent\u00e3o, meu payback caiu para seis ou sete anos\u201d, detalha.<\/p>\n<p>Para instalar um sistema desse tipo, a pessoa deve procurar a Cemig, que avaliar\u00e1 a capacidade da rede e a necessidade de obras, entre outros aspectos. \u00c9 feito, ent\u00e3o, o c\u00e1lculo do seu consumo m\u00e9dio anual para dimensionar o tamanho da microusina, de modo a zerar a conta de luz. Depois instala-se o rel\u00f3gio dual, que mede a gera\u00e7\u00e3o de energia durante o dia e o consumo di\u00e1rio. Ao final do m\u00eas, como a energia produzida \u00e9 suficiente para todo o consumo, o cliente paga apenas a tarifa de conex\u00e3o, pela utiliza\u00e7\u00e3o da rede da Cemig, e ainda, a taxa de ilumina\u00e7\u00e3o p\u00fablica.<\/p>\n<p><strong>Mercado de energia<\/strong> &#8211; Propriet\u00e1rio da CMU Comercializadora de Energia, Walter Fr\u00f3es avalia a contribui\u00e7\u00e3o da fonte solar e de outras renov\u00e1veis para o incremento dos neg\u00f3cios no mercado de energia. Na sua opini\u00e3o, um grande apoio ao setor foi dado com a Resolu\u00e7\u00e3o Normativa (RN) 687, da Ag\u00eancia Nacional de Energia El\u00e9trica (Aneel), que aprimora a RN 482, de 2012. &#8220;Agora, vamos conseguir levar os benef\u00edcios para a baixa tens\u00e3o&#8221;, comemora.<\/p>\n<p>O empres\u00e1rio cita entre os benef\u00edcios dessas resolu\u00e7\u00f5es a compensa\u00e7\u00e3o dos cr\u00e9ditos com gera\u00e7\u00e3o energ\u00e9tica para abater o consumo do mesmo titular em outro im\u00f3vel, desde que na \u00e1rea da mesma concession\u00e1ria. Ele destacou que, com a possibilidade aberta de cria\u00e7\u00e3o de cons\u00f3rcios, uma rede supermercadista de Belo Horizonte pode, por exemplo, construir ou arrendar um parque gerador, de at\u00e9 5 Mw de pot\u00eancia, em Ja\u00edba (Norte de Minas), onde bate sol o ano inteiro, e utilizar na Capital a energia gerada. &#8220;A gera\u00e7\u00e3o distribu\u00edda \u00e9 o futuro para tudo&#8221;, arrisca.<\/p>\n<p><strong>Energia solar no Mineir\u00e3o e Atlas Solarim\u00e9trico revelam pioneirismo<\/strong><\/p>\n<p><img decoding=\"async\" src=\"http:\/\/aconteceunovale.com.br\/portal\/wp-content\/uploads\/2016\/05\/energia_solar_mg_2.jpg\" alt=\"\" \/><em>O Mineir\u00e3o \u00e9 o primeiro est\u00e1dio sede de jogos da Copa do Mundo a possuir usina fotovoltaica em funcionamento &#8211; Foto: Demetrio Aguiar \/ Divulga\u00e7\u00e3o ALMG<\/em><br \/>\n<\/br><\/p>\n<p>Muito antes da cria\u00e7\u00e3o da Sunew, em Belo Horizonte, e das obras da usina da Solatio, em Pirapora (Norte de Minas), Minas Gerais j\u00e1 dava mostras de seu pioneirismo no campo da energia solar. Em 17 de maio de 2014, era inaugurado oficialmente na Capital o sistema com m\u00f3dulos fotovoltaicos sobre a cobertura de concreto do Est\u00e1dio Magalh\u00e3es Pinto. Com isso, o novo Mineir\u00e3o se tornou o primeiro est\u00e1dio a sediar uma partida de Copa do Mundo com uma usina fotovoltaica em funcionamento.<\/p>\n<p>Durante a competi\u00e7\u00e3o, aquela arena entraria para a hist\u00f3ria, e n\u00e3o apenas por ser o palco da derrota do Brasil para a Alemanha por 7 a 1, em 8 de julho. Quase um m\u00eas antes, em 14 de junho, o Mineir\u00e3o sediou a partida entre Col\u00f4mbia e Gr\u00e9cia, j\u00e1 com a usina solar operando. A Usina Fotovoltaica (UFV) Mineir\u00e3o teve a obra executada pela Cemig e conta com 5.910 placas fotovoltaicas na pot\u00eancia de 240 Wp (watts pico) cada uma, as quais geram a pot\u00eancia instalada de 1,32 MWp (megawatts pico). \u00c9 a maior usina em cobertura do Brasil e uma das maiores instaladas em arenas esportivas do mundo, produzindo anualmente 1.800 MWh.<\/p>\n<p>Segundo Bruno Marciano Lopes, engenheiro de tecnologia e normaliza\u00e7\u00e3o da Cemig, a energia gerada ali \u00e9 suficiente para abastecer cerca de 900 resid\u00eancias. Toda a produ\u00e7\u00e3o \u00e9 injetada na rede de distribui\u00e7\u00e3o da concession\u00e1ria, em modelo similar \u00e0 maioria das usinas do Pa\u00eds. \u00c9 poss\u00edvel acompanhar pela internet, em tempo real, a produ\u00e7\u00e3o energ\u00e9tica da usina e outros dados como irradi\u00e2ncia solar, velocidade dos ventos, temperatura, entre outros.<\/p>\n<p><strong>Outros projetos<\/strong> &#8211; A Cemig participa de outros dois projetos de pesquisa envolvendo a constru\u00e7\u00e3o de usinas solares, uma em Belo Horizonte, de 500 kW, e outra em Ja\u00edba, de 3.000 kW. Eles se somam a dezenas de outros projetos de pesquisa que a Cemig realizou nessa \u00e1rea. Tamb\u00e9m a Efficientia, empresa do grupo Cemig, tem mais de 1 mil KW em sistemas fotovoltaicos em opera\u00e7\u00e3o ou em constru\u00e7\u00e3o. J\u00e1 a Renova Energia, empresa com participa\u00e7\u00e3o societ\u00e1ria da Cemig, construir\u00e1 cerca de 160 mil KW, por meio de seis empreendimentos vencedores de leil\u00f5es promovidos pelo Minist\u00e9rio de Minas e Energia.<\/p>\n<p><strong>Atlas Solarim\u00e9trico<\/strong> \u2013 Um instrumento fundamental para mapear a insola\u00e7\u00e3o nas diversas regi\u00f5es de Minas Gerais, o Atlas Solarim\u00e9trico, foi lan\u00e7ado pela Cemig em 2012. Com essa base de informa\u00e7\u00e3o georeferenciada, governo, institui\u00e7\u00f5es de pesquisa e empresas passaram a contar com dados t\u00e9cnicos relevantes para projetos de energia solar.<\/p>\n<p>Na avalia\u00e7\u00e3o do engenheiro Bruno Lopes, a viabilidade t\u00e9cnico-econ\u00f4mica e o melhor desempenho dessas tecnologias dependem de conhecimentos sobre radia\u00e7\u00e3o solar e outros dados. \u201cO conhecimento obtido reduz o desperd\u00edcio de esfor\u00e7os, pois s\u00e3o explicitados os locais mais promissores para investimentos\u201d, concluiu.<\/p>\n<p><img decoding=\"async\" src=\"http:\/\/www.almg.gov.br\/acompanhe\/noticias\/infograficos\/arquivos\/2016\/InfograficoEnergiaRenovavelV2.png\" alt=\"\" \/><em>(Infogr\u00e1fico extra\u00eddo do site www.brasil.gov.br\/meio-ambiente)<\/em><br \/>\n<\/br><\/p>\n<p><em>(Fonte: ALMG \/ Rep\u00f3rter: Carlos M\u00e1ximo)<\/em><\/p>\n","protected":false},"excerpt":{"rendered":"<p>Provavelmente, daqui a uns cem anos, uma crian\u00e7a na escola vai se perguntar por que a humanidade, num passado relativamente recente, escavou buracos, poluiu os oceanos, causando tantos danos ambientais, apenas para obter o petr\u00f3leo, mat\u00e9ria-prima dos combust\u00edveis f\u00f3sseis. Ela ter\u00e1 dificuldade para entender por que os homens, somente no s\u00e9culo XX, perceberam que o [&hellip;]<\/p>\n","protected":false},"author":1,"featured_media":85752,"comment_status":"open","ping_status":"closed","sticky":false,"template":"","format":"standard","meta":{"amp_status":"","footnotes":""},"categories":[123],"tags":[91869,91867,91868,91891,91886,194,91880,91889,91879,91873,347,91884,91866,91874,1018,48146,35736,43498,43501,67896,91885,91887,91890,91863,91864,91865,91870,91871,90708,91882,91883,91860,91862,91892,91861,91875,91876,254,91877,78179,67887,91872,91878,91893,91888,91881],"class_list":["post-85751","post","type-post","status-publish","format-standard","has-post-thumbnail","hentry","category-gerais","tag-adocao-da-energia-solar-em-minas-gerais","tag-adocao-da-energia-solar-fotovoltaica","tag-adocao-da-energia-solar-fotovoltaica-em-minas-gerais","tag-atlas-solarimetrico","tag-atlas-solarimetrico-revelam-pioneirismo","tag-belo-horizonte","tag-belo-horizonte-capital-da-energia-solar","tag-bruno-marciano-lopes","tag-capital-da-energia-solar","tag-capital-da-energia-solar-do-brasil","tag-cemig","tag-cmu-comercializadora-de-energia","tag-conselho-mundial-da-energia","tag-csem-brasil","tag-destaque","tag-efficientia","tag-energia-solar","tag-energia-solar-fotovoltaica","tag-energia-solar-fotovoltaica-em-minas-gerais","tag-energia-solar-minas-gerais","tag-energia-solar-no-mineirao","tag-energia-solar-no-mineirao-e-atlas-solarimetrico-revelam-pioneirismo","tag-engenheiro-de-tecnologia-e-normalizacao-da-cemig","tag-fonte-energetica-abundante","tag-fonte-energetica-limpa","tag-fonte-energetica-renovavel","tag-icms-relativo-a-aquisicao-de-energia-solar","tag-icms-relativo-a-aquisicao-de-energia-solar-em-minas-gerais","tag-lei-21-713","tag-mercado-de-energia","tag-mercado-de-energia-em-minas-gerais","tag-minas-gerais-busca-vanguarda-de-um-mundo-movido-a-energia-solar","tag-minas-gerais-energia-solar","tag-mineirao-e-o-primeiro-estadio-sede-de-jogos-da-copa-do-mundo-a-possuir-usina-fotovoltaica","tag-mundo-movido-a-energia-solar","tag-opv","tag-payback-energetico","tag-pirapora","tag-presidente-da-sunew","tag-solatio","tag-sunew","tag-tecnologia-de-aproveitamento","tag-thiago-maranhao","tag-usina-fotovoltaica-do-mineirao","tag-usina-solatio-pirapora","tag-walter-froes"],"_links":{"self":[{"href":"https:\/\/aconteceunovale.com.br\/portal\/index.php?rest_route=\/wp\/v2\/posts\/85751","targetHints":{"allow":["GET"]}}],"collection":[{"href":"https:\/\/aconteceunovale.com.br\/portal\/index.php?rest_route=\/wp\/v2\/posts"}],"about":[{"href":"https:\/\/aconteceunovale.com.br\/portal\/index.php?rest_route=\/wp\/v2\/types\/post"}],"author":[{"embeddable":true,"href":"https:\/\/aconteceunovale.com.br\/portal\/index.php?rest_route=\/wp\/v2\/users\/1"}],"replies":[{"embeddable":true,"href":"https:\/\/aconteceunovale.com.br\/portal\/index.php?rest_route=%2Fwp%2Fv2%2Fcomments&post=85751"}],"version-history":[{"count":0,"href":"https:\/\/aconteceunovale.com.br\/portal\/index.php?rest_route=\/wp\/v2\/posts\/85751\/revisions"}],"wp:featuredmedia":[{"embeddable":true,"href":"https:\/\/aconteceunovale.com.br\/portal\/index.php?rest_route=\/wp\/v2\/media\/85752"}],"wp:attachment":[{"href":"https:\/\/aconteceunovale.com.br\/portal\/index.php?rest_route=%2Fwp%2Fv2%2Fmedia&parent=85751"}],"wp:term":[{"taxonomy":"category","embeddable":true,"href":"https:\/\/aconteceunovale.com.br\/portal\/index.php?rest_route=%2Fwp%2Fv2%2Fcategories&post=85751"},{"taxonomy":"post_tag","embeddable":true,"href":"https:\/\/aconteceunovale.com.br\/portal\/index.php?rest_route=%2Fwp%2Fv2%2Ftags&post=85751"}],"curies":[{"name":"wp","href":"https:\/\/api.w.org\/{rel}","templated":true}]}}