{"id":85749,"date":"2016-05-03T15:03:26","date_gmt":"2016-05-03T18:03:26","guid":{"rendered":"http:\/\/aconteceunovale.com.br\/portal\/?p=85749"},"modified":"2016-05-03T15:03:26","modified_gmt":"2016-05-03T18:03:26","slug":"justica-manda-liberar-whatsapp-em-todo-o-brasil","status":"publish","type":"post","link":"https:\/\/aconteceunovale.com.br\/portal\/?p=85749","title":{"rendered":"Justi\u00e7a manda liberar WhatsApp em todo o Brasil"},"content":{"rendered":"<p>O desembargador do Tribunal de Justi\u00e7a de Sergipe, Ricardo M\u00facio Santana de Abreu Lima, deferiu hoje (3\/5) um pedido de reconsidera\u00e7\u00e3o do WhatsApp e determinou que o servi\u00e7o seja liberado em todo o pa\u00eds. A medida revoga decis\u00e3o do desembargador Cez\u00e1rio Siqueira Neto, que havia negado o recurso apresentado pelo Facebook, dono do Whatsapp, para liberar o aplicativo.<\/p>\n<p>A libera\u00e7\u00e3o do servi\u00e7o depende agora das operadoras de telefonia, que devem ser notificadas da decis\u00e3o. O WhatsApp est\u00e1 sem funcionar desde \u00e0s 14h de ontem, quando todas as prestadoras de servi\u00e7os de telefonia m\u00f3vel foram intimadas a cumprir determina\u00e7\u00e3o do juiz Marcel Montalv\u00e3o, da comarca de Lagarto (SE), a pedido da Pol\u00edcia Federal e do Minist\u00e9rio P\u00fablico. Inicialmente, a medida valeria por 72 horas, ou seja, at\u00e9 as 14h de quinta-feira (5).<\/p>\n<p><strong>Diretor do Whatsapp critica bloqueio<\/strong><\/p>\n<p>O bloqueio dos servi\u00e7os do Whatsapp foi criticado pelo diretor executivo Jan Koum, em sua conta no Facebook. \u201cMais uma vez milh\u00f5es de brasileiros inocentes est\u00e3o sendo punidos porque um tribunal quer que o Whatsapp entregue informa\u00e7\u00f5es que n\u00f3s repetidamente dissemos que n\u00e3o temos\u201d, disse.<\/p>\n<p>Ele explicou que o aplicativo faz a criptografia das mensagens para manter as informa\u00e7\u00f5es dos usu\u00e1rios seguras. \u201cQuando voc\u00ea manda uma mensagem criptografada, ningu\u00e9m mais pode ler &#8211; nem mesmo n\u00f3s\u201d, alegou Koun. Al\u00e9m disso, o Whatsapp n\u00e3o guarda os hist\u00f3ricos das conversas nos servidores, alegou.<\/p>\n<p>Jan Koum disse que a empresa est\u00e1 trabalhando para reativar o servi\u00e7o o mais r\u00e1pido poss\u00edvel, e ratificou que o Whatsapp n\u00e3o tem inten\u00e7\u00e3o de comprometer a seguran\u00e7a de bilh\u00f5es de usu\u00e1rios pelo mundo todo.<\/p>\n<p>Ele j\u00e1 havia criticado anteriormente a justi\u00e7a brasileira quando houve outro bloqueio do Whatsapp, em dezembro do ano passado. (Ag\u00eancia Brasil)<\/p>\n","protected":false},"excerpt":{"rendered":"<p>O desembargador do Tribunal de Justi\u00e7a de Sergipe, Ricardo M\u00facio Santana de Abreu Lima, deferiu hoje (3\/5) um pedido de reconsidera\u00e7\u00e3o do WhatsApp e determinou que o servi\u00e7o seja liberado em todo o pa\u00eds. A medida revoga decis\u00e3o do desembargador Cez\u00e1rio Siqueira Neto, que havia negado o recurso apresentado pelo Facebook, dono do Whatsapp, para [&hellip;]<\/p>\n","protected":false},"author":1,"featured_media":21852,"comment_status":"open","ping_status":"closed","sticky":false,"template":"","format":"standard","meta":{"amp_status":"","footnotes":""},"categories":[6],"tags":[69798,69793,35067,91610,69858,91854,91855,91593,69867,69864,69865,69866,91853,91851,1018,91858,91859,69797,74214,91603,91604,91601,91629,91856,69792,69796,69795,91600,91605,91606,69794,91598,91857,91599,91597,91595,91596,6529,91602,91852,69860,69861,69862,69863,91607,91608,91609,91594,69859,4625,69857,69856,91611],"class_list":["post-85749","post","type-post","status-publish","format-standard","has-post-thumbnail","hentry","category-br","tag-acabou-o-whatsapp-no-brasil","tag-bloqueio-do-whatsapp","tag-bloqueio-do-whatsapp-no-brasil","tag-bloqueio-do-zap","tag-burlar-bloqueio-do-whatsapp","tag-cezario-siqueira-neto","tag-comarca-de-lagarto","tag-como-usar-o-whatsapp-em-caso-de-bloqueio","tag-desbloquear-o-whatsapp","tag-desbloquear-o-whatsapp-no-3g","tag-desbloquear-o-whatsapp-no-4g","tag-desbloquear-o-whatsapp-no-wi-fi","tag-desembargador-cezario-siqueira-neto","tag-desembargador-do-tribunal-de-justica-de-sergipe","tag-destaque","tag-diretor-do-whatsapp-critica-bloqueio","tag-diretor-do-whatsapp-critica-bloqueio-no-brasil","tag-fim-do-whatsapp-no-brasil","tag-jan-koum","tag-juiz-de-lagarto-manda-bloquear-o-whatsapp","tag-juiz-manda-bloquear-o-whatsapp","tag-juiz-marcel-montalvao","tag-juiz-ordena-bloqueio-do-whatsapp-por-72-horas","tag-justica-de-sergipe","tag-justica-determina-bloqueio-do-whatsapp-em-todo-o-brasil-por-48-horas","tag-justica-manda-bloquear-acesso-ao-whatsapp","tag-justica-manda-bloquear-acesso-ao-whatsapp-em-todo-o-brasil-por-48-horas","tag-justica-manda-bloquear-o-whatsapp","tag-justica-manda-bloquear-o-whatsapp-no-brasil","tag-justica-manda-bloquear-o-whatsapp-por-72-horas","tag-justica-manda-bloquear-whatsapp-em-todo-o-brasil","tag-justica-manda-bloquearem-o-whatsapp","tag-justica-manda-liberar-whatsapp-em-todo-o-brasil","tag-justica-manda-operadoras-bloquear-o-whatsapp","tag-justica-manda-operadoras-bloquearem-o-whatsapp","tag-justica-mandou-as-operadoras-de-telefonia-fixa-e-movel-bloquearem-o-servico-de-mensagens-instantaneas-whatsapp","tag-justica-mandou-as-operadoras-de-telefonia-fixa-e-movel-bloquearem-o-whatsapp","tag-lagarto","tag-marcel-montalvao","tag-ricardo-mucio-santana-de-abreu-lima","tag-saiba-como-desbloquear-o-whatsapp","tag-saiba-como-desbloquear-o-whatsapp-no-3g","tag-saiba-como-desbloquear-o-whatsapp-no-4g","tag-saiba-como-desbloquear-o-whatsapp-no-wi-fi","tag-saiba-como-usar-o-app-mesmo-com-o-bloqueio","tag-saiba-como-usar-o-whatsapp-mesmo-com-o-bloqueio","tag-saiba-como-usar-o-zap-mesmo-com-o-bloqueio","tag-usar-o-whatsapp-bloqueado","tag-usar-whatsapp-com-vpn","tag-whatsapp","tag-whatsapp-bloqueado-no-brasil","tag-whatsapp-foi-bloqueado-no-brasil","tag-zap-bloqueado"],"_links":{"self":[{"href":"https:\/\/aconteceunovale.com.br\/portal\/index.php?rest_route=\/wp\/v2\/posts\/85749","targetHints":{"allow":["GET"]}}],"collection":[{"href":"https:\/\/aconteceunovale.com.br\/portal\/index.php?rest_route=\/wp\/v2\/posts"}],"about":[{"href":"https:\/\/aconteceunovale.com.br\/portal\/index.php?rest_route=\/wp\/v2\/types\/post"}],"author":[{"embeddable":true,"href":"https:\/\/aconteceunovale.com.br\/portal\/index.php?rest_route=\/wp\/v2\/users\/1"}],"replies":[{"embeddable":true,"href":"https:\/\/aconteceunovale.com.br\/portal\/index.php?rest_route=%2Fwp%2Fv2%2Fcomments&post=85749"}],"version-history":[{"count":0,"href":"https:\/\/aconteceunovale.com.br\/portal\/index.php?rest_route=\/wp\/v2\/posts\/85749\/revisions"}],"wp:featuredmedia":[{"embeddable":true,"href":"https:\/\/aconteceunovale.com.br\/portal\/index.php?rest_route=\/wp\/v2\/media\/21852"}],"wp:attachment":[{"href":"https:\/\/aconteceunovale.com.br\/portal\/index.php?rest_route=%2Fwp%2Fv2%2Fmedia&parent=85749"}],"wp:term":[{"taxonomy":"category","embeddable":true,"href":"https:\/\/aconteceunovale.com.br\/portal\/index.php?rest_route=%2Fwp%2Fv2%2Fcategories&post=85749"},{"taxonomy":"post_tag","embeddable":true,"href":"https:\/\/aconteceunovale.com.br\/portal\/index.php?rest_route=%2Fwp%2Fv2%2Ftags&post=85749"}],"curies":[{"name":"wp","href":"https:\/\/api.w.org\/{rel}","templated":true}]}}