{"id":85633,"date":"2016-05-01T22:30:18","date_gmt":"2016-05-02T01:30:18","guid":{"rendered":"http:\/\/aconteceunovale.com.br\/portal\/?p=85633"},"modified":"2016-05-01T22:30:18","modified_gmt":"2016-05-02T01:30:18","slug":"reajuste-do-bolsa-familia-e-vinganca-contra-novo-governo-afirma-paulinho-da-forca","status":"publish","type":"post","link":"https:\/\/aconteceunovale.com.br\/portal\/?p=85633","title":{"rendered":"Reajuste do Bolsa Fam\u00edlia \u00e9 &#8220;vingan\u00e7a contra novo governo&#8221;, afirma Paulinho da For\u00e7a"},"content":{"rendered":"<p>A For\u00e7a Sindical promoveu ato, neste domingo (1\u00ba de maio), na Pra\u00e7a Campo de Bagatelle, na zona norte da capital paulista, para marcar o Dia do Trabalho. Com o tema Gerar emprego e garantir direitos, lideran\u00e7as da central sindical fazem cr\u00edticas ao governo de Dilma Rousseff.<\/p>\n<p>O presidente da entidade e deputado federal Paulinho da For\u00e7a (SP) discursou no palco montado no local e disse que, al\u00e9m de uma crise econ\u00f4mica, o pa\u00eds passa por uma crise pol\u00edtica. Paulinho da For\u00e7a tamb\u00e9m criticou a decis\u00e3o de Dilma Rousseff de anunciar reajuste no benef\u00edcio do programa Bolsa Fam\u00edlia e corre\u00e7\u00e3o na tabela do Imposto de Renda Pessoa F\u00edsica em ato da Central \u00danica dos Trabalhadores (CUT) no Vale do Anhangaba\u00fa, em S\u00e3o Paulo.<\/p>\n<p>\u201cEsse aumento deveria ter sido feito antes, agora parece um pouco de vingan\u00e7a com o novo governo. Como ela est\u00e1 de sa\u00edda, nos parece que ela est\u00e1 fazendo uma vingan\u00e7a e uma tentativa de sabotar o pr\u00f3ximo governo [de Michel Temer] portanto \u00e9 uma coisa que n\u00e3o podemos aceitar\u201d, disse o presidente sindical. \u201cEmbora a gente queira a corre\u00e7\u00e3o da tabela do Imposto de Renda, \u00e9 bom lembrar que o Imposto de Renda, eles est\u00e3o nos devendo 72% e n\u00e3o 5%\u201d, disse Paulinho.<\/p>\n<p><strong>PSDB<\/strong><\/p>\n<p>O deputado federal Antonio Imbassahy (PSDB-BA), que participou do ato da For\u00e7a Sindical, disse que os reajustes s\u00e3o justos e merecidos, mas acrescentou que \u201co sentimento que passa \u00e9 de que realmente ela deseja atrapalhar mais uma vez\u201d. Ele, que se referiu ao vice-presidente Michel Temer como \u201cpresidente\u201d, disse que n\u00e3o conhece ainda as propostas do vice, caso ele assuma a Presid\u00eancia da Rep\u00fablica.<\/p>\n<p>\u201cAcho que ele vai lan\u00e7ar [as propostas] na hora oportuna, ali\u00e1s, quanto a isso, o presidente Temer tem sido muito cauteloso. Tem que ser, porque o Senado ainda n\u00e3o fez o afastamento definitivo, mas, assim que for feito, vai anunciar a equipe e tamb\u00e9m as propostas que certamente v\u00e3o atender a popula\u00e7\u00e3o\u201d, disse o deputado<\/p>\n<p>Segundo Imbassahy, o PSDB vai decidir ainda se aceitar\u00e1 cargos em um poss\u00edvel governo de Temer. Na pr\u00f3xima ter\u00e7a-feira (3), o partido realiza uma reuni\u00e3o da Executiva nacional em Bras\u00edlia.<\/p>\n<p>Questionado sobre medidas que podem ser adotadas por Temer e que podem significar preju\u00edzo aos trabalhadores, Imbassahy disse que isso \u00e9 preocupante e que tudo que for \u201cinerente a direito do trabalhador tem que ser preservado. Por\u00e9m, acrescentou que \u201co pa\u00eds tem que fazer reformas, tem que avan\u00e7ar, n\u00e3o h\u00e1 d\u00favida nenhuma\u201d.<\/p>\n<p>Ap\u00f3s o ato pol\u00edtico, foram realizados shows com artistas populares.<\/p>\n<h3><strong>A\u00e9cio e Marina criticam desemprego no governo Dilma<\/strong><\/h3>\n<p>Os dois principais concorrentes da presidenta Dilma Rousseff no primeiro turno das elei\u00e7\u00f5es presidenciais de 2014, Marina Silva e A\u00e9cio Neves usaram as redes sociais hoje (1\u00b0 de maio) para criticar o aumento do desemprego no pa\u00eds.<\/p>\n<p>A\u00e9cio, senador e presidente nacional do PSDB, disse se solidarizar com os brasileiros desempregados. \u201cMinha homenagem aos trabalhadores brasileiros. Lembrando que mais de 10 milh\u00f5es perderam seus empregos em raz\u00e3o de uma pol\u00edtica econ\u00f4mica que levou o pa\u00eds ao fundo do po\u00e7o. \u00c9 com esperan\u00e7a e reconhecimento que me solidarizo com cada um deles\u201d, afirmou.<\/p>\n<p>Marina, porta-voz nacional da Rede Sustentabilidade, partido fundado por ela, compartilhou imagem lembrando que dados do Instituto Brasileiro de Geografia e Estat\u00edstica (IBGE) mostram 11 milh\u00f5es de desempregados no pa\u00eds em mar\u00e7o. Ela classificou este 1\u00b0 de maio como \u201co pior Dia do Trabalhador deste s\u00e9culo\u201d.<\/p>\n<p><em>(Fonte: Ag\u00eancia Brasil)<\/em><\/p>\n","protected":false},"excerpt":{"rendered":"<p>A For\u00e7a Sindical promoveu ato, neste domingo (1\u00ba de maio), na Pra\u00e7a Campo de Bagatelle, na zona norte da capital paulista, para marcar o Dia do Trabalho. Com o tema Gerar emprego e garantir direitos, lideran\u00e7as da central sindical fazem cr\u00edticas ao governo de Dilma Rousseff. O presidente da entidade e deputado federal Paulinho da [&hellip;]<\/p>\n","protected":false},"author":1,"featured_media":85634,"comment_status":"open","ping_status":"closed","sticky":false,"template":"","format":"standard","meta":{"amp_status":"","footnotes":""},"categories":[6,40240],"tags":[14599,91507,91501,91483,91481,91482,91486,91484,259,83578,91485,23674,91504,83579,19010,91401,2162,91502,91503,37792,1468,91508,91500,35414,37100,29899,91480,91478,91505,91479,91506],"class_list":["post-85633","post","type-post","status-publish","format-standard","has-post-thumbnail","hentry","category-br","category-politica-2","tag-aecio","tag-aecio-e-marina-criticam-desemprego-no-governo-dilma","tag-antonio-imbassahy","tag-aumento-bolsa-familia","tag-aumento-de-9-no-bolsa-familia","tag-aumento-no-bolsa-familia","tag-beneficio-medio-do-bolsa-familia-sobe-para-r-176","tag-beneficio-medio-do-bolsa-familia-sobre-para-r-176","tag-bolsa-familia","tag-central-unica-dos-trabalhadores","tag-com-reajuste-de-9","tag-criticas","tag-criticas-ao-governo-de-dilma-rousseff","tag-cut","tag-desemprego","tag-dia-do-trabalho","tag-dilma-rousseff","tag-forca-sindical","tag-gerar-emprego-e-garantir-direitos","tag-impeachment","tag-imposto-de-renda","tag-marina","tag-paulinho-da-forca","tag-presidenta-dilma-rousseff","tag-programas-sociais","tag-reajuste","tag-reajuste-bolsa-familia","tag-reajuste-de-9-no-bolsa-familia","tag-reajuste-do-bolsa-familia-e-vinganca-contra-novo-governo","tag-reajuste-no-bolsa-familia","tag-vinganca-contra-novo-governo"],"_links":{"self":[{"href":"https:\/\/aconteceunovale.com.br\/portal\/index.php?rest_route=\/wp\/v2\/posts\/85633","targetHints":{"allow":["GET"]}}],"collection":[{"href":"https:\/\/aconteceunovale.com.br\/portal\/index.php?rest_route=\/wp\/v2\/posts"}],"about":[{"href":"https:\/\/aconteceunovale.com.br\/portal\/index.php?rest_route=\/wp\/v2\/types\/post"}],"author":[{"embeddable":true,"href":"https:\/\/aconteceunovale.com.br\/portal\/index.php?rest_route=\/wp\/v2\/users\/1"}],"replies":[{"embeddable":true,"href":"https:\/\/aconteceunovale.com.br\/portal\/index.php?rest_route=%2Fwp%2Fv2%2Fcomments&post=85633"}],"version-history":[{"count":0,"href":"https:\/\/aconteceunovale.com.br\/portal\/index.php?rest_route=\/wp\/v2\/posts\/85633\/revisions"}],"wp:featuredmedia":[{"embeddable":true,"href":"https:\/\/aconteceunovale.com.br\/portal\/index.php?rest_route=\/wp\/v2\/media\/85634"}],"wp:attachment":[{"href":"https:\/\/aconteceunovale.com.br\/portal\/index.php?rest_route=%2Fwp%2Fv2%2Fmedia&parent=85633"}],"wp:term":[{"taxonomy":"category","embeddable":true,"href":"https:\/\/aconteceunovale.com.br\/portal\/index.php?rest_route=%2Fwp%2Fv2%2Fcategories&post=85633"},{"taxonomy":"post_tag","embeddable":true,"href":"https:\/\/aconteceunovale.com.br\/portal\/index.php?rest_route=%2Fwp%2Fv2%2Ftags&post=85633"}],"curies":[{"name":"wp","href":"https:\/\/api.w.org\/{rel}","templated":true}]}}