{"id":85540,"date":"2016-04-29T22:57:40","date_gmt":"2016-04-30T01:57:40","guid":{"rendered":"http:\/\/aconteceunovale.com.br\/portal\/?p=85540"},"modified":"2016-04-29T23:25:50","modified_gmt":"2016-04-30T02:25:50","slug":"policia-prende-homem-que-fornecia-materiais-para-estelionatarios-de-governador-valadares","status":"publish","type":"post","link":"https:\/\/aconteceunovale.com.br\/portal\/?p=85540","title":{"rendered":"Pol\u00edcia prende homem que fornecia materiais para estelionat\u00e1rios de Governador Valadares"},"content":{"rendered":"<p>A Pol\u00edcia Civil apresentou na manh\u00e3 desta sexta-feira, 29 de abril, em Governador Valadares, um estelionat\u00e1rio de 26 anos, que foi preso na \u00faltima quarta-feira, em Lagoa Santa, regi\u00e3o metropolitana de Belo Horizonte. Foram apreendidos com M.J.R.F, v\u00e1rios celulares, tr\u00eas notebooks, dois rel\u00f3gios, dois \u00f3culos, joias, pen drives, tal\u00f5es de cheque e cart\u00f5es de cr\u00e9dito.<\/p>\n<p>De acordo com a delegada Juliana Fi\u00faza, o criminoso interceptava funcion\u00e1rios de uma empresa de transportes de tal\u00f5es de cheque de Governador Valadares. \u201cQuando esses entregadores sa\u00edam pra fazer a entrega dos cheques nas casas dos clientes, ele fazia a intercepta\u00e7\u00e3o e comprava essa mercadoria; mais de 40 tal\u00f5es de cheques e cart\u00f5es de cr\u00e9dito\u201d.<\/p>\n<p>Toda a mercadoria era distribu\u00edda para estelionat\u00e1rios da cidade, entre eles, a dupla que foi presa no shopping do munic\u00edpio, em janeiro deste ano. A pol\u00edcia j\u00e1 tem o conhecimento de sete v\u00edtimas, que tiveram a suas assinaturas falsificadas. O criminoso morava na cidade, mas ap\u00f3s a pris\u00e3o de um casal de estelionat\u00e1rios, se mudou para Lagoa Santa (MG). Uma equipe de investigadores da PC foi at\u00e9 Belo Horizonte, onde cumpriram um mandado de pris\u00e3o preventiva e outro de busca e apreens\u00e3o na casa dele.<\/p>\n<p>O homem foi encaminhado \u00e0 delegacia de Governador Valadares e em seguida foi preso, levado ao pres\u00eddio da cidade. A PC n\u00e3o informou se ele tinha outras passagens criminais. Os entregadores da transportadora, que foram interceptados pelo estelionat\u00e1rio, ser\u00e3o ouvidos pela pol\u00edcia.<\/p>\n<p><img decoding=\"async\" src=\"http:\/\/aconteceunovale.com.br\/portal\/wp-content\/uploads\/2016\/04\/preso_gv.jpg\" alt=\"\" \/><em>Material apreendido pela Pol\u00edcia Civil em Lagoa Santa (Foto: S\u00e1vio Scarabelli\/G1)<\/em><br \/>\n<\/br><\/p>\n<p><em>(Fonte: G1 dos Vales)<\/em><\/p>\n","protected":false},"excerpt":{"rendered":"<p>A Pol\u00edcia Civil apresentou na manh\u00e3 desta sexta-feira, 29 de abril, em Governador Valadares, um estelionat\u00e1rio de 26 anos, que foi preso na \u00faltima quarta-feira, em Lagoa Santa, regi\u00e3o metropolitana de Belo Horizonte. Foram apreendidos com M.J.R.F, v\u00e1rios celulares, tr\u00eas notebooks, dois rel\u00f3gios, dois \u00f3culos, joias, pen drives, tal\u00f5es de cheque e cart\u00f5es de cr\u00e9dito. [&hellip;]<\/p>\n","protected":false},"author":1,"featured_media":85541,"comment_status":"open","ping_status":"closed","sticky":false,"template":"","format":"standard","meta":{"amp_status":"","footnotes":""},"categories":[121],"tags":[194,91241,82207,81698,81606,1018,91240,247,81614,81615,91243,81609,81612,81605,81613,91242,48037,46659,81607,81610,81611,81608,11673],"class_list":["post-85540","post","type-post","status-publish","format-standard","has-post-thumbnail","hentry","category-leste","tag-belo-horizonte","tag-casal-ostentacao-de-governador-valadares","tag-casal-ostentacao-de-governador-valadares-ganha-liberdade","tag-casal-ostentacao-e-preso-por-estelionato-e-falsificacao-em-governador-valadares","tag-casal-preso-na-operacao-jactancia","tag-destaque","tag-estelionatarios-governador-valadares","tag-governador-valadares","tag-iuri-gomes-dias","tag-kissyla-luisa-costa-barcelos","tag-marcos-junior-rodrigues-ferreira","tag-operacao-da-pc-em-governador-valadares","tag-operacao-da-policia-civil-em-governador-valadares","tag-operacao-jactancia","tag-operacao-jactancia-prende-casal-suspeito-de-estelionato-em-governador-valadares","tag-policia-prende-homem-que-fornecia-materiais-para-estelionatarios-de-governador-valadares","tag-preso-em-governador-valadares","tag-presos-em-governador-valadares","tag-presos-na-operacao-jactancia","tag-presos-pela-pc-em-governador-valadares","tag-presos-pela-policia-civil-em-governador-valadares","tag-resultado-da-operacao-jactancia","tag-santa-luiza"],"yoast_head":"<!-- This site is optimized with the Yoast SEO plugin v28.3 - https:\/\/yoast.com\/product\/yoast-seo-wordpress\/ -->\n<title>Pol\u00edcia prende homem que fornecia materiais para estelionat\u00e1rios de Governador Valadares - Aconteceu no Vale<\/title>\n<meta name=\"robots\" content=\"index, follow, max-snippet:-1, max-image-preview:large, max-video-preview:-1\" \/>\n<link rel=\"canonical\" href=\"https:\/\/aconteceunovale.com.br\/portal\/?p=85540\" \/>\n<meta property=\"og:locale\" content=\"pt_BR\" \/>\n<meta property=\"og:type\" content=\"article\" \/>\n<meta property=\"og:title\" content=\"Pol\u00edcia prende homem que fornecia materiais para estelionat\u00e1rios de Governador Valadares - Aconteceu no Vale\" \/>\n<meta property=\"og:description\" content=\"A Pol\u00edcia Civil apresentou na manh\u00e3 desta sexta-feira, 29 de abril, em Governador Valadares, um estelionat\u00e1rio de 26 anos, que foi preso na \u00faltima quarta-feira, em Lagoa Santa, regi\u00e3o metropolitana de Belo Horizonte. Foram apreendidos com M.J.R.F, v\u00e1rios celulares, tr\u00eas notebooks, dois rel\u00f3gios, dois \u00f3culos, joias, pen drives, tal\u00f5es de cheque e cart\u00f5es de cr\u00e9dito. [&hellip;]\" \/>\n<meta property=\"og:url\" content=\"https:\/\/aconteceunovale.com.br\/portal\/?p=85540\" \/>\n<meta property=\"og:site_name\" content=\"Aconteceu no Vale\" \/>\n<meta property=\"article:publisher\" content=\"https:\/\/www.facebook.com\/aconteceunovale\/\" \/>\n<meta property=\"article:published_time\" content=\"2016-04-30T01:57:40+00:00\" \/>\n<meta property=\"article:modified_time\" content=\"2016-04-30T02:25:50+00:00\" \/>\n<meta property=\"og:image\" content=\"https:\/\/aconteceunovale.com.br\/portal\/wp-content\/uploads\/2016\/04\/preso_gv.jpg\" \/>\n\t<meta property=\"og:image:width\" content=\"600\" \/>\n\t<meta property=\"og:image:height\" content=\"450\" \/>\n\t<meta property=\"og:image:type\" content=\"image\/jpeg\" \/>\n<meta name=\"author\" content=\"Aconteceu no Vale\" \/>\n<meta name=\"twitter:card\" content=\"summary_large_image\" \/>\n<meta name=\"twitter:creator\" content=\"@noticiadosvales\" \/>\n<meta name=\"twitter:site\" content=\"@noticiadosvales\" \/>\n<meta name=\"twitter:label1\" content=\"Escrito por\" \/>\n\t<meta name=\"twitter:data1\" content=\"Aconteceu no Vale\" \/>\n\t<meta name=\"twitter:label2\" content=\"Est. tempo de leitura\" \/>\n\t<meta name=\"twitter:data2\" content=\"1 minuto\" \/>\n<script type=\"application\/ld+json\" class=\"yoast-schema-graph\">{\"@context\":\"https:\\\/\\\/schema.org\",\"@graph\":[{\"@type\":\"Article\",\"@id\":\"https:\\\/\\\/aconteceunovale.com.br\\\/portal\\\/?p=85540#article\",\"isPartOf\":{\"@id\":\"https:\\\/\\\/aconteceunovale.com.br\\\/portal\\\/?p=85540\"},\"author\":{\"name\":\"Aconteceu no Vale\",\"@id\":\"https:\\\/\\\/aconteceunovale.com.br\\\/portal\\\/#\\\/schema\\\/person\\\/633529146f2c94272bef50ac2953d589\"},\"headline\":\"Pol\u00edcia prende homem que fornecia materiais para estelionat\u00e1rios de Governador Valadares\",\"datePublished\":\"2016-04-30T01:57:40+00:00\",\"dateModified\":\"2016-04-30T02:25:50+00:00\",\"mainEntityOfPage\":{\"@id\":\"https:\\\/\\\/aconteceunovale.com.br\\\/portal\\\/?p=85540\"},\"wordCount\":299,\"commentCount\":0,\"image\":{\"@id\":\"https:\\\/\\\/aconteceunovale.com.br\\\/portal\\\/?p=85540#primaryimage\"},\"thumbnailUrl\":\"https:\\\/\\\/aconteceunovale.com.br\\\/portal\\\/wp-content\\\/uploads\\\/2016\\\/04\\\/preso_gv.jpg\",\"keywords\":[\"Belo Horizonte\",\"Casal Ostenta\u00e7\u00e3o de Governador Valadares\",\"Casal ostenta\u00e7\u00e3o de Governador Valadares ganha liberdade\",\"Casal ostenta\u00e7\u00e3o \u00e9 preso por estelionato e falsifica\u00e7\u00e3o em Governador Valadares\",\"Casal preso na Opera\u00e7\u00e3o Jact\u00e2ncia\",\"destaque\",\"Estelionat\u00e1rios Governador Valadares\",\"Governador Valadares\",\"IURI GOMES DIAS\",\"KISSYLA LUISA COSTA BARCELOS\",\"Marcos J\u00fanior Rodrigues Ferreira\",\"Opera\u00e7\u00e3o da PC em Governador Valadares\",\"Opera\u00e7\u00e3o da Pol\u00edcia Civil em Governador Valadares\",\"Opera\u00e7\u00e3o Jact\u00e2ncia\",\"Opera\u00e7\u00e3o Jact\u00e2ncia prende casal suspeito de estelionato em Governador Valadares\",\"Pol\u00edcia prende homem que fornecia materiais para estelionat\u00e1rios de Governador Valadares\",\"preso em Governador Valadares\",\"presos em Governador Valadares\",\"Presos na Opera\u00e7\u00e3o Jact\u00e2ncia\",\"Presos pela PC em Governador Valadares\",\"Presos pela Pol\u00edcia Civil em Governador Valadares\",\"Resultado da Opera\u00e7\u00e3o Jact\u00e2ncia\",\"Santa Luiza\"],\"articleSection\":[\"Leste de Minas\"],\"inLanguage\":\"pt-BR\",\"potentialAction\":[{\"@type\":\"CommentAction\",\"name\":\"Comment\",\"target\":[\"https:\\\/\\\/aconteceunovale.com.br\\\/portal\\\/?p=85540#respond\"]}]},{\"@type\":\"WebPage\",\"@id\":\"https:\\\/\\\/aconteceunovale.com.br\\\/portal\\\/?p=85540\",\"url\":\"https:\\\/\\\/aconteceunovale.com.br\\\/portal\\\/?p=85540\",\"name\":\"Pol\u00edcia prende homem que fornecia materiais para estelionat\u00e1rios de Governador Valadares - Aconteceu no Vale\",\"isPartOf\":{\"@id\":\"https:\\\/\\\/aconteceunovale.com.br\\\/portal\\\/#website\"},\"primaryImageOfPage\":{\"@id\":\"https:\\\/\\\/aconteceunovale.com.br\\\/portal\\\/?p=85540#primaryimage\"},\"image\":{\"@id\":\"https:\\\/\\\/aconteceunovale.com.br\\\/portal\\\/?p=85540#primaryimage\"},\"thumbnailUrl\":\"https:\\\/\\\/aconteceunovale.com.br\\\/portal\\\/wp-content\\\/uploads\\\/2016\\\/04\\\/preso_gv.jpg\",\"datePublished\":\"2016-04-30T01:57:40+00:00\",\"dateModified\":\"2016-04-30T02:25:50+00:00\",\"author\":{\"@id\":\"https:\\\/\\\/aconteceunovale.com.br\\\/portal\\\/#\\\/schema\\\/person\\\/633529146f2c94272bef50ac2953d589\"},\"breadcrumb\":{\"@id\":\"https:\\\/\\\/aconteceunovale.com.br\\\/portal\\\/?p=85540#breadcrumb\"},\"inLanguage\":\"pt-BR\",\"potentialAction\":[{\"@type\":\"ReadAction\",\"target\":[\"https:\\\/\\\/aconteceunovale.com.br\\\/portal\\\/?p=85540\"]}]},{\"@type\":\"ImageObject\",\"inLanguage\":\"pt-BR\",\"@id\":\"https:\\\/\\\/aconteceunovale.com.br\\\/portal\\\/?p=85540#primaryimage\",\"url\":\"https:\\\/\\\/aconteceunovale.com.br\\\/portal\\\/wp-content\\\/uploads\\\/2016\\\/04\\\/preso_gv.jpg\",\"contentUrl\":\"https:\\\/\\\/aconteceunovale.com.br\\\/portal\\\/wp-content\\\/uploads\\\/2016\\\/04\\\/preso_gv.jpg\",\"width\":600,\"height\":450},{\"@type\":\"BreadcrumbList\",\"@id\":\"https:\\\/\\\/aconteceunovale.com.br\\\/portal\\\/?p=85540#breadcrumb\",\"itemListElement\":[{\"@type\":\"ListItem\",\"position\":1,\"name\":\"In\u00edcio\",\"item\":\"https:\\\/\\\/aconteceunovale.com.br\\\/portal\\\/\"},{\"@type\":\"ListItem\",\"position\":2,\"name\":\"Pol\u00edcia prende homem que fornecia materiais para estelionat\u00e1rios de Governador Valadares\"}]},{\"@type\":\"WebSite\",\"@id\":\"https:\\\/\\\/aconteceunovale.com.br\\\/portal\\\/#website\",\"url\":\"https:\\\/\\\/aconteceunovale.com.br\\\/portal\\\/\",\"name\":\"Aconteceu no Vale\",\"description\":\"Portal de Not\u00edcias\",\"potentialAction\":[{\"@type\":\"SearchAction\",\"target\":{\"@type\":\"EntryPoint\",\"urlTemplate\":\"https:\\\/\\\/aconteceunovale.com.br\\\/portal\\\/?s={search_term_string}\"},\"query-input\":{\"@type\":\"PropertyValueSpecification\",\"valueRequired\":true,\"valueName\":\"search_term_string\"}}],\"inLanguage\":\"pt-BR\"},{\"@type\":\"Person\",\"@id\":\"https:\\\/\\\/aconteceunovale.com.br\\\/portal\\\/#\\\/schema\\\/person\\\/633529146f2c94272bef50ac2953d589\",\"name\":\"Aconteceu no Vale\",\"description\":\"Equipe de reportagem do Aconteceu no Vale, portal de not\u00edcias do Vale do Jequitinhonha, em Minas Gerais. Cobrimos as 51 cidades do Vale desde 2013. Sugest\u00f5es de pauta e pedidos de corre\u00e7\u00e3o: contato@aconteceunovale.com.br\",\"sameAs\":[\"http:\\\/\\\/www.aconteceunovale.com.br\"],\"url\":\"https:\\\/\\\/aconteceunovale.com.br\\\/portal\\\/?author=1\"}]}<\/script>\n<!-- \/ Yoast SEO plugin. -->","yoast_head_json":{"title":"Pol\u00edcia prende homem que fornecia materiais para estelionat\u00e1rios de Governador Valadares - Aconteceu no Vale","robots":{"index":"index","follow":"follow","max-snippet":"max-snippet:-1","max-image-preview":"max-image-preview:large","max-video-preview":"max-video-preview:-1"},"canonical":"https:\/\/aconteceunovale.com.br\/portal\/?p=85540","og_locale":"pt_BR","og_type":"article","og_title":"Pol\u00edcia prende homem que fornecia materiais para estelionat\u00e1rios de Governador Valadares - Aconteceu no Vale","og_description":"A Pol\u00edcia Civil apresentou na manh\u00e3 desta sexta-feira, 29 de abril, em Governador Valadares, um estelionat\u00e1rio de 26 anos, que foi preso na \u00faltima quarta-feira, em Lagoa Santa, regi\u00e3o metropolitana de Belo Horizonte. Foram apreendidos com M.J.R.F, v\u00e1rios celulares, tr\u00eas notebooks, dois rel\u00f3gios, dois \u00f3culos, joias, pen drives, tal\u00f5es de cheque e cart\u00f5es de cr\u00e9dito. [&hellip;]","og_url":"https:\/\/aconteceunovale.com.br\/portal\/?p=85540","og_site_name":"Aconteceu no Vale","article_publisher":"https:\/\/www.facebook.com\/aconteceunovale\/","article_published_time":"2016-04-30T01:57:40+00:00","article_modified_time":"2016-04-30T02:25:50+00:00","og_image":[{"width":600,"height":450,"url":"https:\/\/aconteceunovale.com.br\/portal\/wp-content\/uploads\/2016\/04\/preso_gv.jpg","type":"image\/jpeg"}],"author":"Aconteceu no Vale","twitter_card":"summary_large_image","twitter_creator":"@noticiadosvales","twitter_site":"@noticiadosvales","twitter_misc":{"Escrito por":"Aconteceu no Vale","Est. tempo de leitura":"1 minuto"},"schema":{"@context":"https:\/\/schema.org","@graph":[{"@type":"Article","@id":"https:\/\/aconteceunovale.com.br\/portal\/?p=85540#article","isPartOf":{"@id":"https:\/\/aconteceunovale.com.br\/portal\/?p=85540"},"author":{"name":"Aconteceu no Vale","@id":"https:\/\/aconteceunovale.com.br\/portal\/#\/schema\/person\/633529146f2c94272bef50ac2953d589"},"headline":"Pol\u00edcia prende homem que fornecia materiais para estelionat\u00e1rios de Governador Valadares","datePublished":"2016-04-30T01:57:40+00:00","dateModified":"2016-04-30T02:25:50+00:00","mainEntityOfPage":{"@id":"https:\/\/aconteceunovale.com.br\/portal\/?p=85540"},"wordCount":299,"commentCount":0,"image":{"@id":"https:\/\/aconteceunovale.com.br\/portal\/?p=85540#primaryimage"},"thumbnailUrl":"https:\/\/aconteceunovale.com.br\/portal\/wp-content\/uploads\/2016\/04\/preso_gv.jpg","keywords":["Belo Horizonte","Casal Ostenta\u00e7\u00e3o de Governador Valadares","Casal ostenta\u00e7\u00e3o de Governador Valadares ganha liberdade","Casal ostenta\u00e7\u00e3o \u00e9 preso por estelionato e falsifica\u00e7\u00e3o em Governador Valadares","Casal preso na Opera\u00e7\u00e3o Jact\u00e2ncia","destaque","Estelionat\u00e1rios Governador Valadares","Governador Valadares","IURI GOMES DIAS","KISSYLA LUISA COSTA BARCELOS","Marcos J\u00fanior Rodrigues Ferreira","Opera\u00e7\u00e3o da PC em Governador Valadares","Opera\u00e7\u00e3o da Pol\u00edcia Civil em Governador Valadares","Opera\u00e7\u00e3o Jact\u00e2ncia","Opera\u00e7\u00e3o Jact\u00e2ncia prende casal suspeito de estelionato em Governador Valadares","Pol\u00edcia prende homem que fornecia materiais para estelionat\u00e1rios de Governador Valadares","preso em Governador Valadares","presos em Governador Valadares","Presos na Opera\u00e7\u00e3o Jact\u00e2ncia","Presos pela PC em Governador Valadares","Presos pela Pol\u00edcia Civil em Governador Valadares","Resultado da Opera\u00e7\u00e3o Jact\u00e2ncia","Santa Luiza"],"articleSection":["Leste de Minas"],"inLanguage":"pt-BR","potentialAction":[{"@type":"CommentAction","name":"Comment","target":["https:\/\/aconteceunovale.com.br\/portal\/?p=85540#respond"]}]},{"@type":"WebPage","@id":"https:\/\/aconteceunovale.com.br\/portal\/?p=85540","url":"https:\/\/aconteceunovale.com.br\/portal\/?p=85540","name":"Pol\u00edcia prende homem que fornecia materiais para estelionat\u00e1rios de Governador Valadares - Aconteceu no Vale","isPartOf":{"@id":"https:\/\/aconteceunovale.com.br\/portal\/#website"},"primaryImageOfPage":{"@id":"https:\/\/aconteceunovale.com.br\/portal\/?p=85540#primaryimage"},"image":{"@id":"https:\/\/aconteceunovale.com.br\/portal\/?p=85540#primaryimage"},"thumbnailUrl":"https:\/\/aconteceunovale.com.br\/portal\/wp-content\/uploads\/2016\/04\/preso_gv.jpg","datePublished":"2016-04-30T01:57:40+00:00","dateModified":"2016-04-30T02:25:50+00:00","author":{"@id":"https:\/\/aconteceunovale.com.br\/portal\/#\/schema\/person\/633529146f2c94272bef50ac2953d589"},"breadcrumb":{"@id":"https:\/\/aconteceunovale.com.br\/portal\/?p=85540#breadcrumb"},"inLanguage":"pt-BR","potentialAction":[{"@type":"ReadAction","target":["https:\/\/aconteceunovale.com.br\/portal\/?p=85540"]}]},{"@type":"ImageObject","inLanguage":"pt-BR","@id":"https:\/\/aconteceunovale.com.br\/portal\/?p=85540#primaryimage","url":"https:\/\/aconteceunovale.com.br\/portal\/wp-content\/uploads\/2016\/04\/preso_gv.jpg","contentUrl":"https:\/\/aconteceunovale.com.br\/portal\/wp-content\/uploads\/2016\/04\/preso_gv.jpg","width":600,"height":450},{"@type":"BreadcrumbList","@id":"https:\/\/aconteceunovale.com.br\/portal\/?p=85540#breadcrumb","itemListElement":[{"@type":"ListItem","position":1,"name":"In\u00edcio","item":"https:\/\/aconteceunovale.com.br\/portal\/"},{"@type":"ListItem","position":2,"name":"Pol\u00edcia prende homem que fornecia materiais para estelionat\u00e1rios de Governador Valadares"}]},{"@type":"WebSite","@id":"https:\/\/aconteceunovale.com.br\/portal\/#website","url":"https:\/\/aconteceunovale.com.br\/portal\/","name":"Aconteceu no Vale","description":"Portal de Not\u00edcias","potentialAction":[{"@type":"SearchAction","target":{"@type":"EntryPoint","urlTemplate":"https:\/\/aconteceunovale.com.br\/portal\/?s={search_term_string}"},"query-input":{"@type":"PropertyValueSpecification","valueRequired":true,"valueName":"search_term_string"}}],"inLanguage":"pt-BR"},{"@type":"Person","@id":"https:\/\/aconteceunovale.com.br\/portal\/#\/schema\/person\/633529146f2c94272bef50ac2953d589","name":"Aconteceu no Vale","description":"Equipe de reportagem do Aconteceu no Vale, portal de not\u00edcias do Vale do Jequitinhonha, em Minas Gerais. Cobrimos as 51 cidades do Vale desde 2013. Sugest\u00f5es de pauta e pedidos de corre\u00e7\u00e3o: contato@aconteceunovale.com.br","sameAs":["http:\/\/www.aconteceunovale.com.br"],"url":"https:\/\/aconteceunovale.com.br\/portal\/?author=1"}]}},"_links":{"self":[{"href":"https:\/\/aconteceunovale.com.br\/portal\/index.php?rest_route=\/wp\/v2\/posts\/85540","targetHints":{"allow":["GET"]}}],"collection":[{"href":"https:\/\/aconteceunovale.com.br\/portal\/index.php?rest_route=\/wp\/v2\/posts"}],"about":[{"href":"https:\/\/aconteceunovale.com.br\/portal\/index.php?rest_route=\/wp\/v2\/types\/post"}],"author":[{"embeddable":true,"href":"https:\/\/aconteceunovale.com.br\/portal\/index.php?rest_route=\/wp\/v2\/users\/1"}],"replies":[{"embeddable":true,"href":"https:\/\/aconteceunovale.com.br\/portal\/index.php?rest_route=%2Fwp%2Fv2%2Fcomments&post=85540"}],"version-history":[{"count":0,"href":"https:\/\/aconteceunovale.com.br\/portal\/index.php?rest_route=\/wp\/v2\/posts\/85540\/revisions"}],"wp:featuredmedia":[{"embeddable":true,"href":"https:\/\/aconteceunovale.com.br\/portal\/index.php?rest_route=\/wp\/v2\/media\/85541"}],"wp:attachment":[{"href":"https:\/\/aconteceunovale.com.br\/portal\/index.php?rest_route=%2Fwp%2Fv2%2Fmedia&parent=85540"}],"wp:term":[{"taxonomy":"category","embeddable":true,"href":"https:\/\/aconteceunovale.com.br\/portal\/index.php?rest_route=%2Fwp%2Fv2%2Fcategories&post=85540"},{"taxonomy":"post_tag","embeddable":true,"href":"https:\/\/aconteceunovale.com.br\/portal\/index.php?rest_route=%2Fwp%2Fv2%2Ftags&post=85540"}],"curies":[{"name":"wp","href":"https:\/\/api.w.org\/{rel}","templated":true}]}}