{"id":85441,"date":"2016-04-28T09:24:12","date_gmt":"2016-04-28T12:24:12","guid":{"rendered":"http:\/\/aconteceunovale.com.br\/portal\/?p=85441"},"modified":"2016-04-28T09:24:12","modified_gmt":"2016-04-28T12:24:12","slug":"previsao-do-tempo-para-minas-gerais-nesta-quinta-feira-28-de-abril","status":"publish","type":"post","link":"https:\/\/aconteceunovale.com.br\/portal\/?p=85441","title":{"rendered":"Previs\u00e3o do tempo para Minas Gerais, nesta quinta-feira, 28 de abril"},"content":{"rendered":"<h4><strong><em>C\u00e9u nublado a encoberto, com pancadas de chuva em boa parte do estado. Na capital, temperatura m\u00ednima chega a 17 graus, com umidade do ar de 55%.<\/em><\/strong><\/h4>\n<p>Nesta quinta-feira (28\/4), a frente fria segue sobre o Sudeste do Brasil e deixa o tempo inst\u00e1vel com ocorr\u00eancia de pancadas de chuva.<\/p>\n<p>Em Minas Gerais, o dia ser\u00e1 de tempo nublado a encoberto, com pancadas de chuva e trovoadas isoladas no Sul, Centro, Tri\u00e2ngulo Mineiro, Noroeste, Oeste, Campo das Vertentes, Zona da Mata e Vale do Rio Doce.<\/p>\n<p>Nas outras regi\u00f5es do estado, o tempo deve ficar parcialmente nublado, com possibilidade de chuva isolada.<\/p>\n<p>Na Regi\u00e3o Metropolitana de Belo Horizonte, o dia ser\u00e1 de tempo nublado, com pancadas de chuva. Na capital mineira, o dia ser\u00e1 de c\u00e9u nublado, com pancadas de chuva acompanhada de trovoadas. A temperatura oscilando entre 17\u00b0C e 26\u00b0C, com umidade relativa do ar de 55% \u00e0 tarde.<\/p>\n<p>Temperatura em decl\u00ednio, especialmente nos munic\u00edpios situados na Zona da Mata, Campo das Vertentes, Serra da Mantiqueira e no Sul do estado por causa da incurs\u00e3o de uma forte massa de ar frio polar.<\/p>\n","protected":false},"excerpt":{"rendered":"<p>C\u00e9u nublado a encoberto, com pancadas de chuva em boa parte do estado. Na capital, temperatura m\u00ednima chega a 17 graus, com umidade do ar de 55%. Nesta quinta-feira (28\/4), a frente fria segue sobre o Sudeste do Brasil e deixa o tempo inst\u00e1vel com ocorr\u00eancia de pancadas de chuva. Em Minas Gerais, o dia [&hellip;]<\/p>\n","protected":false},"author":1,"featured_media":82499,"comment_status":"open","ping_status":"closed","sticky":false,"template":"","format":"standard","meta":{"amp_status":"","footnotes":""},"categories":[123],"tags":[43058,194,131,37346,1956,27340,90830,86092,90829,1839,90827,29257,90826,90828],"class_list":["post-85441","post","type-post","status-publish","format-standard","has-post-thumbnail","hentry","category-gerais","tag-28-de-abril","tag-belo-horizonte","tag-minas-gerais","tag-nesta-quinta-feira","tag-previsao-do-tempo","tag-previsao-do-tempo-para-belo-horizonte","tag-previsao-do-tempo-para-belo-horizonte-28-de-abril","tag-previsao-do-tempo-para-belo-horizonte-nesta-quinta-feira","tag-previsao-do-tempo-para-belo-horizonte-nesta-quinta-feira-28-de-abril","tag-previsao-do-tempo-para-minas-gerais","tag-previsao-do-tempo-para-minas-gerais-28-de-abril","tag-previsao-do-tempo-para-minas-gerais-nesta-quinta-feira","tag-previsao-do-tempo-para-minas-gerais-nesta-quinta-feira-28-de-abril","tag-quinta-feira-28-de-abril"],"_links":{"self":[{"href":"https:\/\/aconteceunovale.com.br\/portal\/index.php?rest_route=\/wp\/v2\/posts\/85441","targetHints":{"allow":["GET"]}}],"collection":[{"href":"https:\/\/aconteceunovale.com.br\/portal\/index.php?rest_route=\/wp\/v2\/posts"}],"about":[{"href":"https:\/\/aconteceunovale.com.br\/portal\/index.php?rest_route=\/wp\/v2\/types\/post"}],"author":[{"embeddable":true,"href":"https:\/\/aconteceunovale.com.br\/portal\/index.php?rest_route=\/wp\/v2\/users\/1"}],"replies":[{"embeddable":true,"href":"https:\/\/aconteceunovale.com.br\/portal\/index.php?rest_route=%2Fwp%2Fv2%2Fcomments&post=85441"}],"version-history":[{"count":0,"href":"https:\/\/aconteceunovale.com.br\/portal\/index.php?rest_route=\/wp\/v2\/posts\/85441\/revisions"}],"wp:featuredmedia":[{"embeddable":true,"href":"https:\/\/aconteceunovale.com.br\/portal\/index.php?rest_route=\/wp\/v2\/media\/82499"}],"wp:attachment":[{"href":"https:\/\/aconteceunovale.com.br\/portal\/index.php?rest_route=%2Fwp%2Fv2%2Fmedia&parent=85441"}],"wp:term":[{"taxonomy":"category","embeddable":true,"href":"https:\/\/aconteceunovale.com.br\/portal\/index.php?rest_route=%2Fwp%2Fv2%2Fcategories&post=85441"},{"taxonomy":"post_tag","embeddable":true,"href":"https:\/\/aconteceunovale.com.br\/portal\/index.php?rest_route=%2Fwp%2Fv2%2Ftags&post=85441"}],"curies":[{"name":"wp","href":"https:\/\/api.w.org\/{rel}","templated":true}]}}