{"id":85422,"date":"2016-04-27T20:35:44","date_gmt":"2016-04-27T23:35:44","guid":{"rendered":"http:\/\/aconteceunovale.com.br\/portal\/?p=85422"},"modified":"2016-04-27T20:35:44","modified_gmt":"2016-04-27T23:35:44","slug":"fernando-pimentel-pretende-cortar-67-mil-cargos-no-governo-de-minas","status":"publish","type":"post","link":"https:\/\/aconteceunovale.com.br\/portal\/?p=85422","title":{"rendered":"Fernando Pimentel pretende cortar 67 mil cargos no Governo de Minas"},"content":{"rendered":"<p>O governador Fernando Pimentel (PT) se reuniu ontem com l\u00edderes da base de governo e secret\u00e1rios estaduais para apresentar o projeto de reestrutura\u00e7\u00e3o do governo, a chamada reforma administrativa. Segundo o deputado estadual e l\u00edder do governo, Durval Angelo (PT), a proposta apresentada prev\u00ea a redu\u00e7\u00e3o de 67 mil cargos.<\/p>\n<p>\u201cO objetivo \u00e9 dar uma agilidade maior aos \u00f3rg\u00e3os do Estado e evitar que as estruturas atuem em sobreposi\u00e7\u00e3o umas das outras\u201d, descreveu o parlamentar. O corte representa pouco mais de 10% da folha do Estado, que atualmente tem aproximadamente 630 mil servidores, entre ativos e inativos.<\/p>\n<p>Para a implementa\u00e7\u00e3o da reforma, ser\u00e3o enviados 20 Projetos de Lei para a aprecia\u00e7\u00e3o da Assembleia Legislativa. De acordo com Durval \u00c2ngelo, boa parte dos projetos ter\u00e1 o objetivo de revogar leis delegadas implementadas pelo governo anterior.<\/p>\n<p>O deputado disse que \u00f3rg\u00e3os que prestam servi\u00e7os semelhantes ser\u00e3o incorporados a outras estruturas. Como exemplo, ele citou as mudan\u00e7as na Companhia Mineira de Promo\u00e7\u00f5es (Prominas), que passar\u00e1 a ser uma diretoria dentro da Companhia de Desenvolvimento de Minas Gerais (Codemig).<\/p>\n<p><strong>Apoio<\/strong><\/p>\n<p>A negocia\u00e7\u00e3o com o PMDB sobre a extin\u00e7\u00e3o de cargos vinha sendo apontado como o principal motivo para a demora na reforma administrativa. Entretanto, Durval destacou que os peemedebistas presentes na reuni\u00e3o foram enf\u00e1ticos ao anunciarem o apoio \u00e0s propostas apresentadas por Pimentel.<\/p>\n<p>\u201cNunca tivemos uma conversa com o PMDB em Minas onde n\u00e3o houvesse tranquilidade no dialogo\u201d, garantiu.<\/p>\n<p><strong>Rela\u00e7\u00e3o<\/strong><\/p>\n<p>Apesar das alega\u00e7\u00f5es de que a rela\u00e7\u00e3o entre PMDB e Pimentel andam boas, no fim de mar\u00e7o, parlamentares peemedebistas derrubaram o qu\u00f3rum da ALMG para pressionar o governador a liberar emendas. A vota\u00e7\u00e3o de projetos da Lei 100 e de altera\u00e7\u00f5es no piso dos professores acabou sendo adiada.<\/p>\n<p><strong>Demora<\/strong><\/p>\n<p>A demora em apresentar a reforma administrativa abriu espa\u00e7o para diversos questionamentos por parte da oposi\u00e7\u00e3o, que criticou a lentid\u00e3o do governo em apresentar sua proposta.<\/p>\n<p><img decoding=\"async\" src=\"http:\/\/aconteceunovale.com.br\/portal\/wp-content\/uploads\/2016\/02\/pimentel.jpeg\" alt=\"\" \/><em>Governador apresentou proposta para secret\u00e1rios e l\u00edderes da base (Foto: Ag\u00eancia Minas)<\/em><br \/>\n<\/br><\/p>\n<p><em>(Fonte: O Tempo \/ Rep\u00f3rter: Felipe Castanheira)<\/em><\/p>\n","protected":false},"excerpt":{"rendered":"<p>O governador Fernando Pimentel (PT) se reuniu ontem com l\u00edderes da base de governo e secret\u00e1rios estaduais para apresentar o projeto de reestrutura\u00e7\u00e3o do governo, a chamada reforma administrativa. Segundo o deputado estadual e l\u00edder do governo, Durval Angelo (PT), a proposta apresentada prev\u00ea a redu\u00e7\u00e3o de 67 mil cargos. \u201cO objetivo \u00e9 dar uma [&hellip;]<\/p>\n","protected":false},"author":1,"featured_media":79916,"comment_status":"open","ping_status":"closed","sticky":false,"template":"","format":"standard","meta":{"amp_status":"","footnotes":""},"categories":[40236,123],"tags":[90787,90786,90788,12826,90790,90789,90784,90785],"class_list":["post-85422","post","type-post","status-publish","format-standard","has-post-thumbnail","hentry","category-empregos-2","category-gerais","tag-corte-de-cargos-governo-mineiro","tag-corte-de-cargos-no-governo-de-minas","tag-demissao-governo-mineiro","tag-fernando-pimentel","tag-fernando-pimentel-pretende-cortar-67-mil-cargos-no-governo-de-minas","tag-pimentel-pretende-cortar-67-mil-cargos-no-governo-de-minas","tag-reestruturacao-do-governo-de-minas","tag-reestruturacao-do-governo-de-minas-gerais"],"_links":{"self":[{"href":"https:\/\/aconteceunovale.com.br\/portal\/index.php?rest_route=\/wp\/v2\/posts\/85422","targetHints":{"allow":["GET"]}}],"collection":[{"href":"https:\/\/aconteceunovale.com.br\/portal\/index.php?rest_route=\/wp\/v2\/posts"}],"about":[{"href":"https:\/\/aconteceunovale.com.br\/portal\/index.php?rest_route=\/wp\/v2\/types\/post"}],"author":[{"embeddable":true,"href":"https:\/\/aconteceunovale.com.br\/portal\/index.php?rest_route=\/wp\/v2\/users\/1"}],"replies":[{"embeddable":true,"href":"https:\/\/aconteceunovale.com.br\/portal\/index.php?rest_route=%2Fwp%2Fv2%2Fcomments&post=85422"}],"version-history":[{"count":0,"href":"https:\/\/aconteceunovale.com.br\/portal\/index.php?rest_route=\/wp\/v2\/posts\/85422\/revisions"}],"wp:featuredmedia":[{"embeddable":true,"href":"https:\/\/aconteceunovale.com.br\/portal\/index.php?rest_route=\/wp\/v2\/media\/79916"}],"wp:attachment":[{"href":"https:\/\/aconteceunovale.com.br\/portal\/index.php?rest_route=%2Fwp%2Fv2%2Fmedia&parent=85422"}],"wp:term":[{"taxonomy":"category","embeddable":true,"href":"https:\/\/aconteceunovale.com.br\/portal\/index.php?rest_route=%2Fwp%2Fv2%2Fcategories&post=85422"},{"taxonomy":"post_tag","embeddable":true,"href":"https:\/\/aconteceunovale.com.br\/portal\/index.php?rest_route=%2Fwp%2Fv2%2Ftags&post=85422"}],"curies":[{"name":"wp","href":"https:\/\/api.w.org\/{rel}","templated":true}]}}