{"id":85419,"date":"2016-04-27T20:21:57","date_gmt":"2016-04-27T23:21:57","guid":{"rendered":"http:\/\/aconteceunovale.com.br\/portal\/?p=85419"},"modified":"2016-04-27T20:21:57","modified_gmt":"2016-04-27T23:21:57","slug":"mulher-e-sequestrada-e-estuprada-ao-sair-de-velorio-em-montes-claros","status":"publish","type":"post","link":"https:\/\/aconteceunovale.com.br\/portal\/?p=85419","title":{"rendered":"Mulher \u00e9 sequestrada e estuprada ao sair de vel\u00f3rio em Montes Claros"},"content":{"rendered":"<p>Uma idosa de 62 anos foi v\u00edtima de um sequestro rel\u00e2mpago quando deixava o vel\u00f3rio de um parente que ocorria no Centro de Montes Claros, no Norte de Minas, na noite da \u00faltima ter\u00e7a-feira (26\/4). Durante o tempo em que ficou sob a amea\u00e7a do sequestrador, ela chegou a ser abusada sexualmente. Ap\u00f3s o estupro, o homem fugiu e a v\u00edtima foi encontrada na madrugada dessa quarta-feira (27\/4).<\/p>\n<p>A mulher contou aos militares que estava deixando o vel\u00f3rio quando, por volta de 18h30, foi abordada por um homem de estatura mediana e de cor morena. O suspeito que estava armado anunciou o assalto e exigiu que ela entrasse e se sentasse no banco do passageiro de seu pr\u00f3prio ve\u00edculo. Em seguida, o criminoso tomou a dire\u00e7\u00e3o do carro da mulher.<\/p>\n<p>Sob a amea\u00e7a de uma arma, a idosa foi obrigada a passar sua carteira, contendo cart\u00f5es do banco e dinheiro. O seu celular tamb\u00e9m foi recolhido pelo criminoso. A v\u00edtima ainda relatou aos militares que, durante o trajeto, o homem parou em um posto de combust\u00edveis e abasteceu o carro com o seu cart\u00e3o de cr\u00e9dito.<\/p>\n<p>Com o tanque cheio, o suspeito seguiu pela BR-365 e parou em uma \u00e1rea da zona rural da cidade, onde a v\u00edtima foi abusada pelo suspeito e, ao final do ato, foi colocada no porta-malas.<\/p>\n<p>A idosa ainda escutou o criminoso ligando para v\u00e1rias pessoas e negociando o seu carro. Ap\u00f3s um tempo ela percebeu que algu\u00e9m havia chegado ao local. Em seguida, sentiu o carro balan\u00e7ando e v\u00e1rias pessoas mexendo no ve\u00edculo.<\/p>\n<p>Depois de muito tempo sem perceber movimenta\u00e7\u00e3o, ela contou aos policiais que for\u00e7ou a porta e saiu. A v\u00edtima caminhou at\u00e9 a rodovia e pediu ajuda na rodovia, perto de \u00c1gua Boa.<\/p>\n<p>A Pol\u00edcia Militar foi acionada e realizou buscas na regi\u00e3o, mas o suspeito ainda n\u00e3o foi encontrado. O Palio Weekend da v\u00edtima foi parcialmente desmontado. O som do ve\u00edculo, e as rodas foram levadas pelos criminosos. <\/p>\n<p><img decoding=\"async\" src=\"http:\/\/aconteceunovale.com.br\/portal\/wp-content\/uploads\/2016\/04\/sequestro_moc.jpg\" alt=\"\" \/><em>Ve\u00edculo foi &#8220;depenado&#8221; pelo criminoso (foto: Divulga\u00e7\u00e3o \/ PM)<\/em><br \/>\n<\/br><\/p>\n<p><em>(Fonte: O Tempo)<\/em><\/p>\n","protected":false},"excerpt":{"rendered":"<p>Uma idosa de 62 anos foi v\u00edtima de um sequestro rel\u00e2mpago quando deixava o vel\u00f3rio de um parente que ocorria no Centro de Montes Claros, no Norte de Minas, na noite da \u00faltima ter\u00e7a-feira (26\/4). Durante o tempo em que ficou sob a amea\u00e7a do sequestrador, ela chegou a ser abusada sexualmente. Ap\u00f3s o estupro, [&hellip;]<\/p>\n","protected":false},"author":1,"featured_media":85420,"comment_status":"open","ping_status":"closed","sticky":false,"template":"","format":"standard","meta":{"amp_status":"","footnotes":""},"categories":[1236],"tags":[90775,90774,90777,90782,210,90781,90778,90783,90776,90779,90780],"class_list":["post-85419","post","type-post","status-publish","format-standard","has-post-thumbnail","hentry","category-norte_de_minas","tag-estuprada-velorio-montes-claros","tag-estupro-montes-claros","tag-idosa-estuprada-em-montes-claros","tag-maria-helena-lemos-dos-santos","tag-montes-claros","tag-mulher-de-62-anos-e-sequestrada-e-estuprada-ao-sair-de-velorio-em-montes-claros","tag-mulher-de-62-anos-e-sequestrada-e-estuprada-apos-sair-de-velorio-em-montes-claros","tag-mulher-e-sequestrada-e-estuprada-ao-sair-de-velorio-em-montes-claros","tag-mulher-estuprada-em-montes-claros","tag-vitima-de-estupro-montes-claros","tag-vitima-de-sequestro-montes-claros"],"_links":{"self":[{"href":"https:\/\/aconteceunovale.com.br\/portal\/index.php?rest_route=\/wp\/v2\/posts\/85419","targetHints":{"allow":["GET"]}}],"collection":[{"href":"https:\/\/aconteceunovale.com.br\/portal\/index.php?rest_route=\/wp\/v2\/posts"}],"about":[{"href":"https:\/\/aconteceunovale.com.br\/portal\/index.php?rest_route=\/wp\/v2\/types\/post"}],"author":[{"embeddable":true,"href":"https:\/\/aconteceunovale.com.br\/portal\/index.php?rest_route=\/wp\/v2\/users\/1"}],"replies":[{"embeddable":true,"href":"https:\/\/aconteceunovale.com.br\/portal\/index.php?rest_route=%2Fwp%2Fv2%2Fcomments&post=85419"}],"version-history":[{"count":0,"href":"https:\/\/aconteceunovale.com.br\/portal\/index.php?rest_route=\/wp\/v2\/posts\/85419\/revisions"}],"wp:featuredmedia":[{"embeddable":true,"href":"https:\/\/aconteceunovale.com.br\/portal\/index.php?rest_route=\/wp\/v2\/media\/85420"}],"wp:attachment":[{"href":"https:\/\/aconteceunovale.com.br\/portal\/index.php?rest_route=%2Fwp%2Fv2%2Fmedia&parent=85419"}],"wp:term":[{"taxonomy":"category","embeddable":true,"href":"https:\/\/aconteceunovale.com.br\/portal\/index.php?rest_route=%2Fwp%2Fv2%2Fcategories&post=85419"},{"taxonomy":"post_tag","embeddable":true,"href":"https:\/\/aconteceunovale.com.br\/portal\/index.php?rest_route=%2Fwp%2Fv2%2Ftags&post=85419"}],"curies":[{"name":"wp","href":"https:\/\/api.w.org\/{rel}","templated":true}]}}