{"id":85417,"date":"2016-04-27T19:45:22","date_gmt":"2016-04-27T22:45:22","guid":{"rendered":"http:\/\/aconteceunovale.com.br\/portal\/?p=85417"},"modified":"2016-04-27T19:45:22","modified_gmt":"2016-04-27T22:45:22","slug":"mec-muda-regras-para-facilitar-preenchimento-de-vagas-do-fies","status":"publish","type":"post","link":"https:\/\/aconteceunovale.com.br\/portal\/?p=85417","title":{"rendered":"MEC muda regras para facilitar preenchimento de vagas do Fies"},"content":{"rendered":"<p>O Fundo de Financiamento Estudantil (Fies) ter\u00e1 inscri\u00e7\u00f5es antecipadas e regras mais flex\u00edveis para ajudar a preencher todas as vagas ofertadas. As mudan\u00e7as foram anunciadas hoje (27\/4)  pelo Minist\u00e9rio da Educa\u00e7\u00e3o (MEC) e ser\u00e3o implementadas no segundo semestre. Segundo o ministro Aloizio Mercadante, a inten\u00e7\u00e3o \u00e9 facilitar o preenchimento das vagas. No primeiro semestre, das 250 mil vagas com financiamento ofertadas, cerca da metade n\u00e3o foi preenchida.<\/p>\n<p>As mais de 100 mil vagas remanescentes no processo seletivo do primeiro semestre que n\u00e3o forem preenchidas at\u00e9 o segundo semestre ser\u00e3o novamente ofertadas. A inscri\u00e7\u00e3o, que no ano passado ocorreu em agosto, ser\u00e1 antecipada para o per\u00edodo de 14 a 17 de junho deste ano.<\/p>\n<p>No dia 31 de maio, ser\u00e3o divulgadas as vagas selecionadas pelo MEC. O resultado do processo seletivo regular ser\u00e1 divulgado no dia 20 de junho. O Rio de Janeiro ter\u00e1, no entanto, calend\u00e1rio diferenciado devido aos Jogos Ol\u00edmpicos. As datas ser\u00e3o divulgadas posteriormente.<\/p>\n<p>&#8220;Vamos ter uma importante flexibiliza\u00e7\u00e3o no sistema e v\u00e1rios novos est\u00edmulos para que mais estudantes possam acessar o Fies&#8221;, disse Mercadante. Ainda n\u00e3o h\u00e1 previs\u00e3o de quantas vagas ser\u00e3o ofertadas, Segundo Mercadante, ser\u00e3o mais que as 314 mil ofertadas no ano passado, e os recursos para o programa j\u00e1 est\u00e3o assegurados.<\/p>\n<p><strong>Novas regras<\/strong><\/p>\n<p>As novas regras incluem a amplia\u00e7\u00e3o do prazo para conclus\u00e3o da inscri\u00e7\u00e3o de cinco dias corridos para cinco dias \u00fateis e maior autonomia para a institui\u00e7\u00e3o confirmar a matr\u00edcula do estudante, por meio da Comiss\u00e3o Permanente de Supervis\u00e3o e Acompanhamento (CPSA). Haver\u00e1 tamb\u00e9m redu\u00e7\u00e3o do patamar m\u00ednimo de presta\u00e7\u00e3o do Fies de R$ 100 para R$ 50. As muda\u00e7as valer\u00e3o para os contratos firmados no segundo semestre.<\/p>\n<p>O MEC tamb\u00e9m flexibilizou a oferta de cursos priorit\u00e1rios. At\u00e9 o \u00faltimo processo seletivo, 70% das vagas eram ofertadas em sa\u00fade, engenharias e licenciaturas e pedagogia. Agora ser\u00e3o 60% para essas \u00e1reas. De acordo com Mercadante, o remanejamento segue a demanda por esses cursos. Sa\u00fade ter\u00e1 metade das vagas nas \u00e1reas priorit\u00e1rias, engenharia, 40%, e cursos para a forma\u00e7\u00e3o de novos professores, 10%.<\/p>\n<p>As vagas que n\u00e3o forem preenchidas no processo seletivo regular ser\u00e3o ofertadas novamente, com prazo espec\u00edfico para alunos inscritos que n\u00e3o foram aprovados. Est\u00e1 prevista tamb\u00e9m etapa para que os estudantes que n\u00e3o foram aprovados no Fies do primeiro semestre concorram \u00e0s vagas remanescentes. As que sobrarem poder\u00e3o tamb\u00e9m ser ofertadas em outros cursos da mesma mantenedora de ensino.<\/p>\n<p>O MEC mant\u00e9m a exig\u00eancia de o estudante tirar pelo menos 450 pontos no Exame Nacional do Ensino M\u00e9dio (Enem) para concorrer \u00e0s vagas e de renda familiar de at\u00e9 2,5 sal\u00e1rios m\u00ednimos por pessoa. &#8220;Essa \u00e9 a nota [no Enem] que exigimos para o participante ter certifica\u00e7\u00e3o do ensino m\u00e9dio. N\u00e3o podemos dar uma bolsa subsidiada para estudante que tira nota abaixo da que deveria tirar para concluir o ensino m\u00e9dio. Isso seria rebaixar a qualidade. N\u00e3o faremos isso&#8221;, afirmou o ministro.<\/p>\n<p>Sobre o patamar da renda, Mercadante disse que existe uma demanda para que seja alterada para at\u00e9 3,5 sal\u00e1rios m\u00ednimos para que mais pessoas possam participar do programa, mas ressaltou que a quest\u00e3o ainda est\u00e1 sendo discutida.<\/p>\n<p>(Ag\u00eancia Brasil)<\/p>\n","protected":false},"excerpt":{"rendered":"<p>O Fundo de Financiamento Estudantil (Fies) ter\u00e1 inscri\u00e7\u00f5es antecipadas e regras mais flex\u00edveis para ajudar a preencher todas as vagas ofertadas. As mudan\u00e7as foram anunciadas hoje (27\/4) pelo Minist\u00e9rio da Educa\u00e7\u00e3o (MEC) e ser\u00e3o implementadas no segundo semestre. Segundo o ministro Aloizio Mercadante, a inten\u00e7\u00e3o \u00e9 facilitar o preenchimento das vagas. No primeiro semestre, das [&hellip;]<\/p>\n","protected":false},"author":1,"featured_media":74124,"comment_status":"open","ping_status":"closed","sticky":false,"template":"","format":"standard","meta":{"amp_status":"","footnotes":""},"categories":[6,40238],"tags":[90771,665,34998,28879,53967,1168,90773,90769,90768,90770,90767,90772],"class_list":["post-85417","post","type-post","status-publish","format-standard","has-post-thumbnail","hentry","category-br","category-educacao-2","tag-abertura-de-inscricoes-fies","tag-fies","tag-fundo-de-financiamento-estudantil","tag-inscricoes","tag-inscricoes-fies","tag-mec","tag-mec-muda-regras-para-facilitar-preenchimento-de-vagas-do-fies","tag-mudancas-fies","tag-mudancas-fundo-de-financiamento-estudantil","tag-novas-regras-fies","tag-novas-regras-fundo-de-financiamento-estudantil","tag-preenchimento-de-vagas-no-fies"],"_links":{"self":[{"href":"https:\/\/aconteceunovale.com.br\/portal\/index.php?rest_route=\/wp\/v2\/posts\/85417","targetHints":{"allow":["GET"]}}],"collection":[{"href":"https:\/\/aconteceunovale.com.br\/portal\/index.php?rest_route=\/wp\/v2\/posts"}],"about":[{"href":"https:\/\/aconteceunovale.com.br\/portal\/index.php?rest_route=\/wp\/v2\/types\/post"}],"author":[{"embeddable":true,"href":"https:\/\/aconteceunovale.com.br\/portal\/index.php?rest_route=\/wp\/v2\/users\/1"}],"replies":[{"embeddable":true,"href":"https:\/\/aconteceunovale.com.br\/portal\/index.php?rest_route=%2Fwp%2Fv2%2Fcomments&post=85417"}],"version-history":[{"count":0,"href":"https:\/\/aconteceunovale.com.br\/portal\/index.php?rest_route=\/wp\/v2\/posts\/85417\/revisions"}],"wp:featuredmedia":[{"embeddable":true,"href":"https:\/\/aconteceunovale.com.br\/portal\/index.php?rest_route=\/wp\/v2\/media\/74124"}],"wp:attachment":[{"href":"https:\/\/aconteceunovale.com.br\/portal\/index.php?rest_route=%2Fwp%2Fv2%2Fmedia&parent=85417"}],"wp:term":[{"taxonomy":"category","embeddable":true,"href":"https:\/\/aconteceunovale.com.br\/portal\/index.php?rest_route=%2Fwp%2Fv2%2Fcategories&post=85417"},{"taxonomy":"post_tag","embeddable":true,"href":"https:\/\/aconteceunovale.com.br\/portal\/index.php?rest_route=%2Fwp%2Fv2%2Ftags&post=85417"}],"curies":[{"name":"wp","href":"https:\/\/api.w.org\/{rel}","templated":true}]}}