{"id":85006,"date":"2016-04-22T14:23:13","date_gmt":"2016-04-22T17:23:13","guid":{"rendered":"http:\/\/aconteceunovale.com.br\/portal\/?p=85006"},"modified":"2016-04-22T14:23:13","modified_gmt":"2016-04-22T17:23:13","slug":"emater-produz-levantamento-inedito-da-safra-de-flores-em-minas-gerais","status":"publish","type":"post","link":"https:\/\/aconteceunovale.com.br\/portal\/?p=85006","title":{"rendered":"Emater produz levantamento in\u00e9dito da safra de flores em Minas Gerais"},"content":{"rendered":"<p>Minas Gerais \u00e9 considerado o segundo maior produtor de flores do Brasil. E para entender melhor a atividade, a Emater-MG, em parceria com a Secret\u00e1ria de Estado de Agricultura, Pecu\u00e1ria e Abastecimento (Seapa), est\u00e1 desenvolvendo o Sistema de Acompanhamento de Safra Floricultura. O objetivo \u00e9 identificar quais os munic\u00edpios produtores, as esp\u00e9cies e a quantidade produzida no Estado.<\/p>\n<p>\u201cN\u00e3o possu\u00edmos muitas informa\u00e7\u00f5es sobre a produ\u00e7\u00e3o de flores, at\u00e9 ent\u00e3o n\u00e3o era realizado nenhum levantamento efetivo para avaliar a cultura em Minas Gerais. Os dados s\u00e3o importantes porque subsidiam pol\u00edticas p\u00fablicas para incentivar a cadeia e norteiam a produ\u00e7\u00e3o. O Sistema ser\u00e1 um diagn\u00f3stico da explora\u00e7\u00e3o de flores no Estado, com dados que nem mesmo as prefeituras possuem\u201d, ressalta o coordenador t\u00e9cnico da Emater-MG, Edson Logato.<\/p>\n<p>O trabalho de levantamento da safra j\u00e1 come\u00e7ou e a primeira divulga\u00e7\u00e3o dos dados est\u00e1 prevista para maio. Os t\u00e9cnicos da Emater-MG s\u00e3o respons\u00e1veis por visitar as propriedades e coletar informa\u00e7\u00f5es para alimentar o Sistema de Acompanhamento de Safra Floricultura. \u201cA coleta de informa\u00e7\u00f5es ser\u00e1 mensal, o que permite um panorama completo da produ\u00e7\u00e3o. Ser\u00e1 poss\u00edvel acompanhar a evolu\u00e7\u00e3o m\u00eas a m\u00eas e, at\u00e9 mesmo, comprar uma regi\u00e3o com outra. Vamos finalizar a primeira coleta e, mensalmente, iremos aperfei\u00e7oar o Sistema\u201d, destaca.<\/p>\n<p><img decoding=\"async\" src=\"http:\/\/aconteceunovale.com.br\/portal\/wp-content\/uploads\/2016\/04\/crisantemo.jpg\" alt=\"\" \/><em>Cris\u00e2ntemos, parte da cadeia da floricultura de Minas Gerais (Foto: Divulga\u00e7\u00e3o\/Emater-MG)<\/em><br \/>\n<\/br><\/p>\n<p><strong>Floricultura<\/strong><\/p>\n<p>A floricultura envolve o cultivo de plantas ornamentais, flores de corte, plantas em vasos, produ\u00e7\u00e3o de sementes, bulbos e mudas de \u00e1rvores de grande porte. Minas Gerais tem na floricultura de corte o munic\u00edpio de Barbacena, na regi\u00e3o de Campos das Vertentes, como um dos destaques na produ\u00e7\u00e3o de rosas. Dona Euz\u00e9bia, na Zona da Mata, tamb\u00e9m possui destaque no cultivo de plantas ornamentais e para jardins, como palmeiras.<\/p>\n<p><strong>Reuni\u00e3o em Barbacena<\/strong><\/p>\n<p>Na pr\u00f3xima segunda-feira (25\/4), \u00e0s 10 horas, ser\u00e1 realizada uma reuni\u00e3o no Escrit\u00f3rio Local da Emater-MG em Barbacena com a presen\u00e7a de t\u00e9cnicos, produtores, prefeitura e da Associa\u00e7\u00e3o Barbacenense dos Produtores de Rosas e Flores (Abarflores). Ser\u00e1 uma oportunidade para apresentar o Sistema e explicar os objetivos e a import\u00e2ncia de realizar o diagn\u00f3stico do setor. O Escrit\u00f3rio da Emater-MG est\u00e1 localizado na Avenida Bias Fortes, 56, no Centro de Barbacena. Contato pelo n\u00famero:(32) 3333-1663. (Ag\u00eancia Minas)<\/p>\n","protected":false},"excerpt":{"rendered":"<p>Minas Gerais \u00e9 considerado o segundo maior produtor de flores do Brasil. E para entender melhor a atividade, a Emater-MG, em parceria com a Secret\u00e1ria de Estado de Agricultura, Pecu\u00e1ria e Abastecimento (Seapa), est\u00e1 desenvolvendo o Sistema de Acompanhamento de Safra Floricultura. O objetivo \u00e9 identificar quais os munic\u00edpios produtores, as esp\u00e9cies e a quantidade [&hellip;]<\/p>\n","protected":false},"author":1,"featured_media":85007,"comment_status":"open","ping_status":"closed","sticky":false,"template":"","format":"standard","meta":{"amp_status":"","footnotes":""},"categories":[123],"tags":[89855,89854,193,1018,33174,89847,734,89840,25775,89852,89850,89848,89849,89846,89843,89851,89853,89842,89841,89844,89845],"class_list":["post-85006","post","type-post","status-publish","format-standard","has-post-thumbnail","hentry","category-gerais","tag-abarflores","tag-associacao-barbacenense-dos-produtores-de-rosas-e-flores","tag-barbacena","tag-destaque","tag-dona-euzebia","tag-edson-logato","tag-emater","tag-emater-produz-levantamento-inedito-da-safra-de-flores-em-minas-gerais","tag-emater-mg","tag-floricultura-barbacena","tag-floricultura-dona-euzebia","tag-floricultura-em-minas-gerais","tag-floricultura-mineira","tag-informacoes-sobre-a-producao-de-flores-em-minas-gerais","tag-minas-gerais-e-considerado-o-segundo-maior-produtor-de-flores-do-brasil","tag-producao-de-flores-dona-euzebia","tag-producao-de-flores-em-barbacena","tag-producao-de-flores-em-minas-gerais","tag-safra-de-flores-em-minas-gerais","tag-safra-floricultura","tag-safra-floricultura-em-minas-gerais"],"_links":{"self":[{"href":"https:\/\/aconteceunovale.com.br\/portal\/index.php?rest_route=\/wp\/v2\/posts\/85006","targetHints":{"allow":["GET"]}}],"collection":[{"href":"https:\/\/aconteceunovale.com.br\/portal\/index.php?rest_route=\/wp\/v2\/posts"}],"about":[{"href":"https:\/\/aconteceunovale.com.br\/portal\/index.php?rest_route=\/wp\/v2\/types\/post"}],"author":[{"embeddable":true,"href":"https:\/\/aconteceunovale.com.br\/portal\/index.php?rest_route=\/wp\/v2\/users\/1"}],"replies":[{"embeddable":true,"href":"https:\/\/aconteceunovale.com.br\/portal\/index.php?rest_route=%2Fwp%2Fv2%2Fcomments&post=85006"}],"version-history":[{"count":0,"href":"https:\/\/aconteceunovale.com.br\/portal\/index.php?rest_route=\/wp\/v2\/posts\/85006\/revisions"}],"wp:featuredmedia":[{"embeddable":true,"href":"https:\/\/aconteceunovale.com.br\/portal\/index.php?rest_route=\/wp\/v2\/media\/85007"}],"wp:attachment":[{"href":"https:\/\/aconteceunovale.com.br\/portal\/index.php?rest_route=%2Fwp%2Fv2%2Fmedia&parent=85006"}],"wp:term":[{"taxonomy":"category","embeddable":true,"href":"https:\/\/aconteceunovale.com.br\/portal\/index.php?rest_route=%2Fwp%2Fv2%2Fcategories&post=85006"},{"taxonomy":"post_tag","embeddable":true,"href":"https:\/\/aconteceunovale.com.br\/portal\/index.php?rest_route=%2Fwp%2Fv2%2Ftags&post=85006"}],"curies":[{"name":"wp","href":"https:\/\/api.w.org\/{rel}","templated":true}]}}