{"id":84998,"date":"2016-04-22T13:23:55","date_gmt":"2016-04-22T16:23:55","guid":{"rendered":"http:\/\/aconteceunovale.com.br\/portal\/?p=84998"},"modified":"2016-04-22T21:57:12","modified_gmt":"2016-04-23T00:57:12","slug":"carreta-carregada-de-madeira-tomba-e-mata-crianca-na-mg-211-no-vale-do-mucuri","status":"publish","type":"post","link":"https:\/\/aconteceunovale.com.br\/portal\/?p=84998","title":{"rendered":"Carreta carregada de madeira tomba e mata crian\u00e7a na MG-211, no Vale do Mucuri"},"content":{"rendered":"<p>Uma crian\u00e7a de 12 anos morreu em um acidente na manh\u00e3 desta sexta-feira, 22 de abril, na MG-211, no povoado de Santa B\u00e1rbara (Porf\u00edrios), munic\u00edpio de Catuji, no Vale do Mucuri. De acordo informa\u00e7\u00f5es da Pol\u00edcia Rodovi\u00e1ria Estadual, o condutor de uma composi\u00e7\u00e3o bi-trem, carregada com toras de eucalipto, seguia no sentido Itaip\u00e9\/BR-116, quando perdeu o controle da dire\u00e7\u00e3o em uma curva, tombou e atingiu Vanessa Moreira dos Santos, que transitava na lateral da via.<\/p>\n<p>O motorista, de iniciais C.R.S, relatou aos agentes da pol\u00edcia rodovi\u00e1ria que o pedal de freio apresentou problema mec\u00e2nico, fazendo com que o ve\u00edculo ficasse desgovernado. Ele tamb\u00e9m informou ao fazer uma curva sinuosa a esquerda, observou que havia uma menina \u00e0s margens da rodovia e que ainda acionou a buzina a fim de advertir a pedestre, mas o ve\u00edculo tombou.<\/p>\n<p>A crian\u00e7a foi esmagada pelo ve\u00edculo e veio a \u00f3bito no local. O motorista foi socorrido por uma equipe do Servi\u00e7o de Atendimento M\u00f3vel de Urg\u00eancia (SAMU) e encaminhado a UPA de Te\u00f3filo Otoni, onde permaneceu em observa\u00e7\u00e3o m\u00e9dica. <\/p>\n<p>A Per\u00edcia T\u00e9cnica da Pol\u00edcia Civil foi acionada e ap\u00f3s os trabalhos de praxe, o corpo foi encaminhado para o Instituto M\u00e9dico Legal (IML) de Te\u00f3filo Otoni. O m\u00e9dico legista Denio Soares concluiu que a causa da morte foi uma hemorragia interna e externa por trauma t\u00f3raco-abdominal. As causas do acidente ser\u00e3o investigadas.<\/p>\n<p><img decoding=\"async\" src=\"http:\/\/aconteceunovale.com.br\/portal\/wp-content\/uploads\/2016\/04\/acidente_porfirios_7.jpg\" alt=\"\" \/><em>Acidente aconteceu no km 06 da MG-211 (Foto: Reprodu\u00e7\u00e3o)<\/em><br \/>\n<\/br><\/p>\n<p><strong>Curva perigosa<\/strong><\/p>\n<p>A curva onde aconteceu o acidente \u00e9 um ponto cr\u00edtico da MG-211. Neste mesmo local, segundo relatos de moradores, j\u00e1 foram registrados mais de dez tombamentos. O propriet\u00e1rio do terreno j\u00e1 teve duas casas destru\u00eddas e desistiu de erguer outra edifica\u00e7\u00e3o.<\/p>\n<p>Nota da Suzano Papel e Celulose<\/p>\n<p>A Suzano Papel e Celulose emitiu nota sobre o acidente. Leia: <em>\u201cSobre o acidente ocorrido hoje, dia 22 de abril, no povoado de Porf\u00edrios, no munic\u00edpio de Catuji (MG), a Suzano Papel e Celulose lamenta profundamente o ocorrido e informa que o caminh\u00e3o envolvido no acidente pertence a uma de suas prestadoras de servi\u00e7o respons\u00e1vel pelo transporte de madeira para abastecimento de sua f\u00e1brica em Mucuri.<\/p>\n<p>Essa fornecedora j\u00e1 se encaminhou ao local e est\u00e1 tomando todas as provid\u00eancias para dar a assist\u00eancia necess\u00e1ria \u00e0 fam\u00edlia da v\u00edtima. A Suzano lamenta mais uma vez o ocorrido e se solidariza com os familiares e com a comunidade de Porf\u00edrios e Catuji.&#8221;<\/em><\/p>\n<p><img decoding=\"async\" src=\"http:\/\/aconteceunovale.com.br\/portal\/wp-content\/uploads\/2016\/04\/acidente_porfirios_1.jpg\" alt=\"\" \/><\/p>\n<p><img decoding=\"async\" src=\"http:\/\/aconteceunovale.com.br\/portal\/wp-content\/uploads\/2016\/04\/acidente_porfirios_2.jpg\" alt=\"\" \/><\/p>\n<p><img decoding=\"async\" src=\"http:\/\/aconteceunovale.com.br\/portal\/wp-content\/uploads\/2016\/04\/acidente_porfirios_3.jpg\" alt=\"\" \/><\/p>\n<p><img decoding=\"async\" src=\"http:\/\/aconteceunovale.com.br\/portal\/wp-content\/uploads\/2016\/04\/acidente_porfirios_4.jpg\" alt=\"\" \/><\/p>\n<p><img decoding=\"async\" src=\"http:\/\/aconteceunovale.com.br\/portal\/wp-content\/uploads\/2016\/04\/acidente_porfirios_5.jpg\" alt=\"\" \/><\/p>\n<p><img decoding=\"async\" src=\"http:\/\/aconteceunovale.com.br\/portal\/wp-content\/uploads\/2016\/04\/acidente_porfirios_6.jpg\" alt=\"\" \/><\/p>\n<p><img decoding=\"async\" src=\"http:\/\/aconteceunovale.com.br\/portal\/wp-content\/uploads\/2016\/04\/acidente_porfirios_8.jpg\" alt=\"\" \/><\/p>\n<p><img decoding=\"async\" src=\"http:\/\/aconteceunovale.com.br\/portal\/wp-content\/uploads\/2016\/04\/acidente_211_itaipe_22_1.jpg\" alt=\"\" \/><\/p>\n<p><img decoding=\"async\" src=\"http:\/\/aconteceunovale.com.br\/portal\/wp-content\/uploads\/2016\/04\/acidente_211_itaipe_22_2.jpg\" alt=\"\" \/><\/p>\n<p><img decoding=\"async\" src=\"http:\/\/aconteceunovale.com.br\/portal\/wp-content\/uploads\/2016\/04\/acidente_211_itaipe_22_3.jpg\" alt=\"\" \/><\/p>\n<p><img decoding=\"async\" src=\"http:\/\/aconteceunovale.com.br\/portal\/wp-content\/uploads\/2016\/04\/acidente_211_itaipe_22_4.jpg\" alt=\"\" \/><\/p>\n<p><img decoding=\"async\" src=\"http:\/\/aconteceunovale.com.br\/portal\/wp-content\/uploads\/2016\/04\/acidente_211_itaipe_22_5.jpg\" alt=\"\" \/><\/p>\n<p><img decoding=\"async\" src=\"http:\/\/aconteceunovale.com.br\/portal\/wp-content\/uploads\/2016\/04\/acidente_211_itaipe_22_6.jpg\" alt=\"\" \/><em>(Fotos: Reprodu\u00e7\u00e3o \/ WhastApp)<\/em><\/p>\n","protected":false},"excerpt":{"rendered":"<p>Uma crian\u00e7a de 12 anos morreu em um acidente na manh\u00e3 desta sexta-feira, 22 de abril, na MG-211, no povoado de Santa B\u00e1rbara (Porf\u00edrios), munic\u00edpio de Catuji, no Vale do Mucuri. De acordo informa\u00e7\u00f5es da Pol\u00edcia Rodovi\u00e1ria Estadual, o condutor de uma composi\u00e7\u00e3o bi-trem, carregada com toras de eucalipto, seguia no sentido Itaip\u00e9\/BR-116, quando perdeu [&hellip;]<\/p>\n","protected":false},"author":1,"featured_media":85050,"comment_status":"open","ping_status":"closed","sticky":false,"template":"","format":"standard","meta":{"amp_status":"","footnotes":""},"categories":[122],"tags":[89838,89839,89837,89937,89936,89938,29268,89833,89832,89834,89835,89934,89836,89831,89830,660,1018,574,164,89935],"class_list":["post-84998","post","type-post","status-publish","format-standard","has-post-thumbnail","hentry","category-mucuri","tag-acidente-carreta-de-madeira-em-catuji","tag-acidente-carreta-de-madeira-na-mg-211","tag-acidente-carreta-de-madeira-nos-porfirios","tag-acidente-carreta-paineiras","tag-acidente-carreta-suzano","tag-acidente-com-carreta-da-suzano-papel-e-celulose","tag-acidente-em-catuji","tag-acidente-na-mg-211","tag-acidente-nos-porfirios","tag-acidente-perto-de-itaipe","tag-acidente-perto-dos-porfirios","tag-carlos-resende-da-silva","tag-carreta-carregada-de-madeira-tomba-e-mata-crianca-na-mg-211","tag-carreta-carregada-de-madeira-tomba-e-mata-crianca-na-mg-211-em-porfirios","tag-carreta-carregada-de-madeira-tomba-e-mata-crianca-na-mg-211-no-vale-do-mucuri","tag-catuji","tag-destaque","tag-homem-e-preso-apos-decapitar-mae-na-frente-do-irmao-de-12-anos-no-vale-do-mucuri","tag-teofilo-otoni","tag-vanessa-moreira-dos-santos"],"_links":{"self":[{"href":"https:\/\/aconteceunovale.com.br\/portal\/index.php?rest_route=\/wp\/v2\/posts\/84998","targetHints":{"allow":["GET"]}}],"collection":[{"href":"https:\/\/aconteceunovale.com.br\/portal\/index.php?rest_route=\/wp\/v2\/posts"}],"about":[{"href":"https:\/\/aconteceunovale.com.br\/portal\/index.php?rest_route=\/wp\/v2\/types\/post"}],"author":[{"embeddable":true,"href":"https:\/\/aconteceunovale.com.br\/portal\/index.php?rest_route=\/wp\/v2\/users\/1"}],"replies":[{"embeddable":true,"href":"https:\/\/aconteceunovale.com.br\/portal\/index.php?rest_route=%2Fwp%2Fv2%2Fcomments&post=84998"}],"version-history":[{"count":0,"href":"https:\/\/aconteceunovale.com.br\/portal\/index.php?rest_route=\/wp\/v2\/posts\/84998\/revisions"}],"wp:featuredmedia":[{"embeddable":true,"href":"https:\/\/aconteceunovale.com.br\/portal\/index.php?rest_route=\/wp\/v2\/media\/85050"}],"wp:attachment":[{"href":"https:\/\/aconteceunovale.com.br\/portal\/index.php?rest_route=%2Fwp%2Fv2%2Fmedia&parent=84998"}],"wp:term":[{"taxonomy":"category","embeddable":true,"href":"https:\/\/aconteceunovale.com.br\/portal\/index.php?rest_route=%2Fwp%2Fv2%2Fcategories&post=84998"},{"taxonomy":"post_tag","embeddable":true,"href":"https:\/\/aconteceunovale.com.br\/portal\/index.php?rest_route=%2Fwp%2Fv2%2Ftags&post=84998"}],"curies":[{"name":"wp","href":"https:\/\/api.w.org\/{rel}","templated":true}]}}