{"id":84993,"date":"2016-04-22T00:00:36","date_gmt":"2016-04-22T03:00:36","guid":{"rendered":"http:\/\/aconteceunovale.com.br\/portal\/?p=84993"},"modified":"2016-04-22T00:08:05","modified_gmt":"2016-04-22T03:08:05","slug":"carreta-carregada-de-madeira-pega-fogo-na-br-418-em-teofilo-otoni","status":"publish","type":"post","link":"https:\/\/aconteceunovale.com.br\/portal\/?p=84993","title":{"rendered":"Carreta carregada de madeira pega fogo na BR-418, em Te\u00f3filo Otoni"},"content":{"rendered":"<p>Uma carreta carregada de madeira pegou fogo na madrugada dessa quinta-feira, 21 de abril, na altura do quil\u00f4metro 119 da BR-418, munic\u00edpio de Te\u00f3filo Otoni, no Vale do Mucuri. De acordo com a Pol\u00edcia Rodovi\u00e1ria Estadual, o motorista Emerson J.F.M relatou que transitava no sentido Te\u00f3filo Otoni\/Carlos Chagas, quando percebeu que uma das rodas de um dos semirreboques estava pegando fogo.<\/p>\n<p>O caminhoneiro parou a composi\u00e7\u00e3o e conseguiu salvar apenas a unidade tratora. O fogo consumiu os dois semirreboques, que estavam carregados de eucalipto em toras. <\/p>\n<p>Uma equipe do Corpo de Bombeiros compareceu ao local e realizou o rescaldo do inc\u00eandio. A empresa respons\u00e1vel pela carga se responsabilizou pela retirada dos ve\u00edculos e os restos da carga que permaneceram na via.<\/p>\n<p><img decoding=\"async\" src=\"http:\/\/aconteceunovale.com.br\/portal\/wp-content\/uploads\/2016\/04\/incendio_teo_1.jpg\" alt=\"\" \/><em>Carreta pegou fogo no km 119 da BR-418 (Foto: Te\u00f3filo Otoni 24 Horas \/ WhatsApp)<\/em><br \/>\n<\/br><\/p>\n<p><img decoding=\"async\" src=\"http:\/\/aconteceunovale.com.br\/portal\/wp-content\/uploads\/2016\/04\/incendio_teo_2.jpg\" alt=\"\" \/><em>Carreta pegou fogo no km 119 da BR-418 (Foto: Te\u00f3filo Otoni 24 Horas \/ WhatsApp)<\/em><\/p>\n","protected":false},"excerpt":{"rendered":"<p>Uma carreta carregada de madeira pegou fogo na madrugada dessa quinta-feira, 21 de abril, na altura do quil\u00f4metro 119 da BR-418, munic\u00edpio de Te\u00f3filo Otoni, no Vale do Mucuri. De acordo com a Pol\u00edcia Rodovi\u00e1ria Estadual, o motorista Emerson J.F.M relatou que transitava no sentido Te\u00f3filo Otoni\/Carlos Chagas, quando percebeu que uma das rodas de [&hellip;]<\/p>\n","protected":false},"author":1,"featured_media":84994,"comment_status":"open","ping_status":"closed","sticky":false,"template":"","format":"standard","meta":{"amp_status":"","footnotes":""},"categories":[122],"tags":[89824,1175,89823,89825,89829,89828,89827,89826,164],"class_list":["post-84993","post","type-post","status-publish","format-standard","has-post-thumbnail","hentry","category-mucuri","tag-br-418-em-teofilo-otoni","tag-carlos-chagas","tag-carreta-carregada-de-madeira-pega-fogo-na-br-418-em-teofilo-otoni","tag-carreta-pega-fogo-na-br-418-em-teofilo-otoni","tag-emerson-jose-de-freitas-miguel","tag-incendio-carreta-emerson-jose-de-freitas-miguel","tag-incendio-carreta-macplan","tag-incendio-em-carreta-na-br-418-em-teofilo-otoni","tag-teofilo-otoni"],"_links":{"self":[{"href":"https:\/\/aconteceunovale.com.br\/portal\/index.php?rest_route=\/wp\/v2\/posts\/84993","targetHints":{"allow":["GET"]}}],"collection":[{"href":"https:\/\/aconteceunovale.com.br\/portal\/index.php?rest_route=\/wp\/v2\/posts"}],"about":[{"href":"https:\/\/aconteceunovale.com.br\/portal\/index.php?rest_route=\/wp\/v2\/types\/post"}],"author":[{"embeddable":true,"href":"https:\/\/aconteceunovale.com.br\/portal\/index.php?rest_route=\/wp\/v2\/users\/1"}],"replies":[{"embeddable":true,"href":"https:\/\/aconteceunovale.com.br\/portal\/index.php?rest_route=%2Fwp%2Fv2%2Fcomments&post=84993"}],"version-history":[{"count":0,"href":"https:\/\/aconteceunovale.com.br\/portal\/index.php?rest_route=\/wp\/v2\/posts\/84993\/revisions"}],"wp:featuredmedia":[{"embeddable":true,"href":"https:\/\/aconteceunovale.com.br\/portal\/index.php?rest_route=\/wp\/v2\/media\/84994"}],"wp:attachment":[{"href":"https:\/\/aconteceunovale.com.br\/portal\/index.php?rest_route=%2Fwp%2Fv2%2Fmedia&parent=84993"}],"wp:term":[{"taxonomy":"category","embeddable":true,"href":"https:\/\/aconteceunovale.com.br\/portal\/index.php?rest_route=%2Fwp%2Fv2%2Fcategories&post=84993"},{"taxonomy":"post_tag","embeddable":true,"href":"https:\/\/aconteceunovale.com.br\/portal\/index.php?rest_route=%2Fwp%2Fv2%2Ftags&post=84993"}],"curies":[{"name":"wp","href":"https:\/\/api.w.org\/{rel}","templated":true}]}}