{"id":84985,"date":"2016-04-21T22:46:37","date_gmt":"2016-04-22T01:46:37","guid":{"rendered":"http:\/\/aconteceunovale.com.br\/portal\/?p=84985"},"modified":"2016-04-21T22:46:37","modified_gmt":"2016-04-22T01:46:37","slug":"motorista-de-caminhao-morre-em-acidente-na-br-381","status":"publish","type":"post","link":"https:\/\/aconteceunovale.com.br\/portal\/?p=84985","title":{"rendered":"Motorista de caminh\u00e3o morre em acidente na BR-381"},"content":{"rendered":"<p>O motorista de um caminh\u00e3o morreu em um acidente na manh\u00e3 desta quinta-feira (21\/4) na BR-381, em Oliveira, na Regi\u00e3o Centro-Oeste de Minas Gerais. A pista ficou parcialmente fechada por aproximadamente seis horas para o atendimento da ocorr\u00eancia. O Corpo de Bombeiros teve dificuldade devido a instabilidade do ve\u00edculo, que amea\u00e7ava cair em um buraco. <\/p>\n<p>O acidente aconteceu por volta das 10h30. Segundo o Corpo de Bombeiros, o ve\u00edculo seguia no sentido S\u00e3o Paulo \/ Belo Horizonte quando o motorista perdeu o controle da dire\u00e7\u00e3o. O caminh\u00e3o saiu da pista e bateu em uma \u00e1rvore. Edson Pereira Alves, de 30 anos, ficou preso \u00e0s ferragens e morreu na hora. As causas do acidente ainda est\u00e3o sendo apuradas. <\/p>\n<p>Os militares tiveram dificuldades para acessar a cabine do caminh\u00e3o. \u201cTivemos que utilizar caminh\u00f5es guincho para segurar o ve\u00edculo, pois ele estava inst\u00e1vel e amea\u00e7ando tombar e cair em um buraco. Com o apoio da autopista Fern\u00e3o Dias (concession\u00e1ria respons\u00e1vel pela rodovia), conseguimos encerrar a ocorr\u00eancia \u00e0s 16h30\u201d, afirmou o sargento Paulo M\u00e1rcio. <\/p>\n<p>O corpo da v\u00edtima foi encaminhado para uma funer\u00e1ria da cidade. Ele deve ser levado para Fortuna de Minas, na Regi\u00e3o Central do Estado, onde deve ser velado e sepultado.<\/p>\n<p><img decoding=\"async\" src=\"http:\/\/aconteceunovale.com.br\/portal\/wp-content\/uploads\/2016\/04\/acidente_381_1.jpg\" alt=\"\" \/><em>Acidente aconteceu na BR-381, em Oliveira (Foto: Internauta \/ WhatsApp)<\/em><br \/>\n<\/br><\/p>\n<p><img decoding=\"async\" src=\"http:\/\/aconteceunovale.com.br\/portal\/wp-content\/uploads\/2016\/04\/acidente_381_2.jpg\" alt=\"\" \/><em>Acidente aconteceu na BR-381, em Oliveira (Foto: Internauta \/ WhatsApp)<\/em><br \/>\n<\/br><\/p>\n<p><img decoding=\"async\" src=\"http:\/\/aconteceunovale.com.br\/portal\/wp-content\/uploads\/2016\/04\/acidente_381_3.jpg\" alt=\"\" \/><em>Acidente aconteceu na BR-381, em Oliveira (Foto: Internauta \/ WhatsApp)<\/em><br \/>\n<\/br><\/p>\n<p><img decoding=\"async\" src=\"http:\/\/aconteceunovale.com.br\/portal\/wp-content\/uploads\/2016\/04\/acidente_381_4.jpg\" alt=\"\" \/><em>Acidente aconteceu na BR-381, em Oliveira (Foto: Internauta \/ WhatsApp)<\/em><br \/>\n<\/br><\/p>\n<p><img decoding=\"async\" src=\"http:\/\/aconteceunovale.com.br\/portal\/wp-content\/uploads\/2016\/04\/acidente_381_5.jpg\" alt=\"\" \/><em>Acidente aconteceu na BR-381, em Oliveira (Foto: Internauta \/ WhatsApp)<\/em><br \/>\n<\/br><\/p>\n<p><img decoding=\"async\" src=\"http:\/\/aconteceunovale.com.br\/portal\/wp-content\/uploads\/2016\/04\/acidente_381_6.jpg\" alt=\"\" \/><em>Acidente aconteceu na BR-381, em Oliveira (Foto: Internauta \/ WhatsApp)<\/em><br \/>\n<\/br><\/p>\n<p><em>(Fonte: Estado de Minas \/ Rep\u00f3rter: Jo\u00e3o Henrique do Vale)<\/em><\/p>\n","protected":false},"excerpt":{"rendered":"<p>O motorista de um caminh\u00e3o morreu em um acidente na manh\u00e3 desta quinta-feira (21\/4) na BR-381, em Oliveira, na Regi\u00e3o Centro-Oeste de Minas Gerais. A pista ficou parcialmente fechada por aproximadamente seis horas para o atendimento da ocorr\u00eancia. O Corpo de Bombeiros teve dificuldade devido a instabilidade do ve\u00edculo, que amea\u00e7ava cair em um buraco. [&hellip;]<\/p>\n","protected":false},"author":1,"featured_media":84990,"comment_status":"open","ping_status":"closed","sticky":false,"template":"","format":"standard","meta":{"amp_status":"","footnotes":""},"categories":[123],"tags":[89817,89813,89814,89822,8237,89821,28208,89816,89812,30023,89818,89815,89819,89820],"class_list":["post-84985","post","type-post","status-publish","format-standard","has-post-thumbnail","hentry","category-gerais","tag-acidente-com-caminhoneiro-de-fortuna-de-minas","tag-acidente-com-edson-pereira-alves","tag-acidente-com-o-caminhoneiro-edson-pereira-alves","tag-acidente-em-oliveira","tag-acidente-na-br-381","tag-acidente-na-br-381-em-oliveira","tag-autopista-fernao-dias","tag-caminhoneiro-edson-pereira-alves","tag-edson-pereira-alves","tag-fortuna-de-minas","tag-morte-de-caminhoneiro-de-fortuna-de-minas","tag-morte-do-caminhoneiro-edson-pereira-alves","tag-motorista-de-caminhao-morre-em-acidente-na-br-381","tag-motorista-de-caminhao-morre-em-acidente-na-br-381-em-oliveira"],"_links":{"self":[{"href":"https:\/\/aconteceunovale.com.br\/portal\/index.php?rest_route=\/wp\/v2\/posts\/84985","targetHints":{"allow":["GET"]}}],"collection":[{"href":"https:\/\/aconteceunovale.com.br\/portal\/index.php?rest_route=\/wp\/v2\/posts"}],"about":[{"href":"https:\/\/aconteceunovale.com.br\/portal\/index.php?rest_route=\/wp\/v2\/types\/post"}],"author":[{"embeddable":true,"href":"https:\/\/aconteceunovale.com.br\/portal\/index.php?rest_route=\/wp\/v2\/users\/1"}],"replies":[{"embeddable":true,"href":"https:\/\/aconteceunovale.com.br\/portal\/index.php?rest_route=%2Fwp%2Fv2%2Fcomments&post=84985"}],"version-history":[{"count":0,"href":"https:\/\/aconteceunovale.com.br\/portal\/index.php?rest_route=\/wp\/v2\/posts\/84985\/revisions"}],"wp:featuredmedia":[{"embeddable":true,"href":"https:\/\/aconteceunovale.com.br\/portal\/index.php?rest_route=\/wp\/v2\/media\/84990"}],"wp:attachment":[{"href":"https:\/\/aconteceunovale.com.br\/portal\/index.php?rest_route=%2Fwp%2Fv2%2Fmedia&parent=84985"}],"wp:term":[{"taxonomy":"category","embeddable":true,"href":"https:\/\/aconteceunovale.com.br\/portal\/index.php?rest_route=%2Fwp%2Fv2%2Fcategories&post=84985"},{"taxonomy":"post_tag","embeddable":true,"href":"https:\/\/aconteceunovale.com.br\/portal\/index.php?rest_route=%2Fwp%2Fv2%2Ftags&post=84985"}],"curies":[{"name":"wp","href":"https:\/\/api.w.org\/{rel}","templated":true}]}}