{"id":84980,"date":"2016-04-21T22:05:04","date_gmt":"2016-04-22T01:05:04","guid":{"rendered":"http:\/\/aconteceunovale.com.br\/portal\/?p=84980"},"modified":"2016-04-22T18:59:18","modified_gmt":"2016-04-22T21:59:18","slug":"morador-de-rua-aprovado-em-1o-lugar-em-concurso-de-prefeitura-mineira-e-preso-por-furto","status":"publish","type":"post","link":"https:\/\/aconteceunovale.com.br\/portal\/?p=84980","title":{"rendered":"Morador de rua aprovado em 1\u00ba lugar em concurso de prefeitura mineira \u00e9 preso por furto"},"content":{"rendered":"<p>O morador de rua que passou em primeiro lugar em um concurso p\u00fablico em Patos de Minas, no Alto Parana\u00edba, foi preso nessa quinta-feira (21\/4) por furto. Valter Fonseca dos Santos, de 41 anos, foi liberado ap\u00f3s pagar fian\u00e7a e negou o crime.<\/p>\n<p>Conforme o boletim de ocorr\u00eancia da Pol\u00edcia Militar (PM), a v\u00edtima, uma mulher de 20 anos, estava em um ponto de \u00f4nibus no bairro Ros\u00e1rio, na manh\u00e3 de quinta-feira, mexendo distraidamente no celular. Enquanto isso, algu\u00e9m passou e pegou a mala, que estava no ch\u00e3o e tinha alguns objetos de valor como o notebook dela.<\/p>\n<p>Aos militares, a v\u00edtima disse que n\u00e3o seria capaz de descrever o autor porque n\u00e3o o viu. Mas em um rastreamento feito pela pol\u00edcia, a mala foi encontrada em um lote vago, a 50 metros de dist\u00e2ncia do local do furto. O mesmo lote onde Valter Fonseca dorme e guarda seus pertences.<\/p>\n<p>Ele foi encontrado no local mexendo na mala e acabou sendo preso pelo crime, mas negou que seja o autor. Na delegacia, ele afirmou que foi ao lote para buscar algumas roupas quando viu a mala ali com alguns objetos para fora.<\/p>\n<p>Empossado no in\u00edcio do m\u00eas, atualmente, o morador de rua trabalha como coveiro no cemit\u00e9rio da cidade, ap\u00f3s passar em primeiro lugar para o cargo. A prefeitura da cidade informou que a passagem pela pol\u00edcia n\u00e3o influi em sua nomea\u00e7\u00e3o, j\u00e1 que ele n\u00e3o foi condenado.<\/p>\n<p>Um conhecido de Valter, que preferiu n\u00e3o se identificar, duvida que o morador de rua tenha sido o autor do crime. &#8220;Ele sempre sofreu muita discrimina\u00e7\u00e3o por ser morador de rua, negro, nordestino. E isso piorou quando ele passou no concurso, ele era xingado na rua, rebaixado por ter passado para o cargo de coveiro. Isso o deixava muito desmotivado e deprimido. Ele j\u00e1 chegou a ser agredido na rua. Agora, voc\u00ea acha que uma pessoa que ficou 14 anos na rua, passando fome e frio, dormindo no ch\u00e3o, sem nunca ter tido uma passagem sequer pela pol\u00edcia, seria t\u00e3o inconsequente assim logo ao conseguir um emprego?&#8221;. <\/p>\n<p><img decoding=\"async\" src=\"http:\/\/aconteceunovale.com.br\/portal\/wp-content\/uploads\/2016\/04\/morador_de_rua.jpg\" alt=\"\" \/><em>Valter estudava em bancos de pra\u00e7a (Foto: Selma Cruz \/ Prefeitura de Patos de Minas)<\/em><br \/>\n<\/br><\/p>\n<p><em>(Fonte: O Tempo)<\/em><\/p>\n","protected":false},"excerpt":{"rendered":"<p>O morador de rua que passou em primeiro lugar em um concurso p\u00fablico em Patos de Minas, no Alto Parana\u00edba, foi preso nessa quinta-feira (21\/4) por furto. Valter Fonseca dos Santos, de 41 anos, foi liberado ap\u00f3s pagar fian\u00e7a e negou o crime. Conforme o boletim de ocorr\u00eancia da Pol\u00edcia Militar (PM), a v\u00edtima, uma [&hellip;]<\/p>\n","protected":false},"author":1,"featured_media":84981,"comment_status":"open","ping_status":"closed","sticky":false,"template":"","format":"standard","meta":{"amp_status":"","footnotes":""},"categories":[123],"tags":[22236,89810,68973,68975,68974,68972,68976,214,68971,89811],"class_list":["post-84980","post","type-post","status-publish","format-standard","has-post-thumbnail","hentry","category-gerais","tag-ilheus","tag-morador-de-rua-aprovado-em-1o-lugar-em-concurso-de-prefeitura-mineira-e-preso-por-furto","tag-morador-de-rua-aprovado-em-concurso","tag-morador-de-rua-aprovado-em-concurso-da-prefeitura-de-patos-de-minas","tag-morador-de-rua-aprovado-em-concurso-em-pocos-de-caldas","tag-morador-de-rua-e-aprovado-em-1o-lugar-em-concurso-publico-realizado-em-minas-gerais","tag-morador-de-rua-patos-de-minas","tag-patos-de-minas","tag-valter-fonseca","tag-valter-fonseca-dos-santos"],"_links":{"self":[{"href":"https:\/\/aconteceunovale.com.br\/portal\/index.php?rest_route=\/wp\/v2\/posts\/84980","targetHints":{"allow":["GET"]}}],"collection":[{"href":"https:\/\/aconteceunovale.com.br\/portal\/index.php?rest_route=\/wp\/v2\/posts"}],"about":[{"href":"https:\/\/aconteceunovale.com.br\/portal\/index.php?rest_route=\/wp\/v2\/types\/post"}],"author":[{"embeddable":true,"href":"https:\/\/aconteceunovale.com.br\/portal\/index.php?rest_route=\/wp\/v2\/users\/1"}],"replies":[{"embeddable":true,"href":"https:\/\/aconteceunovale.com.br\/portal\/index.php?rest_route=%2Fwp%2Fv2%2Fcomments&post=84980"}],"version-history":[{"count":0,"href":"https:\/\/aconteceunovale.com.br\/portal\/index.php?rest_route=\/wp\/v2\/posts\/84980\/revisions"}],"wp:featuredmedia":[{"embeddable":true,"href":"https:\/\/aconteceunovale.com.br\/portal\/index.php?rest_route=\/wp\/v2\/media\/84981"}],"wp:attachment":[{"href":"https:\/\/aconteceunovale.com.br\/portal\/index.php?rest_route=%2Fwp%2Fv2%2Fmedia&parent=84980"}],"wp:term":[{"taxonomy":"category","embeddable":true,"href":"https:\/\/aconteceunovale.com.br\/portal\/index.php?rest_route=%2Fwp%2Fv2%2Fcategories&post=84980"},{"taxonomy":"post_tag","embeddable":true,"href":"https:\/\/aconteceunovale.com.br\/portal\/index.php?rest_route=%2Fwp%2Fv2%2Ftags&post=84980"}],"curies":[{"name":"wp","href":"https:\/\/api.w.org\/{rel}","templated":true}]}}